{"id":6402,"date":"2024-12-29T12:04:20","date_gmt":"2024-12-29T06:34:20","guid":{"rendered":"https:\/\/swisstinychalet.ch\/neuch\/limpact-social-du-mouvement-zero-dechet"},"modified":"2024-12-29T12:04:20","modified_gmt":"2024-12-29T06:34:20","slug":"limpact-social-du-mouvement-zero-dechet","status":"publish","type":"post","link":"https:\/\/swisstinychalet.ch\/neuch\/limpact-social-du-mouvement-zero-dechet","title":{"rendered":"L&#8217;impact social du mouvement z\u00e9ro d\u00e9chet"},"content":{"rendered":"\n\n<p>Le mouvement <strong>z\u00e9ro d\u00e9chet<\/strong> s&#8217;inscrit dans une d\u00e9marche ayant un impact social significatif en promouvant une <strong>responsabilit\u00e9 environnementale<\/strong> collective. En int\u00e9grant des pratiques \u00e9coresponsables, il sensibilise les communaut\u00e9s aux enjeux li\u00e9s \u00e0 la gestion des d\u00e9chets tout en favorisant la <strong>r\u00e9duction des in\u00e9galit\u00e9s<\/strong> sociales. Ce mouvement encourage \u00e9galement la <strong>solidarit\u00e9<\/strong> et inspire des comportements alternatifs, notamment \u00e0 travers l&#8217;\u00e9ducation et des initiatives locales. En adoptant une approche inclusive, le z\u00e9ro d\u00e9chet permet \u00e0 chacun de devenir acteur du changement, cr\u00e9ant ainsi une dynamique participative pour un futur plus durable.<\/p>\n\n\n<figure class=\"wp-block-embed is-type-video is-provider-youtube wp-block-embed-youtube wp-embed-aspect-16-9 wp-has-aspect-ratio\">\n<div class=\"wp-block-embed__wrapper\">\n<iframe title=\"Pand\u00e9mie et z\u00e9ro d\u00e9chet : Un an plus tard\" width=\"1200\" height=\"675\" src=\"https:\/\/www.youtube-nocookie.com\/embed\/RD1g2E0gNoc?feature=oembed\" frameborder=\"0\" allow=\"accelerometer; autoplay; clipboard-write; encrypted-media; gyroscope; picture-in-picture; web-share\" referrerpolicy=\"strict-origin-when-cross-origin\" allowfullscreen><\/iframe>\n<\/div>\n<\/figure>\n\n\n\n<h2 class=\"wp-block-heading\">Une nouvelle philosophie de vie<\/h2>\n\n\n<p>Le mouvement <strong>z\u00e9ro d\u00e9chet<\/strong> se d\u00e9veloppe parmi une multitude de personnes qui souhaitent changer leurs habitudes en faveur d&#8217;un avenir plus durable. En adoptant cette d\u00e9marche, on ne se limite pas \u00e0 r\u00e9duire les d\u00e9chets, mais on participe \u00e9galement \u00e0 la cr\u00e9ation d&#8217;une soci\u00e9t\u00e9 plus responsable.<\/p>\n\n\n<h2 class=\"wp-block-heading\">\u00c9conomie locale et solidarit\u00e9<\/h2>\n\n\n<p>Ce mouvement encourage l&#8217;\u00e9mergence d&#8217;initiatives communautaires, favorisant les <strong>circuits courts<\/strong> et la solidarit\u00e9 entre les citoyens. Les locaux qui pr\u00e9f\u00e8rent acheter aupr\u00e8s de producteurs proches renforcent ainsi l&#8217;\u00e9conomie r\u00e9gionale. En parall\u00e8le, des groupes se forment pour partager des conseils et des astuces afin de r\u00e9duire les d\u00e9chets, cr\u00e9ant un esprit d\u2019entraide qui unit les individus autour d&#8217;une cause commune.<\/p>\n\n\n<h2 class=\"wp-block-heading\">\u00c9ducation et sensibilisation<\/h2>\n\n\n<p>En se concentrant sur la <strong>sensibilisation<\/strong> \u00e0 l&#8217;impact des d\u00e9chets sur l&#8217;environnement, le mouvement <strong>z\u00e9ro d\u00e9chet<\/strong> joue un r\u00f4le \u00e9ducatif important. Les campagnes de communication visent \u00e0 informer sur les gestes quotidiens capables de diminuer la production de d\u00e9chets. Par exemple, le recyclage ne doit pas \u00eatre la seule solution, mais plut\u00f4t le dernier recours, apr\u00e8s avoir <strong>r\u00e9duit<\/strong> et <strong>r\u00e9utilis\u00e9<\/strong>. Pour en savoir plus sur les pratiques \u00e0 privil\u00e9gier, consultez les <a href=\"https:\/\/swisstinychalet.ch\/neuch\/les-5-r-du-zero-dechet-reduire-reutiliser-recycler\">5 R du z\u00e9ro d\u00e9chet<\/a>.<\/p>\n\n\n<h2 class=\"wp-block-heading\">Un engouement sur les r\u00e9seaux sociaux<\/h2>\n\n\n<p>Avec l&#8217;av\u00e8nement des plateformes comme Instagram, le mouvement <strong>z\u00e9ro d\u00e9chet<\/strong> a trouv\u00e9 un nouvel \u00e9lan. Les utilisateurs partagent leurs exp\u00e9riences et pratiques, inspirant ainsi une communaut\u00e9 grandissante. Chaque post devient une occasion de d\u00e9montrer qu&#8217;il est possible de vivre sans g\u00e9n\u00e9rer de d\u00e9chets excessifs, et cela touche un assez large public. <strong>Zero Waste France<\/strong>, par exemple, met l&#8217;accent sur l&#8217;importance de ces partages pour cr\u00e9er un changement significatif \u00e0 une \u00e9chelle plus vaste.<\/p>\n\n\n<h2 class=\"wp-block-heading\">Une d\u00e9marche collective r\u00e9ussie<\/h2>\n\n\n<p>Le succ\u00e8s du mouvement repose sur la capacit\u00e9 des individus \u00e0 se mobiliser ensemble. Cela implique parfois de remettre en question les habitudes de consommation \u00e9tablies et de s&#8217;orienter vers des pratiques plus durables. Les \u00e9v\u00e9nements de <strong>nettoyage<\/strong> de quartiers, organis\u00e9s par des groupes de citoyens, sont une illustration parfaite de cette dynamique. Ils permettent non seulement de ramasser des d\u00e9chets, mais aussi de cr\u00e9er du lien social et de sensibiliser \u00e0 la probl\u00e9matique des d\u00e9chets.<\/p>\n\n\n<h2 class=\"wp-block-heading\">Impliquer toute la famille<\/h2>\n\n\n<p>Pour que cette d\u00e9marche soit vraiment int\u00e9gr\u00e9e dans le quotidien, il est essentiel d&#8217;impliquer toute la famille. Chacun peut contribuer \u00e0 un mode de vie <strong>z\u00e9ro d\u00e9chet<\/strong>, en adaptant des pratiques \u00e0 trader. Pour des conseils sur comment impliquer vos proches, explorez les suggestions sur ce site : <a href=\"https:\/\/swisstinychalet.ch\/neuch\/zero-dechet-comment-impliquer-toute-la-famille\">comment impliquer toute la famille<\/a>.<\/p>\n\n\n<h2 class=\"wp-block-heading\">Des solutions cr\u00e9atives<\/h2>\n\n\n<p>De nombreuses <strong>initiatives locales<\/strong> \u00e9mergent pour promouvoir des solutions cr\u00e9atives li\u00e9s au <strong>z\u00e9ro d\u00e9chet<\/strong>. Qu&#8217;il s&#8217;agisse de compostage, d&#8217;ateliers de r\u00e9paration ou de fabrication de produits d&#8217;entretien bio, ces ressources incitent \u00e0 adopter un nouvel \u00e9tat d&#8217;esprit bas\u00e9 sur la consommation responsable. Pour des projets qui m\u00ealent cr\u00e9ativit\u00e9 et \u00e9coresponsabilit\u00e9, d\u00e9couvrez <a href=\"https:\/\/swisstinychalet.ch\/neuch\/faconner-une-table-zero-dechet-avec-des-diy\">fa\u00e7onner une table z\u00e9ro d\u00e9chet avec des DIY<\/a>.<\/p>\n\n\n<h2 class=\"wp-block-heading\">Pour aller plus loin<\/h2>\n\n\n<p>\u00c9coutez des podcasts sur les astuces et aspects vari\u00e9s du mode de vie <strong>z\u00e9ro d\u00e9chet<\/strong>, comme par exemple la cr\u00e9ation de cosm\u00e9tiques faits maison : <a href=\"https:\/\/swisstinychalet.ch\/neuch\/podcast-episode-4-de-notre-serie-zero-dechet-creation-de-cosmetiques-faits-maison\">cr\u00e9ation de cosm\u00e9tiques faits maison<\/a>. De quoi inspirer encore plus de monde \u00e0 s&#8217;engager pleinement dans cette d\u00e9marche collective pour un meilleur avenir.<\/p>\n\n\n\n<h2 class=\"wp-block-heading\">Le Mouvement Z\u00e9ro D\u00e9chet : Vers une soci\u00e9t\u00e9 plus \u00e9coresponsable<\/h2>\n\n\n<figure class=\"wp-block-table\">\n<table>\n<tbody>\n<tr>\n<td>\ud83c\udf0d<\/td>\n<td><strong>Le r\u00e9seau Zero Waste<\/strong> : Un engagement fort pour une vision collective du z\u00e9ro d\u00e9chet.<\/td>\n<\/tr>\n<tr>\n<td>\ud83d\udcf1<\/td>\n<td><strong>Impact des r\u00e9seaux sociaux<\/strong> : Une mont\u00e9e en puissance des mouvements \u00e9coresponsables \u00e0 grande \u00e9chelle.<\/td>\n<\/tr>\n<tr>\n<td>\u267b\ufe0f<\/td>\n<td><strong>Pratiques durables<\/strong> : Importance de mettre en avant les bonnes pratiques ayant un impact environnemental.<\/td>\n<\/tr>\n<tr>\n<td>\ud83d\udcb0<\/td>\n<td><strong>\u00c9conomie d&#8217;\u00e9chelle<\/strong> : R\u00e9duction des co\u00fbts li\u00e9s \u00e0 la gestion des d\u00e9chets.<\/td>\n<\/tr>\n<tr>\n<td>\ud83d\uddd1\ufe0f<\/td>\n<td><strong>Action individuelle<\/strong> : Le r\u00f4le des citoyens dans la lutte pour la protection de notre environnement.<\/td>\n<\/tr>\n<tr>\n<td>\ud83d\udce6<\/td>\n<td><strong>Compostage<\/strong> : Importance d&#8217;installer des espaces de compostage \u00e0 domicile ou dans la communaut\u00e9.<\/td>\n<\/tr>\n<tr>\n<td>\u270a<\/td>\n<td><strong>Inclusion sociale<\/strong> : La lutte pour le z\u00e9ro d\u00e9chet connect\u00e9e aux luttes contre les in\u00e9galit\u00e9s.<\/td>\n<\/tr>\n<tr>\n<td>\ud83d\udeae<\/td>\n<td><strong>D\u00e9marche z\u00e9ro d\u00e9chet<\/strong> : Objectif de minimiser les d\u00e9chets destin\u00e9s \u00e0 l&#8217;\u00e9limination.<\/td>\n<\/tr>\n<tr>\n<td>\ud83c\udf31<\/td>\n<td><strong>Cadeaux \u00e9coresponsables<\/strong> : Initiatives pour un No\u00ebl durable et des \u00e9changes sans d\u00e9chets.<\/td>\n<\/tr>\n<tr>\n<td>\ud83c\udfd9\ufe0f<\/td>\n<td><strong>D\u00e9fis urbains<\/strong> : Adapter la d\u00e9marche z\u00e9ro d\u00e9chet aux contraintes des milieux urbains.<\/td>\n<\/tr>\n<\/tbody>\n<\/table>\n<\/figure>\n","protected":false},"excerpt":{"rendered":"","protected":false},"author":8,"featured_media":0,"comment_status":"open","ping_status":"close","sticky":false,"template":"","format":"standard","meta":{"_seopress_robots_primary_cat":"","_seopress_titles_title":"","_seopress_titles_desc":"","_seopress_robots_index":"","footnotes":""},"categories":[1545],"tags":[],"class_list":["post-6402","post","type-post","status-publish","format-standard","hentry","category-neuchcup-fr","generate-columns","tablet-grid-50","mobile-grid-100","grid-parent","grid-33"],"_links":{"self":[{"href":"https:\/\/swisstinychalet.ch\/neuch\/wp-json\/wp\/v2\/posts\/6402","targetHints":{"allow":["GET"]}}],"collection":[{"href":"https:\/\/swisstinychalet.ch\/neuch\/wp-json\/wp\/v2\/posts"}],"about":[{"href":"https:\/\/swisstinychalet.ch\/neuch\/wp-json\/wp\/v2\/types\/post"}],"author":[{"embeddable":true,"href":"https:\/\/swisstinychalet.ch\/neuch\/wp-json\/wp\/v2\/users\/8"}],"replies":[{"embeddable":true,"href":"https:\/\/swisstinychalet.ch\/neuch\/wp-json\/wp\/v2\/comments?post=6402"}],"version-history":[{"count":0,"href":"https:\/\/swisstinychalet.ch\/neuch\/wp-json\/wp\/v2\/posts\/6402\/revisions"}],"wp:attachment":[{"href":"https:\/\/swisstinychalet.ch\/neuch\/wp-json\/wp\/v2\/media?parent=6402"}],"wp:term":[{"taxonomy":"category","embeddable":true,"href":"https:\/\/swisstinychalet.ch\/neuch\/wp-json\/wp\/v2\/categories?post=6402"},{"taxonomy":"post_tag","embeddable":true,"href":"https:\/\/swisstinychalet.ch\/neuch\/wp-json\/wp\/v2\/tags?post=6402"}],"curies":[{"name":"wp","href":"https:\/\/api.w.org\/{rel}","templated":true}]}}