{"id":6420,"date":"2024-12-30T12:49:55","date_gmt":"2024-12-30T07:19:55","guid":{"rendered":"https:\/\/swisstinychalet.ch\/neuch\/festival-de-la-transition-ecologique-apprenez-a-adopter-les-gestes-ecoresponsables-du-quotidien"},"modified":"2024-12-30T12:49:55","modified_gmt":"2024-12-30T07:19:55","slug":"festival-de-la-transition-ecologique-apprenez-a-adopter-les-gestes-ecoresponsables-du-quotidien","status":"publish","type":"post","link":"https:\/\/swisstinychalet.ch\/neuch\/festival-de-la-transition-ecologique-apprenez-a-adopter-les-gestes-ecoresponsables-du-quotidien","title":{"rendered":"Festival de la Transition \u00c9cologique : Apprenez \u00e0 adopter les gestes \u00e9coresponsables du quotidien"},"content":{"rendered":"\n\n<p>\t\tLe <strong>Festival de la Transition \u00c9cologique<\/strong> est un \u00e9v\u00e9nement grand public con\u00e7u pour sensibiliser chacun aux <strong>gestes \u00e9coresponsables<\/strong> du quotidien. \u00c0 travers diverses activit\u00e9s ludiques, les participants pourront d\u00e9couvrir des pratiques telles que la <strong>r\u00e9paration de v\u00e9los<\/strong>, la <strong>cuisine z\u00e9ro-d\u00e9chet<\/strong> et la fabrication de <strong>nichoirs<\/strong>. Le festival propose des conf\u00e9rences, des ateliers interactifs et des animations pour toute la famille, favorisant ainsi un <strong>partage de connaissances<\/strong> et une <strong>mobilisation collective<\/strong> en faveur de l&#8217;environnement.<\/p>\n\n\n<figure class=\"wp-block-embed is-type-video is-provider-youtube wp-block-embed-youtube wp-embed-aspect-16-9 wp-has-aspect-ratio\">\n<div class=\"wp-block-embed__wrapper\">\n<iframe title=\"Apprendre les gestes \u00e9cologiques \u00e0 l&#039;\u00e9cole | Ma Petite Plan\u00e8te | Share it\" width=\"1200\" height=\"900\" src=\"https:\/\/www.youtube-nocookie.com\/embed\/sQrE12ow3LQ?feature=oembed\" frameborder=\"0\" allow=\"accelerometer; autoplay; clipboard-write; encrypted-media; gyroscope; picture-in-picture; web-share\" referrerpolicy=\"strict-origin-when-cross-origin\" allowfullscreen><\/iframe>\n<\/div>\n<\/figure>\n\n\n\n<p>        L&#8217;\u00e9co-responsabilit\u00e9 se pr\u00e9sente comme une n\u00e9cessit\u00e9 pour pr\u00e9server notre environnement. Si vous vous interrogez sur les <strong>gestes simples<\/strong> qui peuvent faire la diff\u00e9rence, la <strong>Ville de B\u00e8gles<\/strong> et le <a href=\"https:\/\/estey.mairie-begles.fr\/\" target=\"_blank\">Centre social et culturel l&#8217;Estey<\/a> vous offrent une occasion id\u00e9ale. Un \u00e9v\u00e9nement ludique et interactif est consacr\u00e9 \u00e0 la d\u00e9couverte de ces pratiques essentielles.<\/p>\n\n\n<h2 class=\"wp-block-heading\">Un \u00e9v\u00e9nement pour toute la famille<\/h2>\n\n\n<p>        Le <strong>festival de la transition \u00e9cologique<\/strong> vous propose un programme riche et vari\u00e9. Il se d\u00e9roulera les <strong>22 et 23 novembre<\/strong> 2024, avec une diversit\u00e9 d&#8217;activit\u00e9s destin\u00e9es \u00e0 tous les \u00e2ges. Qu&#8217;il s&#8217;agisse de ateliers pratiques, de conf\u00e9rences ou m\u00eame de concerts, chacun trouvera une fa\u00e7on d&#8217;apprendre tout en s&#8217;amusant.<\/p>\n\n\n<h2 class=\"wp-block-heading\">Vendredi : soir\u00e9e conviviale autour de la cuisine<\/h2>\n\n\n<p>        Le vendredi s&#8217;ouvrira avec une <strong>conf\u00e9rence cuisin\u00e9e<\/strong> \u00e0 <strong>Chapit\u00d4<\/strong>, d\u00e8s 18h. Ce moment favorise les \u00e9changes autour des <strong>\u00e9cogestes<\/strong> tout en pr\u00e9parant ensemble une d\u00e9licieuse soupe. Gr\u00e2ce \u00e0 l&#8217;association VRAC, d\u00e9gustez vos cr\u00e9ations en discutant des enjeux de la r\u00e9duction des d\u00e9chets. La soir\u00e9e se terminera par un concert de <strong>Slowfest<\/strong>, qui vous plongera dans une ambiance relaxante.<\/p>\n\n\n<h2 class=\"wp-block-heading\">Samedi : un lieu d&#8217;apprentissage et de partage<\/h2>\n\n\n<p>        Le samedi, plusieurs stands vous attendent \u00e0 la salle <strong>Jean Lur\u00e7at<\/strong>. Ils vous permettront d&#8217;explorer des th\u00e8mes vari\u00e9s : <strong>alimentation<\/strong>, <strong>mobilit\u00e9<\/strong>, <strong>biodiversit\u00e9<\/strong> et bien d&#8217;autres. Une vingtaine d&#8217;associations vont partager des conseils utiles, des astuces pratiques et des tutoriels pour faciliter votre transition quotidienne. Vous disposerez \u00e9galement d&#8217;un <strong>espace enfants<\/strong>, d&#8217;un coin de d\u00e9tente et m\u00eame d&#8217;une <strong>exposition photo<\/strong> pour agr\u00e9menter votre exp\u00e9rience.<\/p>\n\n\n<p>        Des options de <strong>restauration sur place<\/strong> seront disponibles, permettant de savourer des plats locaux tout en soutenant les producteurs de la r\u00e9gion. Les divers stands permettront d&#8217;apprendre \u00e0 r\u00e9duire son impact \u00e9cologique tout en rencontrant des personnes partageant les m\u00eames pr\u00e9occupations.<\/p>\n\n\n<h2 class=\"wp-block-heading\">La participation \u00e0 l\u2019atelier de la monnaie<\/h2>\n\n\n<p>        Pour ceux qui souhaitent approfondir leurs connaissances, un <a href=\"https:\/\/fresquedelamonnaie.org\/\" target=\"_blank\">atelier<\/a> saura vous initier de mani\u00e8re ludique \u00e0 la compr\u00e9hension de la monnaie. Le rendez-vous est fix\u00e9 le <strong>samedi 23 novembre<\/strong> \u00e0 <strong>17h<\/strong>, salle <strong>Jean Lur\u00e7at<\/strong>. N\u2019h\u00e9sitez pas \u00e0 <a href=\"https:\/\/www.lagemme.org\/event\/fresque-de-la-monnaie-au-festival-de-la-transition-a-begles-2024-11-23-110\/register#scrollTop=0\" target=\"_blank\">vous inscrire ici<\/a>.<\/p>\n\n\n<h2 class=\"wp-block-heading\">Agir pour l&#8217;environnement au quotidien<\/h2>\n\n\n<p>        Au-del\u00e0 de ce festival, pourquoi ne pas int\u00e9grer ces pratiques dans votre quotidien ? Adopter des habitudes comme la <strong>cuisine de saison<\/strong>, la r\u00e9paration d&#8217;objet ou le <strong>douche express<\/strong> peut sembler insignifiant, mais chaque geste compte. Pour des conseils pratiques et des inspirations, des ressources en ligne comme <a href=\"https:\/\/swisstinychalet.ch\/neuch\/les-produits-ecoresponsables-a-privilegier\" target=\"_blank\">les produits \u00e9coresponsables<\/a> ou encore <a href=\"https:\/\/swisstinychalet.ch\/neuch\/le-pouvoir-des-bocaux-dans-une-cuisine-zero-dechet\" target=\"_blank\">le pouvoir des bocaux dans une cuisine z\u00e9ro d\u00e9chet<\/a> peuvent enrichir votre d\u00e9marche. Bien que ces initiatives puissent sembler limit\u00e9es, leur potentiel d\u2019effet cumulatif m\u00e9rite r\u00e9flexion.<\/p>\n\n\n<p>        Pour des id\u00e9es innovantes et inspirantes, visitez \u00e9galement <a href=\"https:\/\/swisstinychalet.ch\/neuch\/evenements-ecoresponsables-des-exemples-inspirants\" target=\"_blank\">cet article<\/a> qui propose des \u00e9v\u00e9nements \u00e0 impact positif sur notre plan\u00e8te. De m\u00eame, pensez \u00e0 explorer des <a href=\"https:\/\/swisstinychalet.ch\/neuch\/idees-de-cadeaux-ecoresponsables-notre-selection-des-20-incontournables-pour-2024\" target=\"_blank\">id\u00e9es de cadeaux \u00e9coresponsables<\/a> lors de vos prochaines c\u00e9l\u00e9brations. En misant sur des actes simples, nous pouvons collectivement contribuer \u00e0 un avenir meilleur. <\/p>\n\n\n<p>        N&#8217;oubliez pas non plus le <strong>troc<\/strong>, un moyen astucieux de r\u00e9duire les d\u00e9chets tout en \u00e9changeant des biens. D\u00e9couvrez quelques astuces sur <a href=\"https:\/\/swisstinychalet.ch\/neuch\/lart-du-troc-pour-reduire-les-dechets\" target=\"_blank\">l&#8217;art du troc<\/a>.<\/p>\n\n\n\n<figure class=\"wp-block-table\">\n<table>\n<tbody>\n<tr>\n<td>\ud83c\udf0d Th\u00e8me<\/td>\n<td>\ud83d\udcc5 D\u00e9tails<\/td>\n<\/tr>\n<tr>\n<td><strong>Initiatives \u00e9coresponsables<\/strong><\/td>\n<td>Achat de seconde main, cuisine de saison, d\u00e9placements \u00e0 v\u00e9lo, douche express.<\/td>\n<\/tr>\n<tr>\n<td><strong>\u00c9v\u00e9nement Grand Public<\/strong><\/td>\n<td>Festival de la transition \u00e9cologique organis\u00e9 par la Ville et le Centre social et culturel de B\u00e8gles.<\/td>\n<\/tr>\n<tr>\n<td><strong>Programme Familial<\/strong><\/td>\n<td>\n            <h4>Vendredi 22 novembre :<\/h4><p>\n            Conf\u00e9rence cuisin\u00e9e \u00e0 18h, suivie d&#8217;un concert de Slowfest.\n        <\/p><\/td>\n<\/tr>\n<tr>\n<td><strong>Ateliers et Animations<\/strong><\/td>\n<td>\n            <h4>Samedi 23 novembre :<\/h4><p>\n            Stands et ateliers sur la consommation, l&#8217;\u00e9nergie, le recyclage, biodiversit\u00e9, et plus. Restauration et espace enfants sur place.\n        <\/p><\/td>\n<\/tr>\n<tr>\n<td><strong>Atelier de la monnaie<\/strong><\/td>\n<td>Samedi 23 novembre de 17h \u00e0 17h salle Jean Lur\u00e7at.<\/td>\n<\/tr>\n<\/tbody>\n<\/table>\n<\/figure>\n\n\n<h2 class=\"wp-block-heading\">Samedi 23 novembre :<\/h2>\n","protected":false},"excerpt":{"rendered":"","protected":false},"author":10,"featured_media":6421,"comment_status":"open","ping_status":"close","sticky":false,"template":"","format":"standard","meta":{"_seopress_robots_primary_cat":"","_seopress_titles_title":"","_seopress_titles_desc":"","_seopress_robots_index":"","footnotes":""},"categories":[1545],"tags":[],"class_list":["post-6420","post","type-post","status-publish","format-standard","has-post-thumbnail","hentry","category-neuchcup-fr","generate-columns","tablet-grid-50","mobile-grid-100","grid-parent","grid-33"],"_links":{"self":[{"href":"https:\/\/swisstinychalet.ch\/neuch\/wp-json\/wp\/v2\/posts\/6420","targetHints":{"allow":["GET"]}}],"collection":[{"href":"https:\/\/swisstinychalet.ch\/neuch\/wp-json\/wp\/v2\/posts"}],"about":[{"href":"https:\/\/swisstinychalet.ch\/neuch\/wp-json\/wp\/v2\/types\/post"}],"author":[{"embeddable":true,"href":"https:\/\/swisstinychalet.ch\/neuch\/wp-json\/wp\/v2\/users\/10"}],"replies":[{"embeddable":true,"href":"https:\/\/swisstinychalet.ch\/neuch\/wp-json\/wp\/v2\/comments?post=6420"}],"version-history":[{"count":0,"href":"https:\/\/swisstinychalet.ch\/neuch\/wp-json\/wp\/v2\/posts\/6420\/revisions"}],"wp:featuredmedia":[{"embeddable":true,"href":"https:\/\/swisstinychalet.ch\/neuch\/wp-json\/wp\/v2\/media\/6421"}],"wp:attachment":[{"href":"https:\/\/swisstinychalet.ch\/neuch\/wp-json\/wp\/v2\/media?parent=6420"}],"wp:term":[{"taxonomy":"category","embeddable":true,"href":"https:\/\/swisstinychalet.ch\/neuch\/wp-json\/wp\/v2\/categories?post=6420"},{"taxonomy":"post_tag","embeddable":true,"href":"https:\/\/swisstinychalet.ch\/neuch\/wp-json\/wp\/v2\/tags?post=6420"}],"curies":[{"name":"wp","href":"https:\/\/api.w.org\/{rel}","templated":true}]}}