{"id":6448,"date":"2025-01-02T12:33:16","date_gmt":"2025-01-02T07:03:16","guid":{"rendered":"https:\/\/swisstinychalet.ch\/neuch\/les-initiatives-zero-dechet-a-travers-le-monde"},"modified":"2025-01-02T12:33:16","modified_gmt":"2025-01-02T07:03:16","slug":"les-initiatives-zero-dechet-a-travers-le-monde","status":"publish","type":"post","link":"https:\/\/swisstinychalet.ch\/neuch\/les-initiatives-zero-dechet-a-travers-le-monde","title":{"rendered":"Les initiatives z\u00e9ro d\u00e9chet \u00e0 travers le monde"},"content":{"rendered":"\n\n<p>Les <strong>initiatives z\u00e9ro d\u00e9chet<\/strong> se multiplient autour du globe, t\u00e9moignant d&#8217;une prise de conscience croissante face \u00e0 la n\u00e9cessit\u00e9 de r\u00e9duire les d\u00e9chets. Ce mouvement vise \u00e0 <strong>transformer nos modes de production<\/strong> et de consommation, encourageant notamment la <strong>r\u00e9duction<\/strong>, la <strong>r\u00e9utilisation<\/strong> et le <strong>recyclage<\/strong>. Des villes comme <strong>Capannori<\/strong> en Italie, ainsi que d&#8217;autres mod\u00e8les europ\u00e9ens tels que <strong>Ljubljana<\/strong> et <strong>Besan\u00e7on<\/strong>, illustrent ces efforts. \u00c0 l&#8217;\u00e9chelle mondiale, des pays comme <strong>Kiel<\/strong> en Allemagne se distinguent en devenant des exemples de <strong>z\u00e9ro d\u00e9chet<\/strong>. Des pratiques innovantes, telles que l&#8217;utilisation de <strong>furoshiki<\/strong> au Japon ou des feuilles de bananier en Tha\u00eflande, d\u00e9montrent la richesse et la diversit\u00e9 des solutions propos\u00e9es. \u00c0 travers ces initiatives, l&#8217;objectif est de cr\u00e9er des communaut\u00e9s plus durables et de minimiser les impacts environnementaux li\u00e9s \u00e0 la gestion des d\u00e9chets.<\/p>\n\n\n<figure class=\"wp-block-embed is-type-video is-provider-youtube wp-block-embed-youtube wp-embed-aspect-16-9 wp-has-aspect-ratio\">\n<div class=\"wp-block-embed__wrapper\">\n<iframe title=\"Vid\u00e9o d\u2019introduction - Mon Commerce alimentaire z\u00e9ro d\u00e9chet\" width=\"1200\" height=\"675\" src=\"https:\/\/www.youtube-nocookie.com\/embed\/v-ZOCLR-mWY?feature=oembed\" frameborder=\"0\" allow=\"accelerometer; autoplay; clipboard-write; encrypted-media; gyroscope; picture-in-picture; web-share\" referrerpolicy=\"strict-origin-when-cross-origin\" allowfullscreen><\/iframe>\n<\/div>\n<\/figure>\n\n\n\n<p>\u00c0 l&#8217;heure o\u00f9 la prise de conscience \u00e9cologique prend de l&#8217;ampleur, le mouvement <strong>z\u00e9ro d\u00e9chet<\/strong> commence \u00e0 voir le jour dans diff\u00e9rentes r\u00e9gions. Des villes, des communaut\u00e9s et m\u00eame des pays adoptent des pratiques visant \u00e0 r\u00e9duire leurs d\u00e9chets et \u00e0 promouvoir un mode de vie plus durable. Examinons quelques exemples inspirants qui montrent comment le <strong>z\u00e9ro d\u00e9chet<\/strong> peut transformer notre mani\u00e8re de vivre.<\/p>\n\n\n<h2 class=\"wp-block-heading\">Des pionniers du z\u00e9ro d\u00e9chet<\/h2>\n\n\n<p>En <strong>Italie<\/strong>, la ville de <strong>Capannori<\/strong> s&#8217;est impos\u00e9e comme un mod\u00e8le \u00e0 suivre. Gr\u00e2ce \u00e0 des politiques strictes de r\u00e9duction des d\u00e9chets, cette commune a r\u00e9ussi \u00e0 diminuer la quantit\u00e9 de d\u00e9tritus envoy\u00e9s \u00e0 la d\u00e9charge de mani\u00e8re significative. Ses efforts incluent des programmes de compostage et des initiatives de sensibilisation aupr\u00e8s des habitants.<\/p>\n\n\n<p>Au-del\u00e0 de ses fronti\u00e8res, <strong>Ljubljana<\/strong>, la capitale de la <strong>Slov\u00e9nie<\/strong>, a \u00e9t\u00e9 la premi\u00e8re capitale europ\u00e9enne \u00e0 d\u00e9clarer un objectif z\u00e9ro d\u00e9chet. Elle a mis en place des infrastructures favorisant le recyclage et la r\u00e9utilisation, comme des points de collecte de d\u00e9chets facilement accessibles qui encouragent le citoyen \u00e0 participer activement.<\/p>\n\n\n<h2 class=\"wp-block-heading\">Un tour du monde des pratiques innovantes<\/h2>\n\n\n<p>\u00c0 <strong>Duba\u00ef<\/strong>, la ville s&#8217;est engag\u00e9e \u00e0 transformer 100% de ses d\u00e9chets en ressources. En initiant des programmes de recyclage innovants, les responsables visent \u00e0 r\u00e9utiliser les mat\u00e9riaux au maximum. Dans le <strong>nord de l&#8217;Europe<\/strong>, la ville de <strong>Copenhague<\/strong> a \u00e9galement pris des mesures audacieuses pour r\u00e9duire son empreinte \u00e9cologique, s&#8217;appuyant sur la cr\u00e9ativit\u00e9 locale pour faire \u00e9voluer les mentalit\u00e9s.<\/p>\n\n\n<p>Des initiatives remarquables sont \u00e9galement \u00e0 noter en <strong>Tha\u00eflande<\/strong> o\u00f9 des feuilles de bananier sont utilis\u00e9es comme emballages \u00e9cologiques, rempla\u00e7ant efficacement le plastique dans certains secteurs. Les habitants se tournent vers la nature pour trouver des solutions adapt\u00e9es \u00e0 leur environnement.<\/p>\n\n\n<h2 class=\"wp-block-heading\">Les b\u00e9n\u00e9fices d&#8217;un mode de vie z\u00e9ro d\u00e9chet<\/h2>\n\n\n<p>Adopter des pratiques <strong>z\u00e9ro d\u00e9chet<\/strong> ne se limite pas simplement \u00e0 r\u00e9duire les d\u00e9chets. Cela renforce \u00e9galement le tissu social en cr\u00e9ant des communaut\u00e9s engag\u00e9es, o\u00f9 le partage et la collaboration deviennent des valeurs fondamentales. Des \u00e9v\u00e9nements comme la <strong>Journ\u00e9e internationale du z\u00e9ro d\u00e9chet<\/strong> rassemblent des personnes qui souhaitent agir et \u00e9changer des id\u00e9es. Ces rencontres sont essentielles pour montrer l&#8217;impact collectif de chaque individu.<\/p>\n\n\n<p>Pour en apprendre davantage sur les avantages d&#8217;un mode de vie durable, vous pouvez consulter des ressources pr\u00e9cieuses en ligne, telles que celles propos\u00e9es sur <a href=\"https:\/\/swisstinychalet.ch\/neuch\/les-principaux-avantages-dun-mode-de-vie-zero-dechet\">cet article<\/a>.<\/p>\n\n\n<h2 class=\"wp-block-heading\">Les d\u00e9fis \u00e0 relever<\/h2>\n\n\n<p>Malgr\u00e9 ces belles initiatives, la transition vers un mode de vie <strong>z\u00e9ro d\u00e9chet<\/strong> n&#8217;est pas sans d\u00e9fis. Les environnements urbains pr\u00e9sentent des obstacles uniques, et il est essentiel d&#8217;impliquer toute la communaut\u00e9 pour que ces changements soient durables. Les entreprises doivent \u00e9galement prendre part \u00e0 cette transformation, en int\u00e9grant des pratiques respectueuses de l&#8217;environnement dans leur fonctionnement quotidien.<\/p>\n\n\n<p>Pour naviguer ces d\u00e9fis, il existe des lignes directrices, notamment les <strong>5 R<\/strong> : r\u00e9duire, r\u00e9utiliser, recycler, r\u00e9parer, et refuser. Ces principes permettent de structurer une d\u00e9marche consciente et responsable, et vous pouvez d\u00e9couvrir davantage sur ces bonnes pratiques en vous rendant sur <a href=\"https:\/\/swisstinychalet.ch\/neuch\/les-5-r-du-zero-dechet-reduire-reutiliser-recycler\">ce site<\/a>.<\/p>\n\n\n<p>Les initiatives <strong>z\u00e9ro d\u00e9chet<\/strong> se propagent \u00e0 travers le monde, cr\u00e9ant des communaut\u00e9s dynamiques et r\u00e9silientes. Chaque pas vers la durabilit\u00e9 ouvre la voie \u00e0 un avenir plus sain pour notre plan\u00e8te.<\/p>\n\n\n\n<h2 class=\"wp-block-heading\">Les initiatives Z\u00e9ro D\u00e9chet \u00e0 travers le monde \ud83c\udf0d<\/h2>\n\n\n<figure class=\"wp-block-table\">\n<table>\n<tbody>\n<tr>\n<td>\u267b\ufe0f<\/td>\n<td><strong>Recyclage des bouteilles plastiques<\/strong> : N\u00e9cessit\u00e9 mondiale reconnue, surtout dans les pays d\u00e9velopp\u00e9s.<\/td>\n<\/tr>\n<tr>\n<td>\ud83c\udfd9\ufe0f<\/td>\n<td><strong>Exemples de villes engag\u00e9es<\/strong> : Capannori, Ljubljana, Besan\u00e7on, et d&#8217;autres villes innovantes.<\/td>\n<\/tr>\n<tr>\n<td>\ud83c\udf31<\/td>\n<td><strong>Engagement mondial<\/strong> : 23 villes et r\u00e9gions visent \u00e0 \u00e9viter des millions de tonnes de d\u00e9chets d&#8217;ici 2030.<\/td>\n<\/tr>\n<tr>\n<td>\ud83c\udf8c<\/td>\n<td><strong>Pratiques uniques<\/strong> : Furoshiki au Japon, utilisation de feuilles de bananier en Tha\u00eflande.<\/td>\n<\/tr>\n<tr>\n<td>\ud83d\uddd3\ufe0f<\/td>\n<td><strong>Journ\u00e9e internationale du z\u00e9ro d\u00e9chet<\/strong> : Initiatives pour une gestion saine des d\u00e9chets.<\/td>\n<\/tr>\n<tr>\n<td>\ud83c\udf0e<\/td>\n<td><strong>Adaptation et transformation<\/strong> : Programmes encourageant la r\u00e9duction et la r\u00e9utilisation.<\/td>\n<\/tr>\n<tr>\n<td>\ud83d\udc68\u200d\ud83d\udc69\u200d\ud83d\udc67\u200d\ud83d\udc66<\/td>\n<td><strong>Crit\u00e8res des 5 R<\/strong> : R\u00e9duction, r\u00e9utilisation, recyclage, r\u00e9cup\u00e9ration et r\u00e9paration.<\/td>\n<\/tr>\n<tr>\n<td>\ud83c\udf81<\/td>\n<td><strong>Cadeaux \u00e9coresponsables<\/strong> : Suggestions pour c\u00e9l\u00e9brations durables et uniques.<\/td>\n<\/tr>\n<tr>\n<td>\ud83d\udcda<\/td>\n<td><strong>Ressources en ligne<\/strong> : Outils et id\u00e9es pour un mode de vie sans d\u00e9chet.<\/td>\n<\/tr>\n<tr>\n<td>\ud83e\udd1d<\/td>\n<td><strong>Impact social<\/strong> : Comment impliquer toute la famille dans le mouvement z\u00e9ro d\u00e9chet.<\/td>\n<\/tr>\n<\/tbody>\n<\/table>\n<\/figure>\n","protected":false},"excerpt":{"rendered":"","protected":false},"author":9,"featured_media":6449,"comment_status":"open","ping_status":"close","sticky":false,"template":"","format":"standard","meta":{"_seopress_robots_primary_cat":"","_seopress_titles_title":"","_seopress_titles_desc":"","_seopress_robots_index":"","footnotes":""},"categories":[1545],"tags":[],"class_list":["post-6448","post","type-post","status-publish","format-standard","has-post-thumbnail","hentry","category-neuchcup-fr","generate-columns","tablet-grid-50","mobile-grid-100","grid-parent","grid-33"],"_links":{"self":[{"href":"https:\/\/swisstinychalet.ch\/neuch\/wp-json\/wp\/v2\/posts\/6448","targetHints":{"allow":["GET"]}}],"collection":[{"href":"https:\/\/swisstinychalet.ch\/neuch\/wp-json\/wp\/v2\/posts"}],"about":[{"href":"https:\/\/swisstinychalet.ch\/neuch\/wp-json\/wp\/v2\/types\/post"}],"author":[{"embeddable":true,"href":"https:\/\/swisstinychalet.ch\/neuch\/wp-json\/wp\/v2\/users\/9"}],"replies":[{"embeddable":true,"href":"https:\/\/swisstinychalet.ch\/neuch\/wp-json\/wp\/v2\/comments?post=6448"}],"version-history":[{"count":0,"href":"https:\/\/swisstinychalet.ch\/neuch\/wp-json\/wp\/v2\/posts\/6448\/revisions"}],"wp:featuredmedia":[{"embeddable":true,"href":"https:\/\/swisstinychalet.ch\/neuch\/wp-json\/wp\/v2\/media\/6449"}],"wp:attachment":[{"href":"https:\/\/swisstinychalet.ch\/neuch\/wp-json\/wp\/v2\/media?parent=6448"}],"wp:term":[{"taxonomy":"category","embeddable":true,"href":"https:\/\/swisstinychalet.ch\/neuch\/wp-json\/wp\/v2\/categories?post=6448"},{"taxonomy":"post_tag","embeddable":true,"href":"https:\/\/swisstinychalet.ch\/neuch\/wp-json\/wp\/v2\/tags?post=6448"}],"curies":[{"name":"wp","href":"https:\/\/api.w.org\/{rel}","templated":true}]}}