{"id":6458,"date":"2025-01-03T12:06:00","date_gmt":"2025-01-03T06:36:00","guid":{"rendered":"https:\/\/swisstinychalet.ch\/neuch\/ecologie-comment-lart-peut-sensibiliser"},"modified":"2025-01-03T12:06:00","modified_gmt":"2025-01-03T06:36:00","slug":"ecologie-comment-lart-peut-sensibiliser","status":"publish","type":"post","link":"https:\/\/swisstinychalet.ch\/neuch\/ecologie-comment-lart-peut-sensibiliser","title":{"rendered":"\u00c9cologie : comment l&#8217;art peut sensibiliser"},"content":{"rendered":"\n\n<p>L&#8217;<strong>art<\/strong> joue un r\u00f4le essentiel dans la <strong>sensibilisation<\/strong> aux enjeux \u00e9cologiques en utilisant la cr\u00e9ativit\u00e9 pour \u00e9veiller les consciences. \u00c0 travers des \u0153uvres qui attirent l&#8217;attention sur les crises environnementales, les artistes cherchent \u00e0 provoquer une r\u00e9flexion et un changement de comportement chez le public. Les pratiques artistiques, qu&#8217;il s&#8217;agisse de installations, de performances ou de land art, transforment le message \u00e9cologique en une exp\u00e9rience \u00e9motionnelle puissante. Ainsi, l&#8217;<strong>art \u00e9cologique<\/strong> s&#8217;impose comme un moyen innovant d&#8217;engager les soci\u00e9t\u00e9s vers des modes de vie plus <strong>durables<\/strong> et respectueux de la plan\u00e8te.<\/p>\n\n\n<figure class=\"wp-block-embed is-type-video is-provider-youtube wp-block-embed-youtube wp-embed-aspect-16-9 wp-has-aspect-ratio\">\n<div class=\"wp-block-embed__wrapper\">\n<iframe title=\"Art et \u00e9cologie? \ud83c\udf3f\" width=\"1200\" height=\"675\" src=\"https:\/\/www.youtube-nocookie.com\/embed\/qJj_h_Sm4nQ?feature=oembed\" frameborder=\"0\" allow=\"accelerometer; autoplay; clipboard-write; encrypted-media; gyroscope; picture-in-picture; web-share\" referrerpolicy=\"strict-origin-when-cross-origin\" allowfullscreen><\/iframe>\n<\/div>\n<\/figure>\n\n\n\n<p>\u00c0 travers les si\u00e8cles, l&#8217;<strong>art<\/strong> a toujours \u00e9t\u00e9 un puissant vecteur d&#8217;\u00e9motions et d&#8217;id\u00e9es. Aujourd&#8217;hui, il s&#8217;illustre encore plus en tant qu&#8217;outil de <strong>sensibilisation \u00e9cologique<\/strong>. Les \u0153uvres d&#8217;art, qu&#8217;elles soient visuelles, sonores ou performatives, jouent un r\u00f4le fondamental pour attirer l&#8217;attention sur les d\u00e9fis environnementaux pressants. Mais comment l&#8217;art parvient-il \u00e0 \u00e9veiller les consciences et \u00e0 inciter au changement ?<\/p>\n\n\n<h2 class=\"wp-block-heading\">Un reflet de la r\u00e9alit\u00e9 \u00e9cologique<\/h2>\n\n\n<p>Les artistes ont cette capacit\u00e9 unique de donner vie \u00e0 des id\u00e9es complexes et parfois d\u00e9rangeantes. Par leur <strong>cr\u00e9ativit\u00e9<\/strong>, ils refl\u00e8tent les probl\u00e9matiques environnementales que nous rencontrons au quotidien, rendant visible ce qui est souvent ignor\u00e9. Par exemple, des installations artistiques peuvent provoquer une prise de conscience in\u00e9dite sur le <strong>changement climatique<\/strong>, la <strong>pollution<\/strong> ou la <strong>perte de biodiversit\u00e9<\/strong>.<br>Les \u0153uvres qui interpellent, confrontent ou m\u00eame choquent peuvent inciter \u00e0 la r\u00e9flexion et susciter des d\u00e9bats dans la soci\u00e9t\u00e9. Les artistes choisissent de traiter ces questions de mani\u00e8re personnelle et souvent visuelle, ce qui cr\u00e9e un lien \u00e9motif direct avec le public.<\/p>\n\n\n<h2 class=\"wp-block-heading\">Cr\u00e9ation collective et dynamique sociale<\/h2>\n\n\n<p>De nombreux projets artistiques encouragent la participation communautaire. Ils font appel \u00e0 des citoyens pour travailler ensemble et produire des \u0153uvres qui abordent des th\u00e8mes \u00e9cologiques. Cela renforce non seulement la <strong>solidarit\u00e9<\/strong> au sein des communaut\u00e9s, mais contribue \u00e9galement \u00e0 une plus grande <strong>prise de conscience collective<\/strong> sur les enjeux environnementaux.<br>Certaines initiatives engagent le public dans des activit\u00e9s cr\u00e9atives comme le jardinage \u00e9cologique ou la fabrication d&#8217;objets durables. Ces pratiques partag\u00e9es cultivent un sentiment de responsabilit\u00e9 envers la plan\u00e8te et favorisent un mode de vie plus durable.<\/p>\n\n\n<h2 class=\"wp-block-heading\">\u00c9ducation par l&#8217;art<\/h2>\n\n\n<p>Au-del\u00e0 de la r\u00e9flexion, l&#8217;art est un outil \u00e9ducatif puissant. \u00c0 travers divers programmes et ateliers, il peut initier les enfants et les adultes aux principes de la durabilit\u00e9 et de la <strong>circulabilit\u00e9<\/strong>. Des projets, comme ceux men\u00e9s dans des \u00e9tablissements scolaires, permettent aux jeunes d&#8217;explorer leur cr\u00e9ativit\u00e9 tout en apprenant des notions essentielles sur l\u2019\u00e9cologie.<br>Des artistes utilisent \u00e9galement les <strong>arts visuels<\/strong> pour aborder des th\u00e9matiques complexes de fa\u00e7on ludique, engageant ainsi un public plus large dans des discussions concernant le respect de l&#8217;environnement et le d\u00e9veloppement durable.<\/p>\n\n\n<h2 class=\"wp-block-heading\">Un exercice d&#8217;imagination pour un futur durable<\/h2>\n\n\n<p>L&#8217;art ne se limite pas \u00e0 une simple r\u00e9action face \u00e0 la crise environnementale. Il offre une vision d&#8217;un avenir <strong>\u00e9coresponsable<\/strong> et invite \u00e0 repenser nos modes de vie. En proposant des alternatives concr\u00e8tes \u00e0 travers leurs \u0153uvres, les artistes incitent \u00e0 envisager des solutions innovantes pour un futur plus respectueux de l&#8217;environnement.<br>Des collectifs et des mouvements artistiques tels que le <strong>Land Art<\/strong> et l&#8217;art \u00e9cologique d\u00e9veloppent des projets qui ne se contentent pas de critiquer, mais qui initient des pistes d&#8217;actions concr\u00e8tes, cultivant ainsi l\u2019id\u00e9e que chaque petit geste compte. Parmi ces initiatives, la cr\u00e9ation de cartes \u00e9cologiques \u00e0 planter pour des \u00e9v\u00e9nements comme la F\u00eate des M\u00e8res ou la fabrication de jardini\u00e8res \u00e0 partir de palettes sont de belles illustrations de cette cr\u00e9ativit\u00e9 au service de la plan\u00e8te. <br>Pour en savoir plus sur ces initiatives, consultez des articles comme <a href=\"https:\/\/swisstinychalet.ch\/neuch\/creez-une-carte-ecologique-a-planter-pour-la-fete-des-meres\">Cr\u00e9er une carte \u00e9cologique \u00e0 planter<\/a> ou <a href=\"https:\/\/swisstinychalet.ch\/neuch\/ecologie-et-arts-de-la-table-une-harmonie-possible\">\u00c9cologie et arts de la table : une harmonie possible<\/a>.<\/p>\n\n\n<p>En somme, les efforts des artistes en faveur des questions \u00e9cologiques visent non seulement \u00e0 informer, mais \u00e9galement \u00e0 inspirer. En int\u00e9grant les enjeux environnementaux dans leurs cr\u00e9ations, ils offrent des perspectives nouvelles et encouragent chacun de nous \u00e0 agir. La mission ne se limite pas \u00e0 exposer les d\u00e9fis, mais \u00e0 encourager un dialogue constructif pour b\u00e2tir un monde plus <strong>durable<\/strong>. <\/p>\n\n\n<p>\u00c0 Lyon, un quartier innovant teste des concepts de <strong>z\u00e9ro d\u00e9chet<\/strong> au sein de la communaut\u00e9, int\u00e9grant divers espaces collaboratifs tels que l&#8217;\u00e9cole et la mairie. Pour en savoir plus sur ces projets, lisez <a href=\"https:\/\/swisstinychalet.ch\/neuch\/a-lyon-un-quartier-innovant-teste-le-concept-du-zero-dechet-a-travers-lecole-la-mairie-et-le-theatre\">Lyon et le z\u00e9ro d\u00e9chet<\/a>.<\/p>\n\n\n\n<h2 class=\"wp-block-heading\">Le r\u00f4le de l&#8217;art dans la sensibilisation \u00e9cologique<\/h2>\n\n\n<figure class=\"wp-block-table\">\n<table>\n<tbody>\n<tr>\n<td>\ud83c\udfa8<\/td>\n<td><strong>Art et sensibilisation<\/strong> : L&#8217;art \u00e9cologique vise \u00e0 promouvoir la prise de conscience sur les enjeux environnementaux et \u00e0 inspirer des changements de comportements.<\/td>\n<\/tr>\n<tr>\n<td>\ud83c\udf0d<\/td>\n<td><strong>Enjeux environnementaux<\/strong> : Les artistes attirent l&#8217;attention sur des probl\u00e8mes cruciaux et \u0153uvrent \u00e0 construire des modes de vie plus durables.<\/td>\n<\/tr>\n<tr>\n<td>\ud83d\udcac<\/td>\n<td><strong>Art comme vecteur de changement<\/strong> : Les \u0153uvres d&#8217;art peuvent d\u00e9clencher des campagnes de sensibilisation et inciter \u00e0 r\u00e9fl\u00e9chir sur notre impact environnemental.<\/td>\n<\/tr>\n<tr>\n<td>\ud83c\udf31<\/td>\n<td><strong>\u00c9ducation et cr\u00e9ation<\/strong> : Des initiatives comme des ateliers artistiques dans les \u00e9coles permettent d&#8217;\u00e9duquer les jeunes aux enjeux de l&#8217;\u00e9cologie.<\/td>\n<\/tr>\n<tr>\n<td>\u267b\ufe0f<\/td>\n<td><strong>Pratiques \u00e9coresponsables<\/strong> : L&#8217;art peut int\u00e9grer des mat\u00e9riaux recycl\u00e9s et encourager des comportements favorables \u00e0 l&#8217;environnement.<\/td>\n<\/tr>\n<tr>\n<td>\u2728<\/td>\n<td><strong>Impact \u00e9motionnel<\/strong> : L&#8217;art peut participer \u00e0 la transformation de notre sensibilit\u00e9 face \u00e0 la crise \u00e9cologique, en touchant les c\u0153urs et les esprits.<\/td>\n<\/tr>\n<tr>\n<td>\ud83d\udce2<\/td>\n<td><strong>Mobilisation et engagement<\/strong> : Les artistes jouent un r\u00f4le cl\u00e9 dans la mobilisation pour des comportements \u00e9coresponsables au sein de la soci\u00e9t\u00e9.<\/td>\n<\/tr>\n<\/tbody>\n<\/table>\n<\/figure>\n","protected":false},"excerpt":{"rendered":"","protected":false},"author":8,"featured_media":6459,"comment_status":"open","ping_status":"close","sticky":false,"template":"","format":"standard","meta":{"_seopress_robots_primary_cat":"","_seopress_titles_title":"","_seopress_titles_desc":"","_seopress_robots_index":"","footnotes":""},"categories":[1545],"tags":[],"class_list":["post-6458","post","type-post","status-publish","format-standard","has-post-thumbnail","hentry","category-neuchcup-fr","generate-columns","tablet-grid-50","mobile-grid-100","grid-parent","grid-33"],"_links":{"self":[{"href":"https:\/\/swisstinychalet.ch\/neuch\/wp-json\/wp\/v2\/posts\/6458","targetHints":{"allow":["GET"]}}],"collection":[{"href":"https:\/\/swisstinychalet.ch\/neuch\/wp-json\/wp\/v2\/posts"}],"about":[{"href":"https:\/\/swisstinychalet.ch\/neuch\/wp-json\/wp\/v2\/types\/post"}],"author":[{"embeddable":true,"href":"https:\/\/swisstinychalet.ch\/neuch\/wp-json\/wp\/v2\/users\/8"}],"replies":[{"embeddable":true,"href":"https:\/\/swisstinychalet.ch\/neuch\/wp-json\/wp\/v2\/comments?post=6458"}],"version-history":[{"count":0,"href":"https:\/\/swisstinychalet.ch\/neuch\/wp-json\/wp\/v2\/posts\/6458\/revisions"}],"wp:featuredmedia":[{"embeddable":true,"href":"https:\/\/swisstinychalet.ch\/neuch\/wp-json\/wp\/v2\/media\/6459"}],"wp:attachment":[{"href":"https:\/\/swisstinychalet.ch\/neuch\/wp-json\/wp\/v2\/media?parent=6458"}],"wp:term":[{"taxonomy":"category","embeddable":true,"href":"https:\/\/swisstinychalet.ch\/neuch\/wp-json\/wp\/v2\/categories?post=6458"},{"taxonomy":"post_tag","embeddable":true,"href":"https:\/\/swisstinychalet.ch\/neuch\/wp-json\/wp\/v2\/tags?post=6458"}],"curies":[{"name":"wp","href":"https:\/\/api.w.org\/{rel}","templated":true}]}}