{"id":6460,"date":"2025-01-03T12:16:01","date_gmt":"2025-01-03T06:46:01","guid":{"rendered":"https:\/\/swisstinychalet.ch\/neuch\/les-tendances-dans-levenementiel-ecoresponsable"},"modified":"2025-01-03T12:16:01","modified_gmt":"2025-01-03T06:46:01","slug":"les-tendances-dans-levenementiel-ecoresponsable","status":"publish","type":"post","link":"https:\/\/swisstinychalet.ch\/neuch\/les-tendances-dans-levenementiel-ecoresponsable","title":{"rendered":"Les tendances dans l&#8217;\u00e9v\u00e9nementiel \u00e9coresponsable"},"content":{"rendered":"\n\n<p>Dans le domaine de l&#8217;<strong>\u00e9v\u00e9nementiel \u00e9coresponsable<\/strong>, plusieurs <strong>tendances<\/strong> \u00e9mergent pour r\u00e9pondre aux enjeux environnementaux. En 2025, la <strong>durabilit\u00e9<\/strong> sera au c\u0153ur des priorit\u00e9s des organisateurs, avec un accent sur l&#8217;utilisation de <strong>mat\u00e9riaux recyclables<\/strong> et durables. Les <strong>\u00e9v\u00e9nements hybrides<\/strong>, qui combinent les formats physiques et virtuels, continueront de se d\u00e9velopper, tout comme l&#8217;usage de l&#8217;<strong>intelligence artificielle<\/strong> pour personnalis\u00e9 les exp\u00e9riences. De plus, des initiatives visant \u00e0 <strong>r\u00e9duire<\/strong> la consommation de plastique et \u00e0 favoriser des pratiques <strong>z\u00e9ro d\u00e9chet<\/strong> gagneront en popularit\u00e9. Les organisateurs seront de plus en plus incit\u00e9s \u00e0 prendre en compte l&#8217;impact environnemental et social de leurs \u00e9v\u00e9nements pour marquer une diff\u00e9rence positive.<\/p>\n\n\n<figure class=\"wp-block-embed is-type-video is-provider-youtube wp-block-embed-youtube wp-embed-aspect-16-9 wp-has-aspect-ratio\">\n<div class=\"wp-block-embed__wrapper\">\n<iframe title=\"Quel futur pour l\u2019\u00e9v\u00e9nementiel ?\" width=\"1200\" height=\"675\" src=\"https:\/\/www.youtube-nocookie.com\/embed\/-EvWLx8DBIE?feature=oembed\" frameborder=\"0\" allow=\"accelerometer; autoplay; clipboard-write; encrypted-media; gyroscope; picture-in-picture; web-share\" referrerpolicy=\"strict-origin-when-cross-origin\" allowfullscreen><\/iframe>\n<\/div>\n<\/figure>\n\n\n\n<p>\u00c0 l\u2019heure o\u00f9 la prise de conscience environnementale prend de l\u2019ampleur, le secteur de l\u2019\u00e9v\u00e9nementiel n\u2019\u00e9chappe pas \u00e0 cette dynamique. L\u2019organisation d\u2019\u00e9v\u00e9nements \u00e9volue vers une approche plus <strong>durable<\/strong>, offrant des exp\u00e9riences m\u00e9morables tout en respectant notre plan\u00e8te. Explorons ensemble les tendances marquantes qui fa\u00e7onnent l&#8217;\u00e9v\u00e9nementiel \u00e9coresponsable.<\/p>\n\n\n<h2 class=\"wp-block-heading\">Un choix de mat\u00e9riaux durables<\/h2>\n\n\n<p>\u00c0 l\u2019approche de 2025, l\u2019utilisation de <strong>mat\u00e9riaux recyclables<\/strong> et respectueux de l\u2019environnement se fait de plus en plus courante. Les organisateurs int\u00e8grent des \u00e9l\u00e9ments tels que des d\u00e9corations fabriqu\u00e9es \u00e0 partir de ressources renouvelables, r\u00e9duisant ainsi la d\u00e9pense en mati\u00e8res premi\u00e8res. L&#8217;innovation s\u2019invite \u00e0 chaque \u00e9tape, que ce soit pour le mobilier ou les supports de communication.<\/p>\n\n\n<h2 class=\"wp-block-heading\">\u00c9v\u00e9nements hybrides : une nouvelle norme<\/h2>\n\n\n<p>Les \u00e9v\u00e9nements hybrides, m\u00ealant pr\u00e9sentiel et virtuel, continuent de gagner en popularit\u00e9. Cette tendance permet non seulement de toucher un public plus large, mais \u00e9galement de limiter les <strong>d\u00e9placements<\/strong>, ce qui contribue \u00e0 diminuer l&#8217;empreinte <strong>carbone<\/strong>. Les participants ont ainsi la possibilit\u00e9 de choisir leur mode de participation, rendant l&#8217;exp\u00e9rience plus flexible et accessible.<\/p>\n\n\n<h2 class=\"wp-block-heading\">Le z\u00e9ro d\u00e9chet, un objectif \u00e0 atteindre<\/h2>\n\n\n<p>Adopter une approche <strong>z\u00e9ro d\u00e9chet<\/strong> est devenu un enjeu majeur pour nombreux organisateurs. La mise en place de <strong>stands<\/strong> de recyclage, la r\u00e9duction du plastique et l&#8217;utilisation de <strong>vaisselle r\u00e9utilisable<\/strong> sont quelques-unes des initiatives qui prennent de l\u2019ampleur. Par ailleurs, diff\u00e9rents \u00e9v\u00e9nements, comme le festival <a href=\"https:\/\/swisstinychalet.ch\/neuch\/montpellier-decouvrez-iloveplanet-un-festival-ecoresponsable-et-zero-dechet-ce-week-end-a-grammont\">ILovePlanet \u00e0 Montpellier<\/a>, montrent comment des manifestations peuvent allier divertissement et respect de l\u2019environnement.<\/p>\n\n\n<h2 class=\"wp-block-heading\">L&#8217;impact de l&#8217;intelligence artificielle<\/h2>\n\n\n<p>L&#8217;introduction de l&#8217;<strong>intelligence artificielle<\/strong> dans le secteur \u00e9v\u00e9nementiel permet de personnaliser l&#8217;exp\u00e9rience des participants. Gr\u00e2ce \u00e0 des outils d\u2019analyse avanc\u00e9s, les organisateurs peuvent anticiper les besoins de leurs invit\u00e9s, rendant chaque \u00e9v\u00e9nement unique. L&#8217;IA contribue \u00e9galement \u00e0 une gestion plus efficace des ressources, promouvant un d\u00e9veloppement durable dans le choix des lieux et des activit\u00e9s.<\/p>\n\n\n<h2 class=\"wp-block-heading\">Des \u00e9v\u00e9nements \u00e0 fort impact social<\/h2>\n\n\n<p>Les \u00e9v\u00e9nements \u00e9coresponsables se veulent \u00e9galement un vecteur de <strong>changement social<\/strong>. Ils encouragent les discussions autour de la durabilit\u00e9 et de la responsabilit\u00e9 soci\u00e9tale, en offrant une plateforme pour des initiatives locales. \u00c0 cet \u00e9gard, les <strong>partenariats<\/strong> avec des organisations engag\u00e9es dans la transition \u00e9cologique se multiplient, \u00e9tablissant un mod\u00e8le \u00e0 suivre. Pour s&#8217;engager davantage, des ressources comme <a href=\"https:\/\/swisstinychalet.ch\/neuch\/evenements-ecologiques-lademe-pousse-les-limites-avec-le-grand-defi-ecologique\">le Grand D\u00e9fi \u00c9cologique<\/a> sont \u00e0 explorer.<\/p>\n\n\n<h2 class=\"wp-block-heading\">La responsabilit\u00e9 collective<\/h2>\n\n\n<p>Au c\u0153ur de l&#8217;\u00e9v\u00e9nementiel \u00e9coresponsable se trouve la notion de <strong>responsabilit\u00e9<\/strong> partag\u00e9e. Les participants sont invit\u00e9s \u00e0 contribuer \u00e0 l\u2019organisation de ces \u00e9v\u00e9nements durables en adoptant des pratiques \u00e9colos, que ce soit par des gestes simples ou une sensibilisation accrue. La prise de conscience collective se renforce ainsi, rendant chaque \u00e9v\u00e9nement non seulement un moment de f\u00eate, mais \u00e9galement un acte en faveur de la <strong>plan\u00e8te<\/strong>.<\/p>\n\n\n<p>Il est devenu \u00e9vident que l&#8217;avenir de l&#8217;\u00e9v\u00e9nementiel repose sur des pratiques respectueuses de l&#8217;environnement. Les innovations et les initiatives visant \u00e0 r\u00e9duire l&#8217;impact de nos activit\u00e9s doivent continuer \u00e0 se d\u00e9velopper. Les chiffres cl\u00e9s concernant l&#8217;<a href=\"https:\/\/swisstinychalet.ch\/neuch\/impact-environnemental-des-evenements-chiffres-cles\">impact environnemental<\/a> des \u00e9v\u00e9nements prouvent que chaque d\u00e9tail compte dans la recherche d&#8217;une empreinte plus light.<\/p>\n\n\n\n<h2 class=\"wp-block-heading\">Tendances Actuelles de l&#8217;\u00c9v\u00e9nementiel \u00c9coresponsable<\/h2>\n\n\n<figure class=\"wp-block-table\">\n<table>\n<tbody>\n<tr>\n<td>\ud83c\udf0d<\/td>\n<td><strong>Durabilit\u00e9<\/strong> : Les \u00e9v\u00e9nements de demain placent la durabilit\u00e9 au c\u0153ur de leurs pr\u00e9occupations.<\/td>\n<\/tr>\n<tr>\n<td>\u267b\ufe0f<\/td>\n<td>Utilisation de <strong>mat\u00e9riaux recyclables<\/strong> et <strong>durables<\/strong> pour r\u00e9duire l&#8217;impact environnemental.<\/td>\n<\/tr>\n<tr>\n<td>\ud83d\udee0\ufe0f<\/td>\n<td>\u00c9v\u00e9nements <strong>hybrides<\/strong> combinant pr\u00e9sentiel et num\u00e9rique, une tendance de plus en plus courante.<\/td>\n<\/tr>\n<tr>\n<td>\ud83e\udd16<\/td>\n<td><strong>Intelligence Artificielle<\/strong> comme outil de personnalisation et d&#8217;am\u00e9lioration de l&#8217;exp\u00e9rience des participants.<\/td>\n<\/tr>\n<tr>\n<td>\ud83d\ude86<\/td>\n<td>Am\u00e9liorer le <strong>transport<\/strong> des participants pour minimiser la pollution engendr\u00e9e par les d\u00e9placements.<\/td>\n<\/tr>\n<tr>\n<td>\ud83d\uddd1\ufe0f<\/td>\n<td>R\u00e9daction de politiques <strong>z\u00e9ro d\u00e9chet<\/strong> afin de lutter contre la surconsommation de plastique.<\/td>\n<\/tr>\n<tr>\n<td>\ud83c\udf31<\/td>\n<td>Favoriser les <strong>initiatives locales<\/strong> et les partenaires qui s\u2019engagent pour l&#8217;environnement.<\/td>\n<\/tr>\n<tr>\n<td>\ud83d\udc65<\/td>\n<td>Impliquer les <strong>influenceurs<\/strong> pour promouvoir des \u00e9v\u00e9nements \u00e9coresponsables et sensibiliser le public.<\/td>\n<\/tr>\n<\/tbody>\n<\/table>\n<\/figure>\n","protected":false},"excerpt":{"rendered":"","protected":false},"author":10,"featured_media":6461,"comment_status":"open","ping_status":"close","sticky":false,"template":"","format":"standard","meta":{"_seopress_robots_primary_cat":"","_seopress_titles_title":"","_seopress_titles_desc":"","_seopress_robots_index":"","footnotes":""},"categories":[1545],"tags":[],"class_list":["post-6460","post","type-post","status-publish","format-standard","has-post-thumbnail","hentry","category-neuchcup-fr","generate-columns","tablet-grid-50","mobile-grid-100","grid-parent","grid-33"],"_links":{"self":[{"href":"https:\/\/swisstinychalet.ch\/neuch\/wp-json\/wp\/v2\/posts\/6460","targetHints":{"allow":["GET"]}}],"collection":[{"href":"https:\/\/swisstinychalet.ch\/neuch\/wp-json\/wp\/v2\/posts"}],"about":[{"href":"https:\/\/swisstinychalet.ch\/neuch\/wp-json\/wp\/v2\/types\/post"}],"author":[{"embeddable":true,"href":"https:\/\/swisstinychalet.ch\/neuch\/wp-json\/wp\/v2\/users\/10"}],"replies":[{"embeddable":true,"href":"https:\/\/swisstinychalet.ch\/neuch\/wp-json\/wp\/v2\/comments?post=6460"}],"version-history":[{"count":0,"href":"https:\/\/swisstinychalet.ch\/neuch\/wp-json\/wp\/v2\/posts\/6460\/revisions"}],"wp:featuredmedia":[{"embeddable":true,"href":"https:\/\/swisstinychalet.ch\/neuch\/wp-json\/wp\/v2\/media\/6461"}],"wp:attachment":[{"href":"https:\/\/swisstinychalet.ch\/neuch\/wp-json\/wp\/v2\/media?parent=6460"}],"wp:term":[{"taxonomy":"category","embeddable":true,"href":"https:\/\/swisstinychalet.ch\/neuch\/wp-json\/wp\/v2\/categories?post=6460"},{"taxonomy":"post_tag","embeddable":true,"href":"https:\/\/swisstinychalet.ch\/neuch\/wp-json\/wp\/v2\/tags?post=6460"}],"curies":[{"name":"wp","href":"https:\/\/api.w.org\/{rel}","templated":true}]}}