{"id":6468,"date":"2025-01-04T12:01:14","date_gmt":"2025-01-04T06:31:14","guid":{"rendered":"https:\/\/swisstinychalet.ch\/neuch\/les-festivals-zero-dechet-un-modele-a-suivre"},"modified":"2025-01-04T12:01:14","modified_gmt":"2025-01-04T06:31:14","slug":"les-festivals-zero-dechet-un-modele-a-suivre","status":"publish","type":"post","link":"https:\/\/swisstinychalet.ch\/neuch\/les-festivals-zero-dechet-un-modele-a-suivre","title":{"rendered":"Les festivals z\u00e9ro d\u00e9chet : un mod\u00e8le \u00e0 suivre"},"content":{"rendered":"\n\n<p>Les <strong>festivals z\u00e9ro d\u00e9chet<\/strong> \u00e9mergent comme des mod\u00e8les inspirants pour les \u00e9v\u00e9nements \u00e9coresponsables. Leur objectif principal est de <strong>r\u00e9duire la production de d\u00e9chets<\/strong> et de minimiser l&#8217;impact environnemental. Pour y parvenir, ils mettent en place des strat\u00e9gies efficaces, telles que l&#8217;\u00e9vitement du <strong>mat\u00e9riel jetable en plastique<\/strong>, l&#8217;adoption d&#8217;alternatives <strong>durement durables<\/strong> et l&#8217;\u00e9tablissement de syst\u00e8mes de <strong>tri des d\u00e9chets<\/strong>. Chaque participant joue un r\u00f4le crucial dans cette d\u00e9marche collective, favorisant une atmosph\u00e8re de <strong>solidarit\u00e9<\/strong> et d&#8217;<strong>engagement \u00e9cologique<\/strong>. Ces initiatives d\u00e9montrent qu&#8217;il est possible de profiter de festivals tout en respectant la plan\u00e8te, prouvant ainsi que l&#8217;<strong>\u00e9cologie<\/strong> et le divertissement peuvent coexister harmonieusement.<\/p>\n\n\n<figure class=\"wp-block-embed is-type-video is-provider-youtube wp-block-embed-youtube wp-embed-aspect-16-9 wp-has-aspect-ratio\">\n<div class=\"wp-block-embed__wrapper\">\n<iframe title=\"Reportage au Festival Lyon Z\u00e9ro D\u00e9chet\" width=\"1200\" height=\"900\" src=\"https:\/\/www.youtube-nocookie.com\/embed\/60Pys63ZSws?feature=oembed\" frameborder=\"0\" allow=\"accelerometer; autoplay; clipboard-write; encrypted-media; gyroscope; picture-in-picture; web-share\" referrerpolicy=\"strict-origin-when-cross-origin\" allowfullscreen><\/iframe>\n<\/div>\n<\/figure>\n\n\n\n<p>Assister \u00e0 un festival est souvent synonyme de f\u00eate, de musique et de convivialit\u00e9. Pourtant, ces \u00e9v\u00e9nements peuvent avoir un impact environnemental consid\u00e9rable, notamment en termes de d\u00e9chets. Cependant, une nouvelle approche \u00e9merge, celle des <strong>festivals z\u00e9ro d\u00e9chet<\/strong>, qui pr\u00f4ne une c\u00e9l\u00e9bration tout en respectant notre plan\u00e8te. Cet article vous invite \u00e0 explorer cette tendance et \u00e0 d\u00e9couvrir comment ces festivals deviennent des exemples inspirants \u00e0 suivre.<\/p>\n\n\n<h2 class=\"wp-block-heading\">Principes fondamentaux des festivals z\u00e9ro d\u00e9chet<\/h2>\n\n\n<p>Le concept du <strong>z\u00e9ro d\u00e9chet<\/strong> repose sur plusieurs principes cl\u00e9s. Au c\u0153ur de cette d\u00e9marche, on trouve l&#8217;id\u00e9e de <strong>r\u00e9duction<\/strong>, qui vise \u00e0 minimiser les d\u00e9chets d\u00e8s la conception de l&#8217;\u00e9v\u00e9nement. Les organisateurs s&#8217;engagent \u00e0 \u00e9viter l&#8217;utilisation de mat\u00e9riel jetable, en proposant plut\u00f4t des alternatives durables. Cela peut inclure des gobelets r\u00e9utilisables, des couverts compostables, et m\u00eame des stations de lavage pour encourager le nettoyage et la r\u00e9utilisation.<\/p>\n\n\n<h2 class=\"wp-block-heading\">Importance de l&#8217;engagement collectif<\/h2>\n\n\n<p>Adopter une d\u00e9marche z\u00e9ro d\u00e9chet demande l&#8217;implication de tous. Des organisateurs aux festivaliers, chacun a un r\u00f4le \u00e0 jouer dans cette transition. Des initiatives telles que des campagnes de sensibilisation et des points de <strong>tri des d\u00e9chets<\/strong> sont mises en place pour guider les participants. En cr\u00e9ant une atmosph\u00e8re de partage et de responsabilit\u00e9, ces festivals deviennent des lieux d&#8217;apprentissage et d&#8217;engagement.<\/p>\n\n\n<h2 class=\"wp-block-heading\">Exemples de festivals inspirants<\/h2>\n\n\n<p>Un grand nombre de festivals \u00e0 travers le monde s&#8217;illustrent par leur approche \u00e9coresponsable. \u00c0 Toulouse, le festival qui se tiendra le <strong>03 novembre 2024<\/strong>, a pour ambition d&#8217;\u00eatre un \u00e9v\u00e9nement o\u00f9 il n&#8217;y a rien \u00e0 jeter. Des artistes s&#8217;engagent \u00e0 performer sans g\u00e9n\u00e9rer de d\u00e9chets. De m\u00eame, \u00e0 Rennes, des \u00e9tudiants ont con\u00e7u un guide de solutions simples et reproductibles pour r\u00e9duire l&#8217;impact environnemental des festivals. Ce mod\u00e8le d\u00e9montre qu&#8217;avec des id\u00e9es novatrices, il est possible d&#8217;allier divertissement et protection de l&#8217;environnement.<\/p>\n\n\n<h2 class=\"wp-block-heading\">Outils et ressources pour les organisateurs<\/h2>\n\n\n<p>Pour accompagner cette d\u00e9marche, <strong>Zero Waste France<\/strong> offre une vari\u00e9t\u00e9 d&#8217;outils \u00e0 destination des organisateurs d&#8217;\u00e9v\u00e9nements. Ces ressources aident \u00e0 mettre en place des strat\u00e9gies affectives pour r\u00e9duire les d\u00e9chets et le gaspillage, rendant ainsi chaque festival moins polluant. Les organisateurs peuvent s\u2019appuyer sur des guides pratiques qui favorisent un passage \u00e0 l&#8217;action concret.<\/p>\n\n\n<h2 class=\"wp-block-heading\">Pens\u00e9e finale sur l&#8217;impact social<\/h2>\n\n\n<p>Les festivals z\u00e9ro d\u00e9chet ne se contentent pas de r\u00e9duire les d\u00e9chets, ils cr\u00e9ent \u00e9galement une dynamique sociale autour de l&#8217;\u00e9cologie. En promouvant des valeurs de solidarit\u00e9 et de respect de l&#8217;environnement, ces \u00e9v\u00e9nements contribuent \u00e0 une prise de conscience collective. Gr\u00e2ce \u00e0 cela, les participants repartent avec non seulement des souvenirs m\u00e9morables, mais \u00e9galement des valeurs r\u00e9affirm\u00e9es.<\/p>\n\n\n<p>Pour aller plus loin dans une d\u00e9marche \u00e9coresponsable, n&#8217;h\u00e9sitez pas \u00e0 explorer des ressources en ligne sur les <a href=\"https:\/\/swisstinychalet.ch\/neuch\/les-defis-du-zero-dechet-en-milieu-urbain\"><strong>d\u00e9fis du z\u00e9ro d\u00e9chet en milieu urbain<\/strong><\/a>, ainsi que sur les <a href=\"https:\/\/swisstinychalet.ch\/neuch\/pourquoi-opter-pour-des-cadeaux-dentreprise-zero-dechet\"><strong>cadeaux d&#8217;entreprise z\u00e9ro d\u00e9chet<\/strong><\/a> pour vos prochains \u00e9v\u00e9nements. Chaque petite action compte dans notre qu\u00eate commune pour pr\u00e9server notre plan\u00e8te.<\/p>\n\n\n\n<h2 class=\"wp-block-heading\">Organiser un Festival Z\u00e9ro D\u00e9chet : Guide Pratique<\/h2>\n\n\n<figure class=\"wp-block-table\">\n<table>\n<tbody>\n<tr>\n<td>\ud83c\udf0d<\/td>\n<td><strong>La d\u00e9marche Z\u00e9ro Waste<\/strong> implique la participation de tous, car la r\u00e9duction des d\u00e9chets est un d\u00e9fi collectif.<\/td>\n<\/tr>\n<tr>\n<td>\ud83d\udeab<\/td>\n<td><strong>1. \u00c9viter le mat\u00e9riel jetable<\/strong> : il est essentiel d&#8217;\u00e9liminer le plastique \u00e0 usage unique pour un \u00e9v\u00e9nement durable.<\/td>\n<\/tr>\n<tr>\n<td>\u267b\ufe0f<\/td>\n<td><strong>2. Alternatives durables<\/strong> : privil\u00e9gier des solutions r\u00e9utilisables et \u00e9coresponsables pour tous les besoins.<\/td>\n<\/tr>\n<tr>\n<td>\ud83d\uddd1\ufe0f<\/td>\n<td><strong>3. Syst\u00e8me de tri<\/strong> : mettre en place un syst\u00e8me efficace pour s\u00e9parer et g\u00e9rer les d\u00e9chets produits durant le festival.<\/td>\n<\/tr>\n<tr>\n<td>\ud83d\udcc9<\/td>\n<td><strong>4. R\u00e9duire les d\u00e9chets<\/strong> : trouver des moyens d&#8217;optimiser la consommation pour diminuer la production de d\u00e9chets.<\/td>\n<\/tr>\n<tr>\n<td>\ud83c\udf89<\/td>\n<td><strong>\u00c9v\u00e9nementiel z\u00e9ro d\u00e9chet<\/strong> : des outils existent pour aider les organisateurs \u00e0 r\u00e9duire le gaspillage lors de leurs manifestations.<\/td>\n<\/tr>\n<tr>\n<td>\ud83c\udf31<\/td>\n<td><strong>Festivals \u00e9colos :<\/strong> plusieurs initiatives se d\u00e9veloppent \u00e0 travers le monde pour concevoir des \u00e9v\u00e9nements respectueux de l\u2019environnement.<\/td>\n<\/tr>\n<tr>\n<td>\ud83c\udf7d\ufe0f<\/td>\n<td><strong>Gaspillage alimentaire<\/strong> : une part importante des d\u00e9chets g\u00e9n\u00e9r\u00e9s provient de la nourriture non consomm\u00e9e.<\/td>\n<\/tr>\n<tr>\n<td>\ud83c\udfa8<\/td>\n<td><strong>Ateliers d&#8217;auto-fabrication<\/strong> : participer \u00e0 des sessions pratiques permet d&#8217;apprendre \u00e0 cr\u00e9er des produits maison tout en respectant l&#8217;environnement.<\/td>\n<\/tr>\n<\/tbody>\n<\/table>\n<\/figure>\n","protected":false},"excerpt":{"rendered":"","protected":false},"author":12,"featured_media":0,"comment_status":"open","ping_status":"close","sticky":false,"template":"","format":"standard","meta":{"_seopress_robots_primary_cat":"","_seopress_titles_title":"","_seopress_titles_desc":"","_seopress_robots_index":"","footnotes":""},"categories":[1545],"tags":[],"class_list":["post-6468","post","type-post","status-publish","format-standard","hentry","category-neuchcup-fr","generate-columns","tablet-grid-50","mobile-grid-100","grid-parent","grid-33"],"_links":{"self":[{"href":"https:\/\/swisstinychalet.ch\/neuch\/wp-json\/wp\/v2\/posts\/6468","targetHints":{"allow":["GET"]}}],"collection":[{"href":"https:\/\/swisstinychalet.ch\/neuch\/wp-json\/wp\/v2\/posts"}],"about":[{"href":"https:\/\/swisstinychalet.ch\/neuch\/wp-json\/wp\/v2\/types\/post"}],"author":[{"embeddable":true,"href":"https:\/\/swisstinychalet.ch\/neuch\/wp-json\/wp\/v2\/users\/12"}],"replies":[{"embeddable":true,"href":"https:\/\/swisstinychalet.ch\/neuch\/wp-json\/wp\/v2\/comments?post=6468"}],"version-history":[{"count":0,"href":"https:\/\/swisstinychalet.ch\/neuch\/wp-json\/wp\/v2\/posts\/6468\/revisions"}],"wp:attachment":[{"href":"https:\/\/swisstinychalet.ch\/neuch\/wp-json\/wp\/v2\/media?parent=6468"}],"wp:term":[{"taxonomy":"category","embeddable":true,"href":"https:\/\/swisstinychalet.ch\/neuch\/wp-json\/wp\/v2\/categories?post=6468"},{"taxonomy":"post_tag","embeddable":true,"href":"https:\/\/swisstinychalet.ch\/neuch\/wp-json\/wp\/v2\/tags?post=6468"}],"curies":[{"name":"wp","href":"https:\/\/api.w.org\/{rel}","templated":true}]}}