{"id":6489,"date":"2025-01-06T12:43:29","date_gmt":"2025-01-06T07:13:29","guid":{"rendered":"https:\/\/swisstinychalet.ch\/neuch\/ecologie-pourquoi-choisir-le-zero-dechet"},"modified":"2025-01-06T12:43:29","modified_gmt":"2025-01-06T07:13:29","slug":"ecologie-pourquoi-choisir-le-zero-dechet","status":"publish","type":"post","link":"https:\/\/swisstinychalet.ch\/neuch\/ecologie-pourquoi-choisir-le-zero-dechet","title":{"rendered":"\u00c9cologie : Pourquoi choisir le z\u00e9ro d\u00e9chet ?"},"content":{"rendered":"\n\n<p>Le <strong>z\u00e9ro d\u00e9chet<\/strong> est une approche essentielle pour r\u00e9duire notre impact sur l&#8217;environnement. Elle se concentre sur l&#8217;\u00e9limination des d\u00e9chets superflus en adoptant des pratiques de consommation plus responsables. Opter pour le z\u00e9ro d\u00e9chet permet non seulement de diminuer les <strong>emballages plastiques<\/strong> et les d\u00e9chets alimentaires, mais aussi de limiter l&#8217;utilisation de produits polluants. En d\u00e9veloppant des habitudes \u00e9coresponsables telles que la <strong>r\u00e9duction<\/strong>, la <strong>r\u00e9utilisation<\/strong> et le <strong>recyclage<\/strong>, chacun peut contribuer \u00e0 un mode de vie plus durable. Cette d\u00e9marche encourage \u00e9galement une r\u00e9flexion critique sur nos besoins r\u00e9els, favorisant une consommation r\u00e9fl\u00e9chie et respectueuse de notre plan\u00e8te.<\/p>\n\n\n<figure class=\"wp-block-embed is-type-video is-provider-youtube wp-block-embed-youtube wp-embed-aspect-16-9 wp-has-aspect-ratio\">\n<div class=\"wp-block-embed__wrapper\">\n<iframe title=\"Bordeaux : une famille z\u00e9ro d\u00e9chet\" width=\"1200\" height=\"675\" src=\"https:\/\/www.youtube-nocookie.com\/embed\/lbekSW1HKLg?feature=oembed\" frameborder=\"0\" allow=\"accelerometer; autoplay; clipboard-write; encrypted-media; gyroscope; picture-in-picture; web-share\" referrerpolicy=\"strict-origin-when-cross-origin\" allowfullscreen><\/iframe>\n<\/div>\n<\/figure>\n\n\n\n<h2 class=\"wp-block-heading\">Introduction : Une prise de conscience n\u00e9cessaire<\/h2>\n\n\n<p>La question environnementale est devenue un sujet central de nos pr\u00e9occupations. Face aux d\u00e9fis \u00e9cologiques que nous rencontrons, chacun d&#8217;entre nous se demande comment contribuer au bien-\u00eatre de notre plan\u00e8te. Le mouvement du <strong>z\u00e9ro d\u00e9chet<\/strong> s&#8217;impose comme une r\u00e9ponse coh\u00e9rente \u00e0 ce besoin pressing. Choisir de r\u00e9duire sa production de d\u00e9chets peut sembler intimidant, mais chaque geste compte et ouvre la voie \u00e0 un changement positif, tant pour soi-m\u00eame que pour l&#8217;environnement.<\/p>\n\n\n<h2 class=\"wp-block-heading\">Qu&#8217;est-ce que le z\u00e9ro d\u00e9chet ?<\/h2>\n\n\n<p>La d\u00e9marche de <strong>z\u00e9ro d\u00e9chet<\/strong> repose sur des pratiques visant \u00e0 minimiser la quantit\u00e9 de d\u00e9chets g\u00e9n\u00e9r\u00e9s au quotidien. Contrairement \u00e0 une approche classique o\u00f9 l&#8217;on se contente de trier, cette philosophie encourage \u00e0 reconsid\u00e9rer notre consommation et \u00e0 adopter un mode de vie \u00e9coresponsable. L&#8217;objectif n&#8217;est pas n\u00e9cessairement d&#8217;atteindre une absence totale de d\u00e9chets, mais plut\u00f4t de r\u00e9fl\u00e9chir \u00e0 la r\u00e9duction significative de notre empreinte \u00e9cologique.<\/p>\n\n\n<h2 class=\"wp-block-heading\">Les b\u00e9n\u00e9fices d&#8217;un mode de vie z\u00e9ro d\u00e9chet<\/h2>\n\n\n<p>En int\u00e9grant le z\u00e9ro d\u00e9chet dans votre quotidien, vous pouvez b\u00e9n\u00e9ficier de nombreux avantages. Premi\u00e8rement, cela encourage une <strong>consommation r\u00e9fl\u00e9chie<\/strong>. Plut\u00f4t que d&#8217;acheter sur un coup de t\u00eate, vous apprenez \u00e0 \u00e9valuer vos v\u00e9ritables besoins, ce qui peut entra\u00eener des \u00e9conomies financi\u00e8res. Deuxi\u00e8mement, cette transition contribue \u00e0 diminuer l&#8217;exposition \u00e0 des produits chimiques et \u00e0 des plastiques li\u00e9s \u00e0 la surconsommation. Privil\u00e9gier les produits locaux et de saison est \u00e9galement une \u00e9tape vers une alimentation plus saine.<\/p>\n\n\n<h2 class=\"wp-block-heading\">Astuces pratiques pour d\u00e9buter un style de vie z\u00e9ro d\u00e9chet<\/h2>\n\n\n<p>Pour vous engager dans cette d\u00e9marche, il existe plusieurs astuces simples \u00e0 mettre en \u0153uvre. Commencez par r\u00e9duire vos <strong>emballages<\/strong> : optez pour des contenants r\u00e9utilisables lors de vos courses. Pensez \u00e9galement \u00e0 remplacer les produits jetables par des alternatives durables, comme des sacs en tissu ou des bouteilles r\u00e9utilisables. Les recettes fait maison, comme le <strong>terrafertil<\/strong>, permettent \u00e9galement de limiter les d\u00e9chets alimentaires. Pour des id\u00e9es encore plus concr\u00e8tes, consultez des ressources guid\u00e9es comme celles trouv\u00e9es ici : <a href=\"https:\/\/swisstinychalet.ch\/neuch\/comment-integrer-le-zero-dechet-dans-vos-diners\">comment int\u00e9grer le z\u00e9ro d\u00e9chet dans vos d\u00eeners<\/a>.<\/p>\n\n\n<h2 class=\"wp-block-heading\">Des initiatives inspirantes autour du z\u00e9ro d\u00e9chet<\/h2>\n\n\n<p>Des \u00e9v\u00e9nements et des festivals consacr\u00e9s au z\u00e9ro d\u00e9chet \u00e9mergent \u00e0 travers le pays, comme le <strong>festival de l&#8217;\u00e9cologie<\/strong> \u00e0 Maizi\u00e8res-l\u00e8s-Metz, qui favorise le partage de bonnes pratiques et l&#8217;\u00e9ducation \u00e0 l&#8217;environnement. Participer \u00e0 de telles initiatives peut \u00eatre une excellente fa\u00e7on de s&#8217;engager collectivement et de s&#8217;inspirer d&#8217;autres personnes investies dans ce mouvement. Pour en savoir plus sur cet \u00e9v\u00e9nement, d\u00e9couvrez ce lien utile : <a href=\"https:\/\/swisstinychalet.ch\/neuch\/maizieres-les-metz-visez-le-zero-dechet-lors-du-festival-de-lecologie-ce-dimanche\">visez le z\u00e9ro d\u00e9chet lors du Festival de l&#8217;\u00c9cologie.<\/a><\/p>\n\n\n<h2 class=\"wp-block-heading\">Le z\u00e9ro d\u00e9chet en famille<\/h2>\n\n\n<p>Adopter le z\u00e9ro d\u00e9chet ne doit pas \u00eatre une d\u00e9marche solitaire. Int\u00e9grer toute votre famille dans ce processus rend l&#8217;exp\u00e9rience encore plus enrichissante. En enseignant \u00e0 vos enfants l&#8217;importance de la r\u00e9duction des d\u00e9chets, vous les aidez \u00e0 d\u00e9velopper des habitudes durables qui les accompagneront \u00e0 l&#8217;\u00e2ge adulte. Pour des conseils illustr\u00e9s sur cette approche, n\u2019h\u00e9sitez pas \u00e0 consulter des ressources comme <a href=\"https:\/\/swisstinychalet.ch\/neuch\/adopter-un-mode-de-vie-zero-dechet-en-famille\">adopter un mode de vie z\u00e9ro d\u00e9chet en famille<\/a>.<\/p>\n\n\n<p>Passer au z\u00e9ro d\u00e9chet est plus qu&#8217;une simple tendance, c&#8217;est un mode de vie qui s&#8217;av\u00e8re b\u00e9n\u00e9fique tant sur le plan personnel qu&#8217;environnemental. En choisissant d&#8217;agir, m\u00eame de mani\u00e8re modeste, vous contribuez \u00e0 un avenir durable pour notre plan\u00e8te.<\/p>\n\n\n\n<h2 class=\"wp-block-heading\">Adopter le Z\u00e9ro D\u00e9chet : Un Choix \u00c9cologique<\/h2>\n\n\n<figure class=\"wp-block-table\">\n<table>\n<tbody>\n<tr>\n<td>\ud83c\udf0d<\/td>\n<td><strong>Pourquoi choisir le z\u00e9ro d\u00e9chet ?<\/strong> Ce mode de vie permet de r\u00e9duire notre impact sur l\u2019environnement en limitant la production de d\u00e9chets inutiles.<\/td>\n<\/tr>\n<tr>\n<td>\u267b\ufe0f<\/td>\n<td><strong>Les fondamentaux<\/strong> : Z\u00e9ro d\u00e9chet d\u00e9signe un ensemble de pratiques visant \u00e0 minimiser les d\u00e9chets, notamment en \u00e9vitant les emballages plastiques.<\/td>\n<\/tr>\n<tr>\n<td>\ud83d\udce6<\/td>\n<td><strong>Pratiques \u00e0 adopter<\/strong> : Pr\u00e9f\u00e9rer des achats sans emballages, r\u00e9utiliser les contenants et choisir des produits en vrac.<\/td>\n<\/tr>\n<tr>\n<td>\ud83c\udf7d\ufe0f<\/td>\n<td><strong>Impact sur la sant\u00e9<\/strong> : Un mode de vie z\u00e9ro d\u00e9chet implique moins d&#8217;exposition aux produits chimiques et r\u00e9duit la consommation d&#8217;aliments transform\u00e9s.<\/td>\n<\/tr>\n<tr>\n<td>\ud83d\udca1<\/td>\n<td><strong>Astuce quotidienne<\/strong> : Remplacer les produits jetables par des alternatives durables comme des sacs en tissu, des lingettes r\u00e9utilisables, etc.<\/td>\n<\/tr>\n<tr>\n<td>\ud83c\udf81<\/td>\n<td><strong>Cadeaux \u00e9coresponsables<\/strong> : Opter pour des pr\u00e9sents z\u00e9ro d\u00e9chet comme des plantes, des objets faits main ou des exp\u00e9riences plut\u00f4t que des biens mat\u00e9riels.<\/td>\n<\/tr>\n<tr>\n<td>\ud83d\udeab<\/td>\n<td><strong>Limiter les d\u00e9chets<\/strong> : R\u00e9fl\u00e9chir avant d\u2019acheter : ai-je vraiment besoin de cet objet ?<\/td>\n<\/tr>\n<tr>\n<td>\ud83d\udcd8<\/td>\n<td><strong>Ressources disponibles<\/strong> : Explorer des blogs et des livres d\u00e9di\u00e9s au z\u00e9ro d\u00e9chet pour trouver des conseils pratiques et des inspirations.<\/td>\n<\/tr>\n<tr>\n<td>\ud83d\udc6a<\/td>\n<td><strong>Impliquer la famille<\/strong> : Engager les enfants et les proches dans cette d\u00e9marche pour cr\u00e9er un environnement \u00e9coresponsable ensemble.<\/td>\n<\/tr>\n<tr>\n<td>\ud83c\udf31<\/td>\n<td><strong>R\u00e9duire, r\u00e9utiliser, recycler<\/strong> : Suivre la r\u00e8gle des 5 R pour instaurer un changement durable dans notre quotidien.<\/td>\n<\/tr>\n<\/tbody>\n<\/table>\n<\/figure>\n","protected":false},"excerpt":{"rendered":"","protected":false},"author":12,"featured_media":6490,"comment_status":"open","ping_status":"close","sticky":false,"template":"","format":"standard","meta":{"_seopress_robots_primary_cat":"","_seopress_titles_title":"","_seopress_titles_desc":"","_seopress_robots_index":"","footnotes":""},"categories":[1545],"tags":[],"class_list":["post-6489","post","type-post","status-publish","format-standard","has-post-thumbnail","hentry","category-neuchcup-fr","generate-columns","tablet-grid-50","mobile-grid-100","grid-parent","grid-33"],"_links":{"self":[{"href":"https:\/\/swisstinychalet.ch\/neuch\/wp-json\/wp\/v2\/posts\/6489","targetHints":{"allow":["GET"]}}],"collection":[{"href":"https:\/\/swisstinychalet.ch\/neuch\/wp-json\/wp\/v2\/posts"}],"about":[{"href":"https:\/\/swisstinychalet.ch\/neuch\/wp-json\/wp\/v2\/types\/post"}],"author":[{"embeddable":true,"href":"https:\/\/swisstinychalet.ch\/neuch\/wp-json\/wp\/v2\/users\/12"}],"replies":[{"embeddable":true,"href":"https:\/\/swisstinychalet.ch\/neuch\/wp-json\/wp\/v2\/comments?post=6489"}],"version-history":[{"count":0,"href":"https:\/\/swisstinychalet.ch\/neuch\/wp-json\/wp\/v2\/posts\/6489\/revisions"}],"wp:featuredmedia":[{"embeddable":true,"href":"https:\/\/swisstinychalet.ch\/neuch\/wp-json\/wp\/v2\/media\/6490"}],"wp:attachment":[{"href":"https:\/\/swisstinychalet.ch\/neuch\/wp-json\/wp\/v2\/media?parent=6489"}],"wp:term":[{"taxonomy":"category","embeddable":true,"href":"https:\/\/swisstinychalet.ch\/neuch\/wp-json\/wp\/v2\/categories?post=6489"},{"taxonomy":"post_tag","embeddable":true,"href":"https:\/\/swisstinychalet.ch\/neuch\/wp-json\/wp\/v2\/tags?post=6489"}],"curies":[{"name":"wp","href":"https:\/\/api.w.org\/{rel}","templated":true}]}}