{"id":6493,"date":"2025-01-06T13:14:21","date_gmt":"2025-01-06T07:44:21","guid":{"rendered":"https:\/\/swisstinychalet.ch\/neuch\/les-labels-ecoresponsables-pour-evenements-que-savoir"},"modified":"2025-01-06T13:14:21","modified_gmt":"2025-01-06T07:44:21","slug":"les-labels-ecoresponsables-pour-evenements-que-savoir","status":"publish","type":"post","link":"https:\/\/swisstinychalet.ch\/neuch\/les-labels-ecoresponsables-pour-evenements-que-savoir","title":{"rendered":"Les labels \u00e9coresponsables pour \u00e9v\u00e9nements : que savoir ?"},"content":{"rendered":"\n\n<p><strong>Les labels \u00e9coresponsables<\/strong> pour \u00e9v\u00e9nements sont des outils essentiels pour garantir que les manifestations respectent des crit\u00e8res environnementaux stricts. Ils attestent de l&#8217;engagement des organisateurs envers des pratiques <strong>durables<\/strong> et <strong>\u00e9thiques<\/strong>, allant de la gestion des d\u00e9chets \u00e0 l&#8217;utilisation de fournisseurs responsables. Un \u00e9v\u00e9nement labellis\u00e9 contribue non seulement \u00e0 la protection de l&#8217;environnement, mais \u00e9galement \u00e0 la sensibilisation des participants aux enjeux de la <strong>durabilit\u00e9<\/strong>. En choisissant des \u00e9v\u00e9nements certifi\u00e9s, les consommateurs peuvent faire des choix \u00e9clair\u00e9s et soutenir des initiatives <strong>\u00e9cologiques<\/strong>, favorisant ainsi un avenir plus vert.<\/p>\n\n\n<figure class=\"wp-block-embed is-type-video is-provider-youtube wp-block-embed-youtube wp-embed-aspect-16-9 wp-has-aspect-ratio\">\n<div class=\"wp-block-embed__wrapper\">\n<iframe title=\"Label Fleuriste \u00e9co-responsable dans La Quotidienne\" width=\"1200\" height=\"675\" src=\"https:\/\/www.youtube-nocookie.com\/embed\/6eNfcMUgrjo?feature=oembed\" frameborder=\"0\" allow=\"accelerometer; autoplay; clipboard-write; encrypted-media; gyroscope; picture-in-picture; web-share\" referrerpolicy=\"strict-origin-when-cross-origin\" allowfullscreen><\/iframe>\n<\/div>\n<\/figure>\n\n\n\n<p>De plus en plus, les organisateurs d&#8217;\u00e9v\u00e9nements int\u00e8grent des pratiques \u00e9coresponsables dans leurs projets. L\u2019int\u00e9r\u00eat pour des \u00e9v\u00e9nements durables se renforce, tout en engageant les participants dans des d\u00e9marches respectueuses de l\u2019environnement. Les <strong>labels \u00e9coresponsables<\/strong> apparaissent comme des outils pr\u00e9cieux pour garantir la qualit\u00e9 des initiatives et valoriser l\u2019engagement \u00e9cologique. Mais que signifient vraiment ces labels et comment peuvent-ils transformer vos \u00e9v\u00e9nements en v\u00e9ritables exemples de durabilit\u00e9 ?<\/p>\n\n\n<h2 class=\"wp-block-heading\">Qu&#8217;est-ce qu&#8217;un label \u00e9coresponsable ?<\/h2>\n\n\n<p>Les <strong>labels \u00e9coresponsables<\/strong> d\u00e9signent des certificats qui attestent que certaines normes environnementales ou de durabilit\u00e9 ont \u00e9t\u00e9 respect\u00e9es dans l&#8217;organisation d&#8217;un \u00e9v\u00e9nement. Ils peuvent couvrir divers aspects, tels que le recyclage, l&#8217;utilisation de fournisseurs locaux, ou la r\u00e9duction des d\u00e9chets. Des \u00e9v\u00e9nements comme le <strong>Festival de la Transition \u00c9cologique<\/strong> font appel \u00e0 ces labels pour promouvoir des gestes \u00e9coresponsables au quotidien. Ils repr\u00e9sentent une garantie pour les participants, qui souhaitent soutenir des initiatives responsables.<\/p>\n\n\n<h2 class=\"wp-block-heading\">Les b\u00e9n\u00e9fices d&#8217;un label<\/h2>\n\n\n<p>Opter pour un label \u00e9coresponsable apporte plusieurs avantages. Il s\u2019agit d\u2019un v\u00e9ritable gage de transparence qui rassure les collaborateurs, les sponsors et les participants. Par ailleurs, avoir un label peut contribuer \u00e0 enrichir l\u2019image de marque de l\u2019\u00e9v\u00e9nement tout en lever les barri\u00e8res \u00e0 l\u2019engagement du public. De plus, cela incite les organisateurs \u00e0 explorer des solutions innovantes pour r\u00e9duire les impacts environnementaux. Des recherches d\u00e9montrent que l&#8217;int\u00e9gration de ces pratiques attire des publics soucieux de l&#8217;\u00e9cologie.<\/p>\n\n\n<h2 class=\"wp-block-heading\">Comment choisir un label ?<\/h2>\n\n\n<p>\u00c9valuer un label peut s\u2019av\u00e9rer complexe en raison de la diversit\u00e9 des organismes de certification. Il est recommand\u00e9 de se tourner vers des labels reconnus par le milieu, tels que <strong>Eco-Event<\/strong> ou <strong>ISO 20121<\/strong>, qui se concentrent sur la gestion responsable des \u00e9v\u00e9nements. Assurez-vous \u00e9galement qu&#8217;ils correspondent aux objectifs de votre \u00e9v\u00e9nement, car les attentes peuvent varier d\u2019un secteur \u00e0 l\u2019autre. Pour une approche plus cibl\u00e9e, explorez les <a href=\"https:\/\/swisstinychalet.ch\/neuch\/explorer-les-marches-bio-et-locaux-pour-des-achats-ecoresponsables\">march\u00e9s bio et locaux<\/a>, favorisant des produits de proximit\u00e9.<\/p>\n\n\n<h2 class=\"wp-block-heading\">Concr\u00e9tiser l\u2019\u00e9coresponsabilit\u00e9 dans vos \u00e9v\u00e9nements<\/h2>\n\n\n<p>Adopter une d\u00e9marche \u00e9coresponsable ne se limite pas \u00e0 obtenir un label, mais s&#8217;\u00e9tend \u00e0 toutes les \u00e9tapes de l&#8217;organisation. Pensez \u00e0 int\u00e9grer des <strong>transports \u00e9coresponsables<\/strong> pour vos invit\u00e9s et privil\u00e9giez les <strong>produits \u00e9coresponsables<\/strong> pour tous les aspects, des aliments aux fournitures. R\u00e9fl\u00e9chir \u00e0 des id\u00e9es de <strong>cadeaux \u00e9coresponsables<\/strong> pourrait aussi apporter une touche personnelle tout en respectant la plan\u00e8te. Des alternatives \u00e9cologiques, comme le <a href=\"https:\/\/swisstinychalet.ch\/neuch\/le-terrafertil-recette-zero-dechet-pour-vos-repas\">terrafertil<\/a>, vous aideront \u00e0 r\u00e9duire l\u2019empreinte \u00e9cologique des repas.<\/p>\n\n\n<h2 class=\"wp-block-heading\">Impliquer les participants dans la d\u00e9marche \u00e9coresponsable<\/h2>\n\n\n<p>Insolite, mais totalement pertinent, impliquer vos participants est tout aussi essentiel. Organiser des ateliers sur le <strong>z\u00e9ro d\u00e9chet<\/strong> ou des activit\u00e9s visant \u00e0 sensibiliser sur les <strong>effets du changement climatique sur nos d\u00e9chets<\/strong> peuvent susciter leur int\u00e9r\u00eat et leur engagement. Cr\u00e9er des interactions autour des th\u00e9matiques \u00e9coresponsables permet de renforcer le message et de favoriser le partage des bonnes pratiques. Pensez \u00e9galement \u00e0 mettre en avant les <strong>fournisseurs \u00e9coresponsables<\/strong>, afin de valoriser ceux qui partagent votre vision.<\/p>\n\n\n<h2 class=\"wp-block-heading\">Exemples inspirants d&#8217;\u00e9v\u00e9nements \u00e9coresponsables<\/h2>\n\n\n<p>Des festivals comme <strong>C\u00e9l\u00e9brations Vibrantes<\/strong> ou le <strong>Festival Enviebrations<\/strong> montrent comment il est possible de concilier engagement \u00e9cologique et festivit\u00e9s. Ils reposent sur des valeurs de respect et de durabilit\u00e9 tout en offrant des exp\u00e9riences enrichissantes pour les participants. Ces \u00e9v\u00e9nements peuvent servir de mod\u00e8le \u00e0 suivre pour ceux qui souhaitent faire la diff\u00e9rence dans leur organisation.<\/p>\n\n\n<p>En explorant les <a href=\"https:\/\/swisstinychalet.ch\/neuch\/les-festivals-zero-dechet-un-modele-a-suivre\">festivals z\u00e9ro d\u00e9chet<\/a>, il devient \u00e9vident que les initiatives visant \u00e0 r\u00e9duire l\u2019utilisation de plastiques jetables et \u00e0 encourager des pratiques durables peuvent effectivement transformer le paysage \u00e9v\u00e9nementiel. Adopter des solutions durables en mati\u00e8re d&#8217;<strong>emballages<\/strong> et de <strong>supply chain<\/strong> n&#8217;est pas seulement une tendance, mais un v\u00e9ritable engagement vers un avenir plus responsable.<\/p>\n\n\n\n<h2 class=\"wp-block-heading\">Le R\u00f4le des Influenceurs dans les \u00c9v\u00e9nements \u00c9coresponsables \ud83c\udf0d<\/h2>\n\n\n<figure class=\"wp-block-table\">\n<table>\n<tbody>\n<tr>\n<td>\ud83c\udf89<\/td>\n<td>Les influenceurs jouent un r\u00f4le cl\u00e9 dans la promotion des <strong>\u00e9v\u00e9nements \u00e9coresponsables<\/strong>. Ils sensibilisent leurs followers \u00e0 des pratiques durables.<\/td>\n<\/tr>\n<tr>\n<td>\ud83c\udf31<\/td>\n<td>Participer \u00e0 des <strong>festivals de la transition \u00e9cologique<\/strong> permet d&#8217;apprendre \u00e0 int\u00e9grer des gestes \u00e9coresponsables au quotidien.<\/td>\n<\/tr>\n<tr>\n<td>\ud83d\udee0\ufe0f<\/td>\n<td><strong>Comment organiser des \u00e9v\u00e9nements \u00e9coresponsables<\/strong> : Planifier en tenant compte de l\u2019impact \u00e9cologique.<\/td>\n<\/tr>\n<tr>\n<td>\ud83d\ude8d<\/td>\n<td>Choisir des <strong>transports \u00e9coresponsables<\/strong> pour minimiser l&#8217;empreinte carbone de vos \u00e9v\u00e9nements est essentiel.<\/td>\n<\/tr>\n<tr>\n<td>\ud83e\uddf4<\/td>\n<td>Care propose une <strong>\u00e9valuation des produits d\u2019hygi\u00e8ne \u00e9coresponsables<\/strong> sans d\u00e9chets, afin de r\u00e9duire l\u2019impact environnemental.<\/td>\n<\/tr>\n<tr>\n<td>\ud83c\udf81<\/td>\n<td>Pour des f\u00eates durables, d\u00e9couvrez nos <strong>11 id\u00e9es de cadeaux \u00e9coresponsables<\/strong> qui favorisent le &#8216;z\u00e9ro d\u00e9chet.&#8217;<\/td>\n<\/tr>\n<tr>\n<td>\ud83d\uded2<\/td>\n<td>Explorer les <strong>march\u00e9s bio et locaux<\/strong> permet de r\u00e9aliser des achats \u00e9coresponsables tout en soutenant l\u2019\u00e9conomie locale.<\/td>\n<\/tr>\n<tr>\n<td>\ud83d\udd0d<\/td>\n<td>Privil\u00e9giez les <strong>produits \u00e9coresponsables<\/strong> dans le choix de vos fournitures et d\u00e9corations pour des \u00e9v\u00e9nements durables.<\/td>\n<\/tr>\n<tr>\n<td>\ud83c\udf88<\/td>\n<td>Inspirez-vous de <strong>bonnes id\u00e9es de d\u00e9coration de table \u00e9coresponsables<\/strong> pour apporter une touche durable \u00e0 votre \u00e9v\u00e9nement.<\/td>\n<\/tr>\n<tr>\n<td>\ud83d\udcbc<\/td>\n<td>Mettre en avant des <strong>fournisseurs \u00e9coresponsables<\/strong> renforce la d\u00e9marche durable de votre \u00e9v\u00e9nement.<\/td>\n<\/tr>\n<tr>\n<td>\ud83d\udcda<\/td>\n<td>Consultez le <strong>guide ultime des \u00e9v\u00e9nements \u00e9coresponsables<\/strong> pour devenir un expert en la mati\u00e8re.<\/td>\n<\/tr>\n<tr>\n<td>\ud83c\udf89<\/td>\n<td>Pour 2024, d\u00e9couvrez notre s\u00e9lection des <strong>20 id\u00e9es de cadeaux \u00e9coresponsables<\/strong> incontournables.<\/td>\n<\/tr>\n<tr>\n<td>\ud83c\udf0a<\/td>\n<td>La m\u00e9tropole de Lyon aspire \u00e0 un <strong>avenir sans plastique<\/strong>, une ambition \u00e9coresponsable \u00e0 suivre.<\/td>\n<\/tr>\n<tr>\n<td>\u2728<\/td>\n<td>D\u00e9veloppez-vous avec des exemples inspirants d&#8217;<strong>\u00e9v\u00e9nements \u00e9coresponsables<\/strong> qui ont laiss\u00e9 une empreinte positive.<\/td>\n<\/tr>\n<tr>\n<td>\ud83d\udce6<\/td>\n<td>Adoptez des <strong>emballages \u00e9coresponsables<\/strong> : 6 solutions durables \u00e0 int\u00e9grer en 2024.<\/td>\n<\/tr>\n<tr>\n<td>\u23f3<\/td>\n<td>L&#8217;importance des <strong>\u00e9v\u00e9nements \u00e9coresponsables<\/strong> est cruciale dans notre lutte contre le changement climatique.<\/td>\n<\/tr>\n<tr>\n<td>\ud83c\udf21\ufe0f<\/td>\n<td>Comprendre les <strong>effets du changement climatique sur nos d\u00e9chets<\/strong> est un premier pas vers un avenir durable.<\/td>\n<\/tr>\n<tr>\n<td>\ud83c\udf3f<\/td>\n<td>Pourquoi choisir le <strong>z\u00e9ro d\u00e9chet<\/strong> ? Une question essentielle pour r\u00e9duire notre impact sur l&#8217;environnement.<\/td>\n<\/tr>\n<tr>\n<td>\ud83c\udf7d\ufe0f<\/td>\n<td>D\u00e9couvrez le <strong>terrafertil<\/strong>, une recette z\u00e9ro d\u00e9chet pour vos repas savoureux.<\/td>\n<\/tr>\n<tr>\n<td>\u2708\ufe0f<\/td>\n<td>Des conseils pratiques pour du <strong>z\u00e9ro d\u00e9chet en voyage<\/strong> : optimisez votre impact.<\/td>\n<\/tr>\n<tr>\n<td>\u267b\ufe0f<\/td>\n<td>Trouver des <strong>alternatives \u00e9cologiques aux plastiques jetables<\/strong> est essentiel pour pr\u00e9server notre plan\u00e8te.<\/td>\n<\/tr>\n<tr>\n<td>\ud83d\udc68\u200d\ud83d\udc69\u200d\ud83d\udc66<\/td>\n<td>Apprenez \u00e0 <strong>adopter un mode de vie z\u00e9ro d\u00e9chet en famille<\/strong> pour un impact collectif positif.<\/td>\n<\/tr>\n<tr>\n<td>\ud83c\udf8a<\/td>\n<td>Venez viser le <strong>z\u00e9ro d\u00e9chet<\/strong> lors du <strong>Festival de l\u2019\u00c9cologie<\/strong> \u00e0 Maizi\u00e8res-l\u00e8s-Metz ce dimanche !<\/td>\n<\/tr>\n<tr>\n<td>\ud83c\udf74<\/td>\n<td>R\u00e9duire l&#8217;<strong>empreinte \u00e9cologique<\/strong> de la cuisine \u00e0 la table est un enjeu d&#8217;aujourd&#8217;hui.<\/td>\n<\/tr>\n<tr>\n<td>\ud83d\udc65<\/td>\n<td>Impliquer les participants dans une <strong>d\u00e9marche \u00e9coresponsable<\/strong> est crucial pour garantir le succ\u00e8s des \u00e9v\u00e9nements.<\/td>\n<\/tr>\n<tr>\n<td>\ud83c\udfdb\ufe0f<\/td>\n<td>Le r\u00f4le des <strong>collectivit\u00e9s locales<\/strong> est primordial dans la transition \u00e9cologique.<\/td>\n<\/tr>\n<tr>\n<td>\ud83c\udf08<\/td>\n<td>Les <strong>festivals z\u00e9ro d\u00e9chet<\/strong> mettent en avant un mod\u00e8le inspirant \u00e0 suivre pour tous.<\/td>\n<\/tr>\n<tr>\n<td>\ud83c\udfb6<\/td>\n<td>D\u00e9couvrez <strong>C\u00e9l\u00e9brations Vibrantes<\/strong> : le <strong>Festival Enviebrations<\/strong> comme exemple d&#8217;\u00e9v\u00e9nements \u00e9coresponsables.<\/td>\n<\/tr>\n<tr>\n<td>\ud83d\udcc8<\/td>\n<td>Les <strong>tendances dans l\u2019\u00e9v\u00e9nementiel \u00e9coresponsable<\/strong> \u00e9voluent continuellement, suivez-les de pr\u00e8s.<\/td>\n<\/tr>\n<tr>\n<td>\ud83c\udfa8<\/td>\n<td>L&#8217;<strong>art<\/strong> peut \u00eatre un puissant vecteur de sensibilisation \u00e0 \u00e9chelle \u00e9cologique.<\/td>\n<\/tr>\n<\/tbody>\n<\/table>\n<\/figure>\n","protected":false},"excerpt":{"rendered":"","protected":false},"author":10,"featured_media":6494,"comment_status":"open","ping_status":"close","sticky":false,"template":"","format":"standard","meta":{"_seopress_robots_primary_cat":"","_seopress_titles_title":"","_seopress_titles_desc":"","_seopress_robots_index":"","footnotes":""},"categories":[1545],"tags":[],"class_list":["post-6493","post","type-post","status-publish","format-standard","has-post-thumbnail","hentry","category-neuchcup-fr","generate-columns","tablet-grid-50","mobile-grid-100","grid-parent","grid-33"],"_links":{"self":[{"href":"https:\/\/swisstinychalet.ch\/neuch\/wp-json\/wp\/v2\/posts\/6493","targetHints":{"allow":["GET"]}}],"collection":[{"href":"https:\/\/swisstinychalet.ch\/neuch\/wp-json\/wp\/v2\/posts"}],"about":[{"href":"https:\/\/swisstinychalet.ch\/neuch\/wp-json\/wp\/v2\/types\/post"}],"author":[{"embeddable":true,"href":"https:\/\/swisstinychalet.ch\/neuch\/wp-json\/wp\/v2\/users\/10"}],"replies":[{"embeddable":true,"href":"https:\/\/swisstinychalet.ch\/neuch\/wp-json\/wp\/v2\/comments?post=6493"}],"version-history":[{"count":0,"href":"https:\/\/swisstinychalet.ch\/neuch\/wp-json\/wp\/v2\/posts\/6493\/revisions"}],"wp:featuredmedia":[{"embeddable":true,"href":"https:\/\/swisstinychalet.ch\/neuch\/wp-json\/wp\/v2\/media\/6494"}],"wp:attachment":[{"href":"https:\/\/swisstinychalet.ch\/neuch\/wp-json\/wp\/v2\/media?parent=6493"}],"wp:term":[{"taxonomy":"category","embeddable":true,"href":"https:\/\/swisstinychalet.ch\/neuch\/wp-json\/wp\/v2\/categories?post=6493"},{"taxonomy":"post_tag","embeddable":true,"href":"https:\/\/swisstinychalet.ch\/neuch\/wp-json\/wp\/v2\/tags?post=6493"}],"curies":[{"name":"wp","href":"https:\/\/api.w.org\/{rel}","templated":true}]}}