{"id":6519,"date":"2025-01-09T13:51:57","date_gmt":"2025-01-09T08:21:57","guid":{"rendered":"https:\/\/swisstinychalet.ch\/neuch\/comment-creer-une-ambiance-ecoresponsable"},"modified":"2025-01-09T13:51:57","modified_gmt":"2025-01-09T08:21:57","slug":"comment-creer-une-ambiance-ecoresponsable","status":"publish","type":"post","link":"https:\/\/swisstinychalet.ch\/neuch\/comment-creer-une-ambiance-ecoresponsable","title":{"rendered":"Comment cr\u00e9er une ambiance \u00e9coresponsable"},"content":{"rendered":"\n\n<p>Pour <strong>cr\u00e9er une ambiance \u00e9coresponsable<\/strong> dans votre espace de vie, commencez par int\u00e9grer des <strong>mat\u00e9riaux naturels<\/strong> et renouvelables. Optez pour une <strong>d\u00e9co minimaliste<\/strong> qui privil\u00e9gie la simplicit\u00e9 et r\u00e9duit l&#8217;empreinte carbone. Utilisez des objets de <strong>seconde main<\/strong> pour une approche durable, en chinant aupr\u00e8s d&#8217;artisans locaux. Les <strong>plantes d&#8217;int\u00e9rieur<\/strong>, comme les succulentes et les cactus, ajoutent une touche de verdure tout en purifiant l&#8217;air. Pensez \u00e9galement au <strong>upcycling<\/strong> en transformant de vieux meubles en pi\u00e8ces uniques. Enfin, choisissez des <strong>\u00e9clairages doux<\/strong> pour une atmosph\u00e8re chaleureuse tout en \u00e9conomisant de l&#8217;\u00e9nergie.<\/p>\n\n\n<figure class=\"wp-block-embed is-type-video is-provider-youtube wp-block-embed-youtube wp-embed-aspect-16-9 wp-has-aspect-ratio\">\n<div class=\"wp-block-embed__wrapper\">\n<iframe title=\"Le nouvel office de tourisme du Val de Somme | Conf\u00e9rence | Journ\u00e9es nationales de l&#039;architecture\" width=\"1200\" height=\"675\" src=\"https:\/\/www.youtube-nocookie.com\/embed\/x5B2ihvwdAI?feature=oembed\" frameborder=\"0\" allow=\"accelerometer; autoplay; clipboard-write; encrypted-media; gyroscope; picture-in-picture; web-share\" referrerpolicy=\"strict-origin-when-cross-origin\" allowfullscreen><\/iframe>\n<\/div>\n<\/figure>\n\n\n\n<p>Cr\u00e9er une ambiance \u00e9coresponsable chez soi n&#8217;est pas seulement une tendance, mais un bel engagement envers notre plan\u00e8te. En int\u00e9grant des \u00e9l\u00e9ments durables dans son int\u00e9rieur, on peut allier esth\u00e9tique et respect de l&#8217;environnement. Qu\u2019il s\u2019agisse de votre salon, de votre chambre ou m\u00eame de votre espace de travail, d\u00e9couvrir comment apporter cette touche verte peut transformer votre quotidien.<\/p>\n\n\n<h2 class=\"wp-block-heading\">Optez pour les mat\u00e9riaux naturels<\/h2>\n\n\n<p>Lorsque l&#8217;on pense \u00e0 une d\u00e9coration \u00e9coresponsable, les <strong>mat\u00e9riaux naturels<\/strong> doivent \u00eatre en t\u00eate de liste. Privil\u00e9gier des \u00e9l\u00e9ments en bois, en jute ou en bambou non seulement apporte une douceur visuelle, mais contribue \u00e9galement \u00e0 r\u00e9duire les \u00e9missions de carbone. Ces mat\u00e9riaux cr\u00e9ent une atmosph\u00e8re chaleureuse et authentique, essentielle pour une ambiance relaxante.<\/p>\n\n\n<h2 class=\"wp-block-heading\">Int\u00e9grer des plantes d\u2019int\u00e9rieur<\/h2>\n\n\n<p>Les <strong>plantes d\u2019int\u00e9rieur<\/strong> jouent un r\u00f4le cl\u00e9 dans la cr\u00e9ation d\u2019un environnement \u00e9coresponsable. Des vari\u00e9t\u00e9s comme les succulentes ou les cactus demandent peu d&#8217;entretien tout en purifiant l&#8217;air. En ajoutant ces touches de verdure, votre espace devient vivant tout en am\u00e9liorant la qualit\u00e9 de l&#8217;air. De plus, elles apportent une connexion directe avec la nature, essentielle dans nos vies urbaines.<\/p>\n\n\n<h2 class=\"wp-block-heading\">Choix de la d\u00e9coration seconde main<\/h2>\n\n\n<p>La <strong>d\u00e9coration de seconde main<\/strong> est une autre excellente mani\u00e8re de r\u00e9duire son empreinte \u00e9cologique. En chassant des pi\u00e8ces uniques dans les brocantes ou en ligne, vous non seulement donnez une seconde vie \u00e0 des objets mais d\u00e9couvrez aussi des tr\u00e9sors qui ajoutent du caract\u00e8re \u00e0 votre int\u00e9rieur. Chaque \u00e9l\u00e9ment a son histoire, ce qui le rend d\u2019autant plus sp\u00e9cial.<\/p>\n\n\n<h2 class=\"wp-block-heading\">Favoriser le DIY et l\u2019upcycling<\/h2>\n\n\n<p>Cr\u00e9er ses propres objets d\u00e9coratifs par le biais du <strong>DIY<\/strong> ou de l\u2019<strong>upcycling<\/strong> est gratifiant et \u00e9coresponsable. Fabriquer des suspensions en <strong>macram\u00e9<\/strong> ou des tableaux \u00e0 partir de mat\u00e9riaux recycl\u00e9s permet d\u2019ajouter une note personnelle tout en \u00e9vitant la consommation de produits neufs. Cela enrichit \u00e9galement votre espace d\u2019une touche d\u2019authenticit\u00e9.<\/p>\n\n\n<h2 class=\"wp-block-heading\">\u00c9quipements et meubles durables<\/h2>\n\n\n<p>Investir dans des <strong>meubles durables<\/strong> peut sembler co\u00fbteux au d\u00e9part, mais c\u2019est une d\u00e9marche b\u00e9n\u00e9fique \u00e0 long terme. Des marques qui proposent du mobilier \u00e9coresponsable garantissent g\u00e9n\u00e9ralement des pratiques de fabrication respectueuses de l&#8217;environnement. Choisir des pi\u00e8ces fabriqu\u00e9es en mat\u00e9riaux recycl\u00e9s assure une qualit\u00e9 sup\u00e9rieure et une durabilit\u00e9 plus importante.<\/p>\n\n\n<h2 class=\"wp-block-heading\">Cr\u00e9er une atmosph\u00e8re conviviale<\/h2>\n\n\n<p>Le choix des <strong>couleurs<\/strong> joue \u00e9galement un r\u00f4le dans l\u2019atmosph\u00e8re d\u2019un espace. Optez pour des teintes douces et naturelles pour amplifier l\u2019effet apaisant. La lumi\u00e8re doit circuler harmonieusement, donc privil\u00e9giez les rideaux l\u00e9gers qui la laissent entrer. Cr\u00e9ez des zones chaleureuses avec des coussins et des tapis doux, cela encourage des moments de partage et de convivialit\u00e9.<\/p>\n\n\n<h2 class=\"wp-block-heading\">Engagement communautaire<\/h2>\n\n\n<p>Impulser une d\u00e9marche \u00e9coresponsable ne se limite pas \u00e0 son espace personnel. Partager ses id\u00e9es autour de vous ou s&#8217;impliquer dans des initiatives locales permet de sensibiliser son entourage. En s&#8217;engageant ensemble, la communaut\u00e9 peut participer activement \u00e0 un changement positif. D\u00e9couvrez comment <a href=\"https:\/\/swisstinychalet.ch\/neuch\/engager-la-communaute-dans-levenement-ecoresponsable\">engager la communaut\u00e9<\/a> peut transformer vos projets.<\/p>\n\n\n<h2 class=\"wp-block-heading\">Conclusion sur l\u2019impact de nos choix<\/h2>\n\n\n<p>Les choix que nous faisons en mati\u00e8re de d\u00e9coration influencent non seulement notre environnement imm\u00e9diat, mais \u00e9galement notre empreinte sur la Terre. Adopter une <strong>d\u00e9marche \u00e9coresponsable<\/strong> dans son int\u00e9rieur est un pas vers un mode de vie plus durable. En explorant des moyens tels que <a href=\"https:\/\/swisstinychalet.ch\/neuch\/idees-de-decoration-de-table-ecoresponsables\">des id\u00e9es de d\u00e9coration de table \u00e9coresponsables<\/a> ou en d\u00e9couvrant des <a href=\"https:\/\/swisstinychalet.ch\/neuch\/idees-de-cadeaux-ecoresponsables-notre-selection-des-20-incontournables-pour-2024\">cadeaux \u00e9coresponsables<\/a>, chaque petit pas compte pour demain.<\/p>\n\n\n\n<h2 class=\"wp-block-heading\">Inspirations pour une d\u00e9coration \u00e9coresponsable<\/h2>\n\n\n<figure class=\"wp-block-table\">\n<table>\n<tbody>\n<tr>\n<td>\ud83c\udf3f<\/td>\n<td><strong>Plantes d&#8217;int\u00e9rieur :<\/strong> Les succulentes et les cactus ajoutent une touche de verdure et sont faciles \u00e0 entretenir.<\/td>\n<\/tr>\n<tr>\n<td>\u267b\ufe0f<\/td>\n<td><strong>Upcycling :<\/strong> R\u00e9utilisez des objets anciens pour redonner vie \u00e0 votre d\u00e9coration.<\/td>\n<\/tr>\n<tr>\n<td>\ud83d\udecd\ufe0f<\/td>\n<td><strong>Objets de seconde main :<\/strong> Favorisez la seconde main pour r\u00e9duire votre empreinte carbone.<\/td>\n<\/tr>\n<tr>\n<td>\ud83c\udfa8<\/td>\n<td><strong>Mat\u00e9riaux naturels :<\/strong> Optez pour le bois, la pierre ou le lin pour une ambiance chaleureuse.<\/td>\n<\/tr>\n<tr>\n<td>\ud83d\udc65<\/td>\n<td><strong>Artisans locaux :<\/strong> Achetez des cr\u00e9ations faites mains en soutenant l&#8217;\u00e9conomie locale.<\/td>\n<\/tr>\n<tr>\n<td>\ud83c\udf31<\/td>\n<td><strong>D\u00e9coration minimaliste :<\/strong> Simplifiez votre int\u00e9rieur pour un impact \u00e9cologique r\u00e9duit.<\/td>\n<\/tr>\n<tr>\n<td>\ud83d\uddbc\ufe0f<\/td>\n<td><strong>Moodboards :<\/strong> Cr\u00e9ez des tableaux d&#8217;inspiration pour harmoniser votre espace.<\/td>\n<\/tr>\n<\/tbody>\n<\/table>\n<\/figure>\n","protected":false},"excerpt":{"rendered":"","protected":false},"author":10,"featured_media":6520,"comment_status":"open","ping_status":"close","sticky":false,"template":"","format":"standard","meta":{"_seopress_robots_primary_cat":"","_seopress_titles_title":"","_seopress_titles_desc":"","_seopress_robots_index":"","footnotes":""},"categories":[1545],"tags":[],"class_list":["post-6519","post","type-post","status-publish","format-standard","has-post-thumbnail","hentry","category-neuchcup-fr","generate-columns","tablet-grid-50","mobile-grid-100","grid-parent","grid-33"],"_links":{"self":[{"href":"https:\/\/swisstinychalet.ch\/neuch\/wp-json\/wp\/v2\/posts\/6519","targetHints":{"allow":["GET"]}}],"collection":[{"href":"https:\/\/swisstinychalet.ch\/neuch\/wp-json\/wp\/v2\/posts"}],"about":[{"href":"https:\/\/swisstinychalet.ch\/neuch\/wp-json\/wp\/v2\/types\/post"}],"author":[{"embeddable":true,"href":"https:\/\/swisstinychalet.ch\/neuch\/wp-json\/wp\/v2\/users\/10"}],"replies":[{"embeddable":true,"href":"https:\/\/swisstinychalet.ch\/neuch\/wp-json\/wp\/v2\/comments?post=6519"}],"version-history":[{"count":0,"href":"https:\/\/swisstinychalet.ch\/neuch\/wp-json\/wp\/v2\/posts\/6519\/revisions"}],"wp:featuredmedia":[{"embeddable":true,"href":"https:\/\/swisstinychalet.ch\/neuch\/wp-json\/wp\/v2\/media\/6520"}],"wp:attachment":[{"href":"https:\/\/swisstinychalet.ch\/neuch\/wp-json\/wp\/v2\/media?parent=6519"}],"wp:term":[{"taxonomy":"category","embeddable":true,"href":"https:\/\/swisstinychalet.ch\/neuch\/wp-json\/wp\/v2\/categories?post=6519"},{"taxonomy":"post_tag","embeddable":true,"href":"https:\/\/swisstinychalet.ch\/neuch\/wp-json\/wp\/v2\/tags?post=6519"}],"curies":[{"name":"wp","href":"https:\/\/api.w.org\/{rel}","templated":true}]}}