{"id":6525,"date":"2025-01-09T18:48:49","date_gmt":"2025-01-09T13:18:49","guid":{"rendered":"https:\/\/swisstinychalet.ch\/neuch\/roubaix-une-pionniere-dans-le-mouvement-zero-dechet-decouvrez-notre-infographie"},"modified":"2025-01-09T18:48:49","modified_gmt":"2025-01-09T13:18:49","slug":"roubaix-une-pionniere-dans-le-mouvement-zero-dechet-decouvrez-notre-infographie","status":"publish","type":"post","link":"https:\/\/swisstinychalet.ch\/neuch\/roubaix-une-pionniere-dans-le-mouvement-zero-dechet-decouvrez-notre-infographie","title":{"rendered":"Roubaix : Une Pionni\u00e8re dans le Mouvement Z\u00e9ro D\u00e9chet &#8211; D\u00e9couvrez notre Infographie"},"content":{"rendered":"\n\n<p>Depuis 2014, <strong>Roubaix<\/strong> s&#8217;affirme comme une r\u00e9f\u00e9rence en mati\u00e8re de <strong>z\u00e9ro d\u00e9chet<\/strong>, engag\u00e9e dans une d\u00e9marche visant \u00e0 r\u00e9duire consid\u00e9rablement les d\u00e9chets. Gr\u00e2ce \u00e0 des initiatives innovantes, la ville a r\u00e9uni une communaut\u00e9 active de familles, commer\u00e7ants et \u00e9coles, tous mobilis\u00e9s pour all\u00e9ger leur impact environnemental.<\/p>\n\n\n<p>Avec un objectif clair de diminuer de <strong>50 % le poids<\/strong> de leurs poubelles, les participants r\u00e9alisent des <strong>\u00e9conomies significatives<\/strong>, que ce soit sur leurs budgets quotidiens ou \u00e0 travers des ateliers pratiques pour apprendre \u00e0 adopter des gestes durables. Plus de <strong>800 foyers<\/strong> s&#8217;impliquent activement dans ce d\u00e9fi, et le mouvement continue de cro\u00eetre.<\/p>\n\n\n<p>L&#8217;infographie pr\u00e9sente des donn\u00e9es cl\u00e9s sur les r\u00e9ussites de ce programme et met en lumi\u00e8re l&#8217;importance du <strong>d\u00e9veloppement durable<\/strong> \u00e0 Roubaix, faisant de cette ville un mod\u00e8le pour d&#8217;autres collectivit\u00e9s. Les commer\u00e7ants labellis\u00e9s et les actions \u00e9ducatives dans les \u00e9coles soulignent l&#8217;engagement profond de la communaut\u00e9 envers un futur \u00e9coresponsable.<\/p>\n\n\n<figure class=\"wp-block-embed is-type-video is-provider-youtube wp-block-embed-youtube wp-embed-aspect-16-9 wp-has-aspect-ratio\">\n<div class=\"wp-block-embed__wrapper\">\n<iframe title=\"Objectif Z\u00e9ro D\u00e9chet - Se lancer dans le Z\u00e9ro D\u00e9chet en tant que commer\u00e7ant \u00e0 Roubaix\" width=\"1200\" height=\"675\" src=\"https:\/\/www.youtube-nocookie.com\/embed\/BcmpbwDwPYM?feature=oembed\" frameborder=\"0\" allow=\"accelerometer; autoplay; clipboard-write; encrypted-media; gyroscope; picture-in-picture; web-share\" referrerpolicy=\"strict-origin-when-cross-origin\" allowfullscreen><\/iframe>\n<\/div>\n<\/figure>\n\n\n\n<p>            La <strong>Ville de Roubaix<\/strong> s&#8217;affirme comme un exemple \u00e0 suivre en mati\u00e8re de d\u00e9veloppement durable. Loin des discours th\u00e9oriques, elle a su transformer son engagement en actions concr\u00e8tes. Cet article met en lumi\u00e8re les initiatives qui ont propuls\u00e9 Roubaix au rang de pionni\u00e8re dans le mouvement du <strong>z\u00e9ro d\u00e9chet<\/strong>.<\/p>\n\n\n<h2 class=\"wp-block-heading\">Un engagement solide depuis 2014<\/h2>\n\n\n<p>            Laur\u00e9ate de l\u2019appel \u00e0 projet \u00ab Territoire Z\u00e9ro D\u00e9chet Z\u00e9ro Gaspillage \u00bb, Roubaix a d\u00e9marr\u00e9 son aventure en 2014. Depuis, de nombreux <strong>foyers<\/strong> ont rejoint cette dynamique, ce qui a permis de v\u00e9ritablement changer les mentalit\u00e9s. Aujourd\u2019hui, pr\u00e8s de 800 foyers participent activement \u00e0 r\u00e9duire leur production de d\u00e9chets, impactant ainsi environ 2 500 <strong>familles<\/strong> dans la m\u00e9tropole lilloise. <\/p>\n\n\n<h2 class=\"wp-block-heading\">Un mouvement en pleine expansion<\/h2>\n\n\n<p>            La d\u00e9marche engag\u00e9e par Roubaix ne se limite pas aux r\u00e9sidents. Commer\u00e7ants et \u00e9coles se joignent \u00e9galement \u00e0 cette initiative. Au sein de la m\u00e9tropole, ce sont pas moins de 25 villes qui participent \u00e0 ce projet, avec pr\u00e8s de 60 <strong>ambassadeurs<\/strong> form\u00e9s pour partager leurs savoir-faire \u00e0 travers des ateliers. Ces derniers permettent aux participants d&#8217;apprendre \u00e0 faire leurs propres produits m\u00e9nagers, ainsi qu&#8217;\u00e0 cuisiner avec des ingr\u00e9dients anti-gaspillage.<\/p>\n\n\n<h2 class=\"wp-block-heading\">Les r\u00e9sultats sont l\u00e0<\/h2>\n\n\n<p>            Sur le plan \u00e9conomique, les retomb\u00e9es sont significatives. En moyenne, les foyers ayant adopt\u00e9 ce mode de vie constatent des \u00e9conomies allant de 1 000 \u00e0 3 000 \u20ac par an. Cela s&#8217;accompagne d&#8217;une r\u00e9duction d&#8217;environ 50 % du poids des ordures, ce qui t\u00e9moigne de l&#8217;efficacit\u00e9 des actions men\u00e9es. Pour les m\u00e9nages, cela repr\u00e9sente par ailleurs environ 150 \u20ac d&#8217;\u00e9conomies par mois.<\/p>\n\n\n<h2 class=\"wp-block-heading\">Une \u00e9ducation \u00e0 la durabilit\u00e9 d\u00e8s le plus jeune \u00e2ge<\/h2>\n\n\n<p>            L&#8217;\u00e9ducation environnementale se trouve au c\u0153ur des pr\u00e9occupations des <strong>\u00e9coles<\/strong> de Roubaix. Les \u00e9l\u00e8ves de CP sont sensibilis\u00e9s d\u00e8s la rentr\u00e9e, leur permettant de comprendre l&#8217;impact de leurs gestes au quotidien. Gr\u00e2ce \u00e0 un ensemble de ressources, tels que des kits go\u00fbters <strong>z\u00e9ro d\u00e9chet<\/strong>, ces enfants prennent conscience de l&#8217;importance de faire des choix durables, un apprentissage qu\u2019ils sont invit\u00e9s \u00e0 partager avec leur famille.<\/p>\n\n\n<h2 class=\"wp-block-heading\">Roubaix, un mod\u00e8le \u00e0 suivre<\/h2>\n\n\n<p>            Avec une centaine de nouvelles <strong>familles<\/strong> rejoignant chaque ann\u00e9e cette aventure, le mouvement <strong>z\u00e9ro d\u00e9chet<\/strong> \u00e0 Roubaix continue d\u2019inspirer. La ville est non seulement un leader en France, mais elle mobilise \u00e9galement d&#8217;autres villes \u00e0 travers des initiatives comme les <strong>festivals z\u00e9ro d\u00e9chet<\/strong> et des \u00e9v\u00e9nements locaux, servant de point de r\u00e9f\u00e9rence pour ceux qui souhaitent r\u00e9duire leur empreinte \u00e9cologiques. <\/p>\n\n\n<h2 class=\"wp-block-heading\">Pour en savoir plus<\/h2>\n\n\n<p>            Les informations pr\u00e9sent\u00e9es ici ne sont qu&#8217;un aper\u00e7u des efforts impressionnants d\u00e9ploy\u00e9s \u00e0 Roubaix. Pour ceux qui souhaitent approfondir le sujet et d\u00e9couvrir d\u2019autres initiatives, des ressources utiles sont disponibles. Visionnez des zones int\u00e9ressantes comme <a href=\"https:\/\/swisstinychalet.ch\/neuch\/reduire-reutiliser-recycler-la-philosophie-zero-dechet\">la philosophie z\u00e9ro d\u00e9chet<\/a>, apprenez \u00e0 choisir des <a href=\"https:\/\/swisstinychalet.ch\/neuch\/pourquoi-opter-pour-des-cadeaux-dentreprise-zero-dechet\">cadeaux d\u2019entreprise z\u00e9ro d\u00e9chet<\/a>, ou d\u00e9couvrez comment les <a href=\"https:\/\/swisstinychalet.ch\/neuch\/les-festivals-zero-dechet-un-modele-a-suivre\">festivals z\u00e9ro d\u00e9chet<\/a> se pr\u00e9sentent comme un exemple \u00e0 suivre.<\/p>\n\n\n\n<h2 class=\"wp-block-heading\">Roubaix : Une Pionni\u00e8re du Z\u00e9ro D\u00e9chet<\/h2>\n\n\n<figure class=\"wp-block-table\">\n<table>\n<tbody>\n<tr>\n<td>\u267b\ufe0f<\/td>\n<td><strong>Engagement Z\u00e9ro D\u00e9chet<\/strong> : Roubaix a \u00e9t\u00e9 d\u00e9sign\u00e9e laur\u00e9ate en 2014 de l&#8217;appel \u00e0 projet \u00ab Territoire Z\u00e9ro D\u00e9chet Z\u00e9ro Gaspillage \u00bb du minist\u00e8re de l&#8217;Environnement.<\/td>\n<\/tr>\n<tr>\n<td>\ud83c\udf31<\/td>\n<td><strong>Communaut\u00e9 Active<\/strong> : Plus de 800 foyers participent \u00e0 la d\u00e9marche, touchant environ 2 500 familles au total dans la ville.<\/td>\n<\/tr>\n<tr>\n<td>\ud83d\udcb0<\/td>\n<td><strong>\u00c9conomies R\u00e9alis\u00e9es<\/strong> : Les familles engag\u00e9es \u00e9conomisent en moyenne entre 1 000 et 3 000 \u20ac par an en r\u00e9duisant leur production de d\u00e9chets de 50 %.<\/td>\n<\/tr>\n<tr>\n<td>\ud83c\udfd9\ufe0f<\/td>\n<td><strong>Villes Partenaires<\/strong> : 25 villes de la M\u00e9tropole de Lille collaborent \u00e9galement dans ce programme, soutenant des actions pour promouvoir le Z\u00e9ro D\u00e9chet.<\/td>\n<\/tr>\n<tr>\n<td>\ud83d\udc65<\/td>\n<td><strong>Commer\u00e7ants Labellis\u00e9s<\/strong> : 96 commer\u00e7ants \u00e0 Roubaix sont labellis\u00e9s \u00ab Z\u00e9ro D\u00e9chet \u00bb, soutenant un commerce responsable et durable.<\/td>\n<\/tr>\n<tr>\n<td>\ud83d\udcda<\/td>\n<td><strong>Sensibilisation Scolaire<\/strong> : Les \u00e9l\u00e8ves de CP participent \u00e0 des ateliers \u00e9ducatifs sur le Z\u00e9ro D\u00e9chet pour apprendre \u00e0 r\u00e9duire leur impact environnemental.<\/td>\n<\/tr>\n<\/tbody>\n<\/table>\n<\/figure>\n","protected":false},"excerpt":{"rendered":"","protected":false},"author":12,"featured_media":6526,"comment_status":"open","ping_status":"close","sticky":false,"template":"","format":"standard","meta":{"_seopress_robots_primary_cat":"","_seopress_titles_title":"","_seopress_titles_desc":"","_seopress_robots_index":"","footnotes":""},"categories":[1545],"tags":[],"class_list":["post-6525","post","type-post","status-publish","format-standard","has-post-thumbnail","hentry","category-neuchcup-fr","generate-columns","tablet-grid-50","mobile-grid-100","grid-parent","grid-33"],"_links":{"self":[{"href":"https:\/\/swisstinychalet.ch\/neuch\/wp-json\/wp\/v2\/posts\/6525","targetHints":{"allow":["GET"]}}],"collection":[{"href":"https:\/\/swisstinychalet.ch\/neuch\/wp-json\/wp\/v2\/posts"}],"about":[{"href":"https:\/\/swisstinychalet.ch\/neuch\/wp-json\/wp\/v2\/types\/post"}],"author":[{"embeddable":true,"href":"https:\/\/swisstinychalet.ch\/neuch\/wp-json\/wp\/v2\/users\/12"}],"replies":[{"embeddable":true,"href":"https:\/\/swisstinychalet.ch\/neuch\/wp-json\/wp\/v2\/comments?post=6525"}],"version-history":[{"count":0,"href":"https:\/\/swisstinychalet.ch\/neuch\/wp-json\/wp\/v2\/posts\/6525\/revisions"}],"wp:featuredmedia":[{"embeddable":true,"href":"https:\/\/swisstinychalet.ch\/neuch\/wp-json\/wp\/v2\/media\/6526"}],"wp:attachment":[{"href":"https:\/\/swisstinychalet.ch\/neuch\/wp-json\/wp\/v2\/media?parent=6525"}],"wp:term":[{"taxonomy":"category","embeddable":true,"href":"https:\/\/swisstinychalet.ch\/neuch\/wp-json\/wp\/v2\/categories?post=6525"},{"taxonomy":"post_tag","embeddable":true,"href":"https:\/\/swisstinychalet.ch\/neuch\/wp-json\/wp\/v2\/tags?post=6525"}],"curies":[{"name":"wp","href":"https:\/\/api.w.org\/{rel}","templated":true}]}}