{"id":6561,"date":"2025-01-12T23:24:51","date_gmt":"2025-01-12T17:54:51","guid":{"rendered":"https:\/\/swisstinychalet.ch\/neuch\/decouvrez-celita-la-boutique-zero-dechet-au-coeur-de-lalinde"},"modified":"2025-01-12T23:24:51","modified_gmt":"2025-01-12T17:54:51","slug":"decouvrez-celita-la-boutique-zero-dechet-au-coeur-de-lalinde","status":"publish","type":"post","link":"https:\/\/swisstinychalet.ch\/neuch\/decouvrez-celita-la-boutique-zero-dechet-au-coeur-de-lalinde","title":{"rendered":"D\u00e9couvrez Celita : la boutique z\u00e9ro d\u00e9chet au c\u0153ur de Lalinde"},"content":{"rendered":"\n\n<p><strong>D\u00e9couvrez C\u00e9lita<\/strong>, une boutique <strong>z\u00e9ro d\u00e9chet<\/strong> situ\u00e9e \u00e0 Lalinde, qui propose des alternatives <strong>\u00e9cologiques<\/strong> et <strong>\u00e9coresponsables<\/strong> pour am\u00e9liorer nos gestes quotidiens. Fond\u00e9e par C\u00e9lia, cette boutique a vu le jour apr\u00e8s une reconversion professionnelle et s&#8217;inscrit dans une d\u00e9marche respectueuse de l&#8217;environnement. <strong>Chez C\u00e9lita<\/strong>, vous trouverez des produits <strong>lavables<\/strong>, <strong>r\u00e9utilisables<\/strong> et <strong>naturels<\/strong>, ainsi que des articles <strong>cruelty-free<\/strong> et le plus souvent <strong>made in France<\/strong>. L\u2019objectif est de r\u00e9duire les d\u00e9chets tout en offrant des solutions durables et saines pour le quotidien.<\/p>\n\n\n<figure class=\"wp-block-embed is-type-video is-provider-youtube wp-block-embed-youtube wp-embed-aspect-16-9 wp-has-aspect-ratio\">\n<div class=\"wp-block-embed__wrapper\">\n<iframe title=\"D\u00e9couvrez nos produits z\u00e9ro dechet sur lescotonsderomane.com! #zerodechet #ideecadeau #conseilbeaute\" width=\"1200\" height=\"675\" src=\"https:\/\/www.youtube-nocookie.com\/embed\/_dRKw42Y6Kc?feature=oembed\" frameborder=\"0\" allow=\"accelerometer; autoplay; clipboard-write; encrypted-media; gyroscope; picture-in-picture; web-share\" referrerpolicy=\"strict-origin-when-cross-origin\" allowfullscreen><\/iframe>\n<\/div>\n<\/figure>\n\n\n\n<h2 class=\"wp-block-heading\">Une boutique engag\u00e9e au c\u0153ur de Lalinde<\/h2>\n\n\n<p>Lalinde, charmante petite ville, abrite \u00ab <strong>Chez Celita<\/strong> \u00bb, une boutique d\u00e9di\u00e9e au z\u00e9ro d\u00e9chet. Ce lieu innovant se d\u00e9marque par son engagement \u00e0 offrir des alternatives \u00e9cologiques \u00e0 nos comportements quotidiens. Au sein de cette boutique, l&#8217;id\u00e9e est de red\u00e9finir la fa\u00e7on dont nous consommons et de r\u00e9duire notre impact sur l&#8217;environnement. En y entrant, vous aurez l&#8217;occasion de d\u00e9couvrir une s\u00e9lection vari\u00e9e de produits \u00e9coresponsables, allant des articles de soin personnel aux accessoires pour la maison.<\/p>\n\n\n<h2 class=\"wp-block-heading\">Une reconversion pleine de sens<\/h2>\n\n\n<p>L\u2019histoire de \u00ab <strong>Chez Celita<\/strong> \u00bb est profond\u00e9ment li\u00e9e \u00e0 celle de son fondatrice, C\u00e9lia. Apr\u00e8s avoir pass\u00e9 28 ans \u00e0 Paris, cette passionn\u00e9e de nature a pris la d\u00e9cision de s\u2019installer en Dordogne, une r\u00e9gion qui lui permet de renouer avec ses valeurs. C\u2019est \u00e0 la suite de son cong\u00e9 maternit\u00e9, en 2020, qu\u2019elle d\u00e9cide de s&#8217;orienter vers un m\u00e9tier ayant plus de sens, en phase avec ses convictions sur la durabilit\u00e9.<\/p>\n\n\n<h2 class=\"wp-block-heading\">Un chemin vers le z\u00e9ro d\u00e9chet<\/h2>\n\n\n<p>Apr\u00e8s un licenciement \u00e9conomique, C\u00e9lia explore le mouvement du z\u00e9ro d\u00e9chet et se forme pour lancer sa propre boutique \u00e9coresponsable. En 2023, elle ouvre \u00ab <strong>Chez Celita<\/strong> \u00bb avec une vision claire :<\/p>\n\n\n<ul class=\"wp-block-list\">\n\n<li>Proposer des produits <strong>Made in France<\/strong> et favoriser les circuits courts.<\/li>\n\n\n<li>Maximiser le z\u00e9ro d\u00e9chet gr\u00e2ce \u00e0 des produits lavables et r\u00e9utilisables, tout en limitant les emballages.<\/li>\n\n\n<li>Offrir des produits naturels, b\u00e9n\u00e9fiques pour la <strong>plan\u00e8te<\/strong> et la <strong>sant\u00e9<\/strong>.<\/li>\n\n\n<li>Vendre des articles <strong>cruelty-free<\/strong> ainsi que, dans la mesure du possible, des produits v\u00e9ganes.<\/li>\n\n<\/ul>\n\n\n<h2 class=\"wp-block-heading\">Un aper\u00e7u des produits disponibles<\/h2>\n\n\n<p>Dans cette boutique, une vaste gamme de produits \u00e9coresponsables vous attend. Vous pourrez y trouver tout, des <strong>savons saponifi\u00e9s \u00e0 froid<\/strong> aux <strong>baumes d\u00e9odorants<\/strong>, en passant par la <strong>chantilly de karit\u00e9<\/strong> et le <strong>savon m\u00e9nager<\/strong>. Chaque produit est soigneusement s\u00e9lectionn\u00e9 pour garantir non seulement une qualit\u00e9 optimale, mais \u00e9galement un respect envers l&#8217;environnement.<br><figure><br>    <picture><br>        <img decoding=\"async\" alt=\"Quelques exemples de produits que vous pouvez retrouver dans la boutique\" height=\"800\" src=\"data:image\/jpeg;base64,\/9j\/2wBDACgcHiMeGSgjISMtKygwPGRBPDc3PHtYXUlkkYCZlo+AjIqgtObDoKrarYqMyP\/L2u71\/\/\/\/m8H\/\/\/\/6\/+b9\/\/j\/2wBDASstLTw1PHZBQXb4pYyl+Pj4+Pj4+Pj4+Pj4+Pj4+Pj4+Pj4+Pj4+Pj4+Pj4+Pj4+Pj4+Pj4+Pj4+Pj4+Pj4+Pj4+Pj\/wAARCAAqAB8DASIAAhEBAxEB\/8QAFwABAQEBAAAAAAAAAAAAAAAAAgMBAP\/EABcQAQEBAQAAAAAAAAAAAAAAAAABAhH\/xAAVAQEBAAAAAAAAAAAAAAAAAAAAAf\/EABQRAQAAAAAAAAAAAAAAAAAAAAD\/2gAMAwEAAhEDEQA\/AIzCmcHMnIiszlTOXZikBDhRjYgUKUIQJwpAikBsjeOjQf\/Z\" width=\"600\"><br>    <\/picture><br>    <figcaption><span itemprop=\"caption\">Quelques exemples de produits que vous pouvez retrouver dans la boutique<\/span> <br>    &#8211; <span itemprop=\"creator\">Chez Celita \u00e0 Lalinde<\/span><\/figcaption><br><\/figure><\/p>\n\n\n<h2 class=\"wp-block-heading\">Une exp\u00e9rience personnalis\u00e9e<\/h2>\n\n\n<p>\u00ab <strong>Chez Celita<\/strong> \u00bb ne se limite pas \u00e0 la simple vente de produits. La boutique organise \u00e9galement des \u00e9v\u00e9nements et propose des conseils pour int\u00e9grer le z\u00e9ro d\u00e9chet au quotidien. Par exemple, des ateliers pratiques faciles \u00e0 suivre sont mis en place pour aider chacun \u00e0 r\u00e9duire son impact. Ces initiatives prennent la forme de tutoriels en ligne, d\u2019astuces pour adopter un mode de vie durable en famille, et bien d\u2019autres contenus accessibles.<\/p>\n\n\n<h2 class=\"wp-block-heading\">Visiter la boutique<\/h2>\n\n\n<p>Situ\u00e9e au 20 bis rue des Martyrs \u00e0 Lalinde, la boutique est ouverte plusieurs jours par semaine, ce qui permet \u00e0 tous de venir y d\u00e9couvrir ses produits uniques. C\u00e9lia vous accueillera avec enthousiasme pour vous faire part de ses conseils et de ses recommandations pour un mode de vie plus respectueux de l&#8217;environnement. <br>Pour ceux qui souhaitent explorer davantage le mouvement z\u00e9ro d\u00e9chet, plusieurs ressources et articles int\u00e9ressants sont disponibles, tels que <a href=\"https:\/\/swisstinychalet.ch\/neuch\/les-erreurs-courantes-a-eviter-dans-votre-demarche-zero-dechet\" rel=\"nofollow noopener noreferrer\" target=\"_blank\">les erreurs courantes \u00e0 \u00e9viter<\/a>, <a href=\"https:\/\/swisstinychalet.ch\/neuch\/adopter-un-mode-de-vie-zero-dechet-en-famille\" rel=\"nofollow noopener noreferrer\" target=\"_blank\">des conseils pour une adaptation familiale<\/a>, et <a href=\"https:\/\/swisstinychalet.ch\/neuch\/zero-dechet-en-voyage-conseils-et-astuces\" rel=\"nofollow noopener noreferrer\" target=\"_blank\">des informations utiles pour voyager durablement<\/a>.<\/p>\n\n\n\n<h2 class=\"wp-block-heading\">Une Boutique \u00c9coresponsable au C\u0153ur de Lalinde<\/h2>\n\n\n<figure class=\"wp-block-table\">\n<table>\n<tbody>\n<tr>\n<td>\ud83c\udf31<\/td>\n<td><strong>Chez C\u00e9lita :<\/strong> une <strong>boutique z\u00e9ro d\u00e9chet<\/strong> \u00e0 Lalinde qui propose des alternatives \u00e9cologiques pour le quotidien.<\/td>\n<\/tr>\n<tr>\n<td>\ud83c\udf3c<\/td>\n<td><strong>Origine :<\/strong> Cr\u00e9\u00e9e apr\u00e8s une reconversion professionnelle de C\u00e9lia, apr\u00e8s 28 ans en r\u00e9gion parisienne vers un cadre naturel.<\/td>\n<\/tr>\n<tr>\n<td>\ud83d\udca1<\/td>\n<td><strong>Mission :<\/strong> Offrir des produits <strong>Made in France<\/strong>, en circuits courts, tout en respectant l&#8217;humain et l&#8217;environnement.<\/td>\n<\/tr>\n<tr>\n<td>\u267b\ufe0f<\/td>\n<td><strong>Engagement Z\u00e9ro D\u00e9chet :<\/strong> Priorit\u00e9 aux produits lavables, r\u00e9utilisables et avec un minimum d&#8217;emballage.<\/td>\n<\/tr>\n<tr>\n<td>\ud83c\udf43<\/td>\n<td><strong>Bien-\u00eatre :<\/strong> S\u00e9lection de produits naturels, b\u00e9n\u00e9fiques pour la sant\u00e9 et pour la plan\u00e8te.<\/td>\n<\/tr>\n<tr>\n<td>\ud83d\udc30<\/td>\n<td><strong>\u00c9thique :<\/strong> Produits <strong>cruelty-free<\/strong> et le plus souvent v\u00e9gan.<\/td>\n<\/tr>\n<tr>\n<td>\ud83c\udf81<\/td>\n<td><strong>Id\u00e9es Cadres :<\/strong> Propositions de cadeaux \u00e9coresponsables et cr\u00e9atifs.<\/td>\n<\/tr>\n<tr>\n<td>\ud83d\udd52<\/td>\n<td><strong>Horaires :<\/strong> Lundi, mardi, jeudi, vendredi et samedi de 9h \u00e0 12h et de 14h15 \u00e0 19h; fermeture le mercredi et le dimanche.<\/td>\n<\/tr>\n<tr>\n<td>\ud83c\udf84<\/td>\n<td><strong>Innovations :<\/strong> Calendrier de l&#8217;avent z\u00e9ro d\u00e9chet, une surprise quotidienne jusqu&#8217;au 24 d\u00e9cembre.<\/td>\n<\/tr>\n<\/tbody>\n<\/table>\n<\/figure>\n","protected":false},"excerpt":{"rendered":"","protected":false},"author":9,"featured_media":6562,"comment_status":"open","ping_status":"close","sticky":false,"template":"","format":"standard","meta":{"_seopress_robots_primary_cat":"","_seopress_titles_title":"","_seopress_titles_desc":"","_seopress_robots_index":"","footnotes":""},"categories":[1545],"tags":[],"class_list":["post-6561","post","type-post","status-publish","format-standard","has-post-thumbnail","hentry","category-neuchcup-fr","generate-columns","tablet-grid-50","mobile-grid-100","grid-parent","grid-33"],"_links":{"self":[{"href":"https:\/\/swisstinychalet.ch\/neuch\/wp-json\/wp\/v2\/posts\/6561","targetHints":{"allow":["GET"]}}],"collection":[{"href":"https:\/\/swisstinychalet.ch\/neuch\/wp-json\/wp\/v2\/posts"}],"about":[{"href":"https:\/\/swisstinychalet.ch\/neuch\/wp-json\/wp\/v2\/types\/post"}],"author":[{"embeddable":true,"href":"https:\/\/swisstinychalet.ch\/neuch\/wp-json\/wp\/v2\/users\/9"}],"replies":[{"embeddable":true,"href":"https:\/\/swisstinychalet.ch\/neuch\/wp-json\/wp\/v2\/comments?post=6561"}],"version-history":[{"count":0,"href":"https:\/\/swisstinychalet.ch\/neuch\/wp-json\/wp\/v2\/posts\/6561\/revisions"}],"wp:featuredmedia":[{"embeddable":true,"href":"https:\/\/swisstinychalet.ch\/neuch\/wp-json\/wp\/v2\/media\/6562"}],"wp:attachment":[{"href":"https:\/\/swisstinychalet.ch\/neuch\/wp-json\/wp\/v2\/media?parent=6561"}],"wp:term":[{"taxonomy":"category","embeddable":true,"href":"https:\/\/swisstinychalet.ch\/neuch\/wp-json\/wp\/v2\/categories?post=6561"},{"taxonomy":"post_tag","embeddable":true,"href":"https:\/\/swisstinychalet.ch\/neuch\/wp-json\/wp\/v2\/tags?post=6561"}],"curies":[{"name":"wp","href":"https:\/\/api.w.org\/{rel}","templated":true}]}}