{"id":6601,"date":"2025-01-17T12:38:50","date_gmt":"2025-01-17T07:08:50","guid":{"rendered":"https:\/\/swisstinychalet.ch\/neuch\/zero-dechet-construire-une-communaute-engagee"},"modified":"2025-01-17T12:38:50","modified_gmt":"2025-01-17T07:08:50","slug":"zero-dechet-construire-une-communaute-engagee","status":"publish","type":"post","link":"https:\/\/swisstinychalet.ch\/neuch\/zero-dechet-construire-une-communaute-engagee","title":{"rendered":"Z\u00e9ro d\u00e9chet : construire une communaut\u00e9 engag\u00e9e"},"content":{"rendered":"\n\n<p><strong>Z\u00e9ro d\u00e9chet<\/strong> repr\u00e9sente bien plus qu&#8217;une simple tendance ; c&#8217;est un mouvement qui incite \u00e0 repenser notre rapport aux <strong>d\u00e9chets<\/strong> et \u00e0 notre consommation. En construisant une <strong>communaut\u00e9 engag\u00e9e<\/strong>, les individus peuvent partager des <strong>astuces<\/strong>, des id\u00e9es et des ressources pour r\u00e9duire leur impact environnemental. Mettre en avant des pratiques comme l&#8217;utilisation de <strong>contenants r\u00e9utilisables<\/strong>, le choix de <strong>cosm\u00e9tiques<\/strong> durables et l&#8217;organisation d&#8217;<strong>\u00e9v\u00e9nements<\/strong> sans d\u00e9chets permet non seulement de sensibiliser, mais \u00e9galement d&#8217;encourager des comportements responsables. Chaque membre de cette communaut\u00e9 joue un r\u00f4le essentiel dans la promotion d\u2019un mode de vie respectueux de l\u2019environnement.<\/p>\n\n\n<figure class=\"wp-block-embed is-type-video is-provider-youtube wp-block-embed-youtube wp-embed-aspect-16-9 wp-has-aspect-ratio\">\n<div class=\"wp-block-embed__wrapper\">\n<iframe title=\"Commer\u00e7ants du Pays de Grasse engag\u00e9s dans une d\u00e9marche &quot;Z\u00e9ro d\u00e9chet&quot;\" width=\"1200\" height=\"675\" src=\"https:\/\/www.youtube-nocookie.com\/embed\/UYw4-hJieCs?feature=oembed\" frameborder=\"0\" allow=\"accelerometer; autoplay; clipboard-write; encrypted-media; gyroscope; picture-in-picture; web-share\" referrerpolicy=\"strict-origin-when-cross-origin\" allowfullscreen><\/iframe>\n<\/div>\n<\/figure>\n\n\n\n<p>Face aux d\u00e9fis environnementaux croissants, le mouvement <strong>z\u00e9ro d\u00e9chet<\/strong> attire de plus en plus d&#8217;adeptes. Ce mode de vie ne se limite pas \u00e0 des gestes isol\u00e9s, mais s&#8217;accompagne d&#8217;une volont\u00e9 collective de transformation. En s&#8217;engageant dans cette d\u00e9marche, chacun peut non seulement contribuer \u00e0 la pr\u00e9servation de la plan\u00e8te, mais aussi tisser des liens avec des personnes partageant des valeurs similaires. Comment alors construire une <strong>communaut\u00e9 engag\u00e9e<\/strong> autour du z\u00e9ro d\u00e9chet ? Voici quelques pistes \u00e0 explorer.<\/p>\n\n\n<h2 class=\"wp-block-heading\">Adopter des outils num\u00e9riques<\/h2>\n\n\n<p>L&#8217;usage d&#8217;<strong>applications mobiles<\/strong> peut faciliter la transition vers un mode de vie z\u00e9ro d\u00e9chet. De nombreuses solutions permettent de localiser des points de vente de produits en vrac ou de trouver des recettes DIY \u00e9coresponsables. Ces outils facilitent les \u00e9changes et la mise en contact avec d&#8217;autres membres de la communaut\u00e9, stimulant ainsi l\u2019entraide.<\/p>\n\n\n<h2 class=\"wp-block-heading\">Cr\u00e9er un r\u00e9seau de partage<\/h2>\n\n\n<p>Se regrouper autour d\u2019initiatives locales et de projets collectifs est essentiel. En organisant ou en participant \u00e0 des ateliers DIY, il est possible de partager des astuces et des id\u00e9es pour r\u00e9duire les d\u00e9chets au quotidien. Cela peut aussi inclure des rencontres dans des places publiques ou des groupes communautaires d\u00e9di\u00e9s au z\u00e9ro d\u00e9chet. Ces interactions renforcent le sentiment d\u2019appartenance et encouragent les \u00e9changes de bonnes pratiques.<\/p>\n\n\n<h2 class=\"wp-block-heading\">Favoriser les contenants r\u00e9utilisables<\/h2>\n\n\n<p>Pour atteindre un objectif <strong>z\u00e9ro d\u00e9chet<\/strong>, les contenants r\u00e9utilisables sont essentiels. Que ce soit lors de vos courses ou pour des \u00e9v\u00e9nements, privil\u00e9gier ces alternatives permet non seulement de r\u00e9duire le gaspillage, mais aussi d\u2019inspirer ceux qui vous entourent. En partageant des conseils sur l\u2019utilisation et l\u2019entretien de ces objets r\u00e9utilisables, vous pourrez motiver d&#8217;autres personnes \u00e0 faire de m\u00eame.<\/p>\n\n\n<h2 class=\"wp-block-heading\">Changements en famille et avec des enfants<\/h2>\n\n\n<p>\u00c9lever des enfants dans un cadre o\u00f9 les valeurs du z\u00e9ro d\u00e9chet sont mises en avant n\u2019est pas seulement b\u00e9n\u00e9fique pour l\u2019environnement, mais aussi pour leur \u00e9ducation. En incluant les enfants dans des activit\u00e9s comme la fabrication de produits d\u2019hygi\u00e8ne <strong>z\u00e9ro d\u00e9chet<\/strong>, on les initie \u00e0 des choix de consommation responsables. Les responsabilit\u00e9s partag\u00e9es renforcent le concept d&#8217;une communaut\u00e9 unie et solidaire.<\/p>\n\n\n<h2 class=\"wp-block-heading\">\u00c9v\u00e9nements et sensibilisation<\/h2>\n\n\n<p>Organiser un <strong>\u00e9v\u00e9nement z\u00e9ro d\u00e9chet<\/strong> peut mobiliser et rassembler les gens autour d\u2019une cause commune. Pour cela, il est utile de consulter des articles sur <a href=\"https:\/\/swisstinychalet.ch\/neuch\/comment-organiser-un-evenement-zero-dechet-3\">comment organiser un \u00e9v\u00e9nement z\u00e9ro d\u00e9chet<\/a> qui fournissent des conseils pratiques et des id\u00e9es inspirantes. C&#8217;est l&#8217;occasion de cr\u00e9er des \u00e9changes enrichissants et de toucher un public vari\u00e9.<\/p>\n\n\n<h2 class=\"wp-block-heading\">Un commerce engag\u00e9 dans le z\u00e9ro d\u00e9chet<\/h2>\n\n\n<p>D\u00e9couvrir des boutiques comme <strong>Celita<\/strong> \u00e0 Lalinde permet de s&#8217;immerger dans le monde du z\u00e9ro d\u00e9chet. Ces espaces offrent des produits adapt\u00e9s et des conseils pour r\u00e9duire son empreinte. En soutenant ce commerce, on contribue \u00e0 une \u00e9conomie circulaire locale et on incite d\u2019autres \u00e0 prendre part \u00e0 cette d\u00e9marche.<\/p>\n\n\n<p>Pour b\u00e2tir une communaut\u00e9 engag\u00e9e, il est essentiel de cr\u00e9er des connexions, d\u2019\u00e9changer des connaissances et de s\u2019entraider. Chacun a un r\u00f4le \u00e0 jouer, que ce soit \u00e0 travers des choix de consommation, des initiatives locales ou des gestes quotidiens. En unissant nos forces, nous pouvons v\u00e9ritablement changer nos habitudes et promouvoir un mode de vie respectueux de l&#8217;environnement.<\/p>\n\n\n\n<h2 class=\"wp-block-heading\">Construire sa transition vers le z\u00e9ro d\u00e9chet \ud83c\udf31<\/h2>\n\n\n<p>Adopter un mode de vie <strong>z\u00e9ro d\u00e9chet<\/strong> n\u00e9cessite une approche r\u00e9fl\u00e9chie et progressive. Commencez par \u00e9valuer vos habitudes de consommation et progressivement, int\u00e9grez des alternatives durables.<\/p>\n\n\n<h2 class=\"wp-block-heading\">Applications mobiles pour un mode de vie durable \ud83d\udcf1<\/h2>\n\n\n<p>Diverses <strong>applications<\/strong> offrent des conseils pour r\u00e9duire les d\u00e9chets au quotidien, que ce soit pour faire les courses, trouver des astuces ou localiser des points de recyclage.<\/p>\n\n\n<h2 class=\"wp-block-heading\">Utilisation de contenants r\u00e9utilisables \u267b\ufe0f<\/h2>\n\n\n<p>Pr\u00e9f\u00e9rez des contenants <strong>r\u00e9utilisables<\/strong> pour vos courses et vos repas. Cela r\u00e9duit consid\u00e9rablement les emballages jetables.<\/p>\n\n\n<h2 class=\"wp-block-heading\">S\u00e9lection de cosm\u00e9tiques \u00e9coresponsables \ud83c\udf38<\/h2>\n\n\n<p>Pour choisir des cosm\u00e9tiques <strong>z\u00e9ro d\u00e9chet<\/strong>, v\u00e9rifiez les ingr\u00e9dients, les emballages et privil\u00e9giez les marques proposant des solutions durables.<\/p>\n\n\n<h2 class=\"wp-block-heading\">Consommation responsable en voyage \u2708\ufe0f<\/h2>\n\n\n<p>Adoptez une approche <strong>z\u00e9ro d\u00e9chet<\/strong> m\u00eame en voyage en planifiant vos repas et en \u00e9vitant les produits jetables.<\/p>\n\n\n<h2 class=\"wp-block-heading\">Zoom sur Celita, la boutique \u00e9coresponsable \ud83c\udfea<\/h2>\n\n\n<p>Celita, situ\u00e9e \u00e0 Lalinde, est une boutique d\u00e9di\u00e9e au <strong>z\u00e9ro d\u00e9chet<\/strong>, offrant une vaste gamme de produits durables.<\/p>\n\n\n<h2 class=\"wp-block-heading\">Ma Gourde \u00c9cologique, leader des contenants durables \ud83d\udca7<\/h2>\n\n\n<p>Les bouteilles et <strong>gourdes z\u00e9ro d\u00e9chet<\/strong> de Ma Gourde \u00c9cologique sont id\u00e9ales pour rester hydrat\u00e9 sans produire de d\u00e9chets.<\/p>\n\n\n<h2 class=\"wp-block-heading\">Manger z\u00e9ro d\u00e9chet : conseils pratiques \ud83c\udf7d\ufe0f<\/h2>\n\n\n<p>Cr\u00e9er une table \u00e0 manger <strong>z\u00e9ro d\u00e9chet<\/strong> implique de privil\u00e9gier des couverts et de la vaisselle r\u00e9utilisables.<\/p>\n\n\n<h2 class=\"wp-block-heading\">Ateliers DIY pour adopter le z\u00e9ro d\u00e9chet \u00e0 Strasbourg \ud83d\udd28<\/h2>\n\n\n<p>L\u2019<strong>Eurom\u00e9tropole de Strasbourg<\/strong> propose des ateliers gratuits pour apprendre \u00e0 r\u00e9aliser des produits durables soi-m\u00eame.<\/p>\n\n\n<h2 class=\"wp-block-heading\">Mythes et r\u00e9alit\u00e9s du z\u00e9ro d\u00e9chet \ud83c\udf0d<\/h2>\n\n\n<p>Il est essentiel de d\u00e9mystifier certaines id\u00e9es re\u00e7ues pour adopter le <strong>z\u00e9ro d\u00e9chet<\/strong> de mani\u00e8re efficace.<\/p>\n\n\n<h2 class=\"wp-block-heading\">\u00c9lever des enfants dans un esprit z\u00e9ro d\u00e9chet \ud83d\udc76<\/h2>\n\n\n<p>La <strong>transition vers le z\u00e9ro d\u00e9chet<\/strong> est possible avec des enfants, n\u00e9cessitant un peu de cr\u00e9ativit\u00e9 et d\u2019adaptation.<\/p>\n\n\n<h2 class=\"wp-block-heading\">Organiser des \u00e9v\u00e9nements \u00e9coresponsables \ud83c\udf89<\/h2>\n\n\n<p>Pour garantir des \u00e9v\u00e9nements <strong>z\u00e9ro d\u00e9chet<\/strong>, plusieurs pratiques simples peuvent \u00eatre mises en \u0153uvre pour minimiser les d\u00e9chets.<\/p>\n\n\n<h2 class=\"wp-block-heading\">Voyager l\u00e9ger : conseils z\u00e9ro d\u00e9chet \ud83e\uddf3<\/h2>\n\n\n<p>R\u00e9duisez votre impact lors de vos voyages en prenant des mesures concr\u00e8tes pour voyager <strong>z\u00e9ro d\u00e9chet<\/strong>.<\/p>\n\n\n<h2 class=\"wp-block-heading\">Initiatives \u00e9coresponsables \u00e0 Maizi\u00e8res-l\u00e8s-Metz \ud83c\udf3c<\/h2>\n\n\n<p>Lors du Festival de l\u2019\u00c9cologie, la ville invite tous \u00e0 s&#8217;engager dans une d\u00e9marche <strong>z\u00e9ro d\u00e9chet<\/strong>.<\/p>\n\n\n<h2 class=\"wp-block-heading\">Informez votre entourage sur le z\u00e9ro d\u00e9chet \ud83e\udd1d<\/h2>\n\n\n<p>Sensibiliser votre entourage aux bienfaits du <strong>z\u00e9ro d\u00e9chet<\/strong> est une \u00e9tape cruciale pour un impact positif.<\/p>\n\n\n<h2 class=\"wp-block-heading\">Alternatives aux emballages classiques \ud83c\udf81<\/h2>\n\n\n<p>D\u00e9couvrez des alternatives <strong>z\u00e9ro d\u00e9chet<\/strong> pour vos emballages, notamment pour les produits cadeaux.<\/p>\n","protected":false},"excerpt":{"rendered":"","protected":false},"author":9,"featured_media":6602,"comment_status":"open","ping_status":"close","sticky":false,"template":"","format":"standard","meta":{"_seopress_robots_primary_cat":"","_seopress_titles_title":"","_seopress_titles_desc":"","_seopress_robots_index":"","footnotes":""},"categories":[1545],"tags":[],"class_list":["post-6601","post","type-post","status-publish","format-standard","has-post-thumbnail","hentry","category-neuchcup-fr","generate-columns","tablet-grid-50","mobile-grid-100","grid-parent","grid-33"],"_links":{"self":[{"href":"https:\/\/swisstinychalet.ch\/neuch\/wp-json\/wp\/v2\/posts\/6601","targetHints":{"allow":["GET"]}}],"collection":[{"href":"https:\/\/swisstinychalet.ch\/neuch\/wp-json\/wp\/v2\/posts"}],"about":[{"href":"https:\/\/swisstinychalet.ch\/neuch\/wp-json\/wp\/v2\/types\/post"}],"author":[{"embeddable":true,"href":"https:\/\/swisstinychalet.ch\/neuch\/wp-json\/wp\/v2\/users\/9"}],"replies":[{"embeddable":true,"href":"https:\/\/swisstinychalet.ch\/neuch\/wp-json\/wp\/v2\/comments?post=6601"}],"version-history":[{"count":0,"href":"https:\/\/swisstinychalet.ch\/neuch\/wp-json\/wp\/v2\/posts\/6601\/revisions"}],"wp:featuredmedia":[{"embeddable":true,"href":"https:\/\/swisstinychalet.ch\/neuch\/wp-json\/wp\/v2\/media\/6602"}],"wp:attachment":[{"href":"https:\/\/swisstinychalet.ch\/neuch\/wp-json\/wp\/v2\/media?parent=6601"}],"wp:term":[{"taxonomy":"category","embeddable":true,"href":"https:\/\/swisstinychalet.ch\/neuch\/wp-json\/wp\/v2\/categories?post=6601"},{"taxonomy":"post_tag","embeddable":true,"href":"https:\/\/swisstinychalet.ch\/neuch\/wp-json\/wp\/v2\/tags?post=6601"}],"curies":[{"name":"wp","href":"https:\/\/api.w.org\/{rel}","templated":true}]}}