{"id":6607,"date":"2025-01-18T12:14:08","date_gmt":"2025-01-18T06:44:08","guid":{"rendered":"https:\/\/swisstinychalet.ch\/neuch\/les-projets-communautaires-autour-du-zero-dechet"},"modified":"2025-01-18T12:14:08","modified_gmt":"2025-01-18T06:44:08","slug":"les-projets-communautaires-autour-du-zero-dechet","status":"publish","type":"post","link":"https:\/\/swisstinychalet.ch\/neuch\/les-projets-communautaires-autour-du-zero-dechet","title":{"rendered":"Les projets communautaires autour du z\u00e9ro d\u00e9chet"},"content":{"rendered":"\n\n<p>Les <strong>projets communautaires<\/strong> autour du <strong>z\u00e9ro d\u00e9chet<\/strong> visent \u00e0 mobiliser les citoyens et les collectivit\u00e9s pour r\u00e9duire la production de d\u00e9chets et promouvoir des pratiques durables. Ces initiatives encouragent la <strong>r\u00e9utilisation<\/strong>, le <strong>r\u00e9emploi<\/strong> et le <strong>recyclage<\/strong>, tout en sensibilisant le public aux enjeux environnementaux. Des <strong>ateliers<\/strong>, des <strong>formations<\/strong> et des <strong>\u00e9v\u00e9nements<\/strong> sont organis\u00e9s pour partager des astuces pratiques et impliquer la communaut\u00e9 dans la transition vers un mode de vie plus responsable. Les collectivit\u00e9s locales jouent un r\u00f4le cl\u00e9 en soutenant ces projets et en cr\u00e9ant des <strong>infrastructures<\/strong> adapt\u00e9es pour faciliter un changement durable.<\/p>\n\n\n<figure class=\"wp-block-embed is-type-video is-provider-youtube wp-block-embed-youtube wp-embed-aspect-16-9 wp-has-aspect-ratio\">\n<div class=\"wp-block-embed__wrapper\">\n<iframe title=\"Capsule t\u00e9moignage sur le projet z\u00e9ro d\u00e9chet\" width=\"1200\" height=\"675\" src=\"https:\/\/www.youtube-nocookie.com\/embed\/DYl-jLLt8qA?feature=oembed\" frameborder=\"0\" allow=\"accelerometer; autoplay; clipboard-write; encrypted-media; gyroscope; picture-in-picture; web-share\" referrerpolicy=\"strict-origin-when-cross-origin\" allowfullscreen><\/iframe>\n<\/div>\n<\/figure>\n\n\n\n<p>Faciliter la transition vers un mode de vie <strong>z\u00e9ro d\u00e9chet<\/strong> ne se limite pas \u00e0 des initiatives individuelles. De nombreuses <strong>communaut\u00e9s<\/strong> s&#8217;organisent pour promouvoir des projets novateurs qui encouragent l&#8217;adh\u00e9sion collective \u00e0 des pratiques durables. Ces programmes cr\u00e9ent des liens entre les membres, tout en s&#8217;attaquant aux d\u00e9fis de la gestion des d\u00e9chets. Voyons quelques exemples engageants.<\/p>\n\n\n<h2 class=\"wp-block-heading\">Appels \u00e0 projets et sensibilisation<\/h2>\n\n\n<p>L&#8217;<strong>Eurom\u00e9tropole de Strasbourg<\/strong> a r\u00e9cemment lanc\u00e9 deux appels \u00e0 projets pour 2025, ax\u00e9s sur l&#8217;<strong>\u00e9conomie circulaire<\/strong> et l&#8217;\u00e9ducation \u00e0 l&#8217;environnement. Ces initiatives visent \u00e0 mobiliser les <strong>associations<\/strong> et les structures coop\u00e9ratives locales afin de cr\u00e9er des solutions concr\u00e8tes pour r\u00e9duire la production de d\u00e9chets. En participant \u00e0 ces appels, les communaut\u00e9s int\u00e9grent des valeurs de <strong>durabilit\u00e9<\/strong> et de <strong>collaboration<\/strong> dans leur quotidien.<\/p>\n\n\n<h2 class=\"wp-block-heading\">L\u2019influence des labels<\/h2>\n\n\n<p>Le label <strong>Territoire z\u00e9ro d\u00e9chet, z\u00e9ro gaspillage<\/strong> travaille \u00e0 engager les collectivit\u00e9s dans une d\u00e9marche ambitieuse de pr\u00e9vention et de r\u00e9utilisation. En adoptant cet embl\u00e8me, les territoires s&#8217;efforcent d&#8217;am\u00e9liorer leurs pratiques de gestion des d\u00e9chets, renfor\u00e7ant ainsi l&#8217;implication <strong>civique<\/strong> des citoyens.<\/p>\n\n\n<h2 class=\"wp-block-heading\">Innovations avec le Fonds Z\u00e9ro D\u00e9chet<\/h2>\n\n\n<p>Depuis 2014, <strong>Est Ensemble<\/strong> a initi\u00e9 des appels \u00e0 projets annuels en faveur de la r\u00e9duction des d\u00e9chets. En 2022, la cr\u00e9ation du <strong>Fonds Z\u00e9ro D\u00e9chet<\/strong> a modifi\u00e9 son approche pour inclure un soutien subventionn\u00e9 pour les initiatives innovantes. Le but ? Inciter les actions de sensibilisation, de lutte contre le gaspillage alimentaire et de valorisation des biod\u00e9chets, notamment par des projets qui visent \u00e0 r\u00e9duire l&#8217;impact environnemental.<\/p>\n\n\n<h2 class=\"wp-block-heading\">Les \u00e9v\u00e9nements communautaires<\/h2>\n\n\n<p>Les <strong>communaut\u00e9s de communes<\/strong>, telles que <strong>Vie et Boulogne<\/strong>, organisent divers \u00e9v\u00e9nements autour du z\u00e9ro d\u00e9chet. Le Mois du Z\u00e9ro D\u00e9chet propose des ateliers pratiques, permettant aux citoyens d&#8217;apprendre directement des techniques de r\u00e9duction des d\u00e9chets. Ces activit\u00e9s, souvent r\u00e9alis\u00e9es en collaboration avec des partenaires locaux, favorisent un esprit d&#8217;\u00e9quipe et de <strong>solidarit\u00e9<\/strong> entre les participants.<\/p>\n\n\n<h2 class=\"wp-block-heading\">Participer activement au changement<\/h2>\n\n\n<p>Enfin, l&#8217;engagement des \u00e9lus locaux dans la promotion d&#8217;alternatives durables facilite l&#8217;adoption des projets z\u00e9ro d\u00e9chet. En collaborant avec des organisations comme <strong>Zero Waste France<\/strong>, ils peuvent mobiliser leur communaut\u00e9 autour de nouvelles pratiques qui favorisent le r\u00e9emploi et la r\u00e9duction de l\u2019usage unique.<\/p>\n\n\n<p>De l&#8217;initiative individuelle \u00e0 la participation collective, les projets autour du z\u00e9ro d\u00e9chet jouent un r\u00f4le de catalyseur pour b\u00e2tir un avenir plus durable, unissant individus et collectivit\u00e9s dans une m\u00eame qu\u00eate pour un monde respectueux de l&#8217;environnement.<\/p>\n\n\n\n<h2 class=\"wp-block-heading\">Initiatives Z\u00e9ro D\u00e9chet et \u00c9co-Citoyennet\u00e9<\/h2>\n\n\n<figure class=\"wp-block-table\">\n<table>\n<tbody>\n<tr>\n<td>\ud83c\udf0d<\/td>\n<td><strong>Appels \u00e0 projets 2025<\/strong> : L&#8217;Eurom\u00e9tropole de Strasbourg propose des projets pour un futur sans d\u00e9chets et en faveur de l&#8217;\u00e9conomie circulaire.<\/td>\n<\/tr>\n<tr>\n<td>\u267b\ufe0f<\/td>\n<td><strong>Label Territoire Z\u00e9ro D\u00e9chet<\/strong> : Un outil pour engager les collectivit\u00e9s \u00e0 r\u00e9duire et recycler leurs d\u00e9chets efficacement.<\/td>\n<\/tr>\n<tr>\n<td>\ud83d\udcbc<\/td>\n<td><strong>Fonds Z\u00e9ro D\u00e9chet<\/strong> : Depuis 2014, Est Ensemble soutient des initiatives visant \u00e0 limiter les d\u00e9chets via des projets annuels.<\/td>\n<\/tr>\n<tr>\n<td>\ud83d\udeae<\/td>\n<td><strong>Projets CITEO<\/strong> : Lutte contre les d\u00e9chets abandonn\u00e9s dans les zones \u00e0 forte affluence.<\/td>\n<\/tr>\n<tr>\n<td>\ud83d\udcda<\/td>\n<td><strong>Programme Zero Waste France<\/strong> : Accompagnement des collectivit\u00e9s pour r\u00e9duire les d\u00e9chets avec des formations et \u00e9changes.<\/td>\n<\/tr>\n<tr>\n<td>\ud83d\uddd3\ufe0f<\/td>\n<td><strong>Mois du Z\u00e9ro D\u00e9chet<\/strong> : Activit\u00e9s de sensibilisation organis\u00e9es pour promouvoir un mode de vie \u00e9coresponsable.<\/td>\n<\/tr>\n<tr>\n<td>\ud83c\udfdb\ufe0f<\/td>\n<td><strong>Actions locales<\/strong> : Les communes sont incit\u00e9es \u00e0 d\u00e9velopper des projets autour du z\u00e9ro d\u00e9chet et \u00e0 agir pour r\u00e9duire les flux de d\u00e9chets.<\/td>\n<\/tr>\n<tr>\n<td>\ud83d\ude4c<\/td>\n<td><strong>Engagement des \u00e9lu\u00b7es<\/strong> : Encourager les actions de r\u00e9emploi et lutter contre l&#8217;usage unique.<\/td>\n<\/tr>\n<tr>\n<td>\ud83d\udca1<\/td>\n<td><strong>\u00c9v\u00e9nements Z\u00e9ro D\u00e9chet<\/strong> : Comment organiser et sensibiliser \u00e0 des \u00e9v\u00e9nements qui respectent cette philosophie.<\/td>\n<\/tr>\n<tr>\n<td>\ud83c\udf7d\ufe0f<\/td>\n<td><strong>Conseils pratiques<\/strong> : Guide d&#8217;adoption d&#8217;un mode de vie durable \u00e0 la maison, en voyage ou en famille.<\/td>\n<\/tr>\n<\/tbody>\n<\/table>\n<\/figure>\n","protected":false},"excerpt":{"rendered":"","protected":false},"author":8,"featured_media":6608,"comment_status":"open","ping_status":"close","sticky":false,"template":"","format":"standard","meta":{"_seopress_robots_primary_cat":"","_seopress_titles_title":"","_seopress_titles_desc":"","_seopress_robots_index":"","footnotes":""},"categories":[1545],"tags":[],"class_list":["post-6607","post","type-post","status-publish","format-standard","has-post-thumbnail","hentry","category-neuchcup-fr","generate-columns","tablet-grid-50","mobile-grid-100","grid-parent","grid-33"],"_links":{"self":[{"href":"https:\/\/swisstinychalet.ch\/neuch\/wp-json\/wp\/v2\/posts\/6607","targetHints":{"allow":["GET"]}}],"collection":[{"href":"https:\/\/swisstinychalet.ch\/neuch\/wp-json\/wp\/v2\/posts"}],"about":[{"href":"https:\/\/swisstinychalet.ch\/neuch\/wp-json\/wp\/v2\/types\/post"}],"author":[{"embeddable":true,"href":"https:\/\/swisstinychalet.ch\/neuch\/wp-json\/wp\/v2\/users\/8"}],"replies":[{"embeddable":true,"href":"https:\/\/swisstinychalet.ch\/neuch\/wp-json\/wp\/v2\/comments?post=6607"}],"version-history":[{"count":0,"href":"https:\/\/swisstinychalet.ch\/neuch\/wp-json\/wp\/v2\/posts\/6607\/revisions"}],"wp:featuredmedia":[{"embeddable":true,"href":"https:\/\/swisstinychalet.ch\/neuch\/wp-json\/wp\/v2\/media\/6608"}],"wp:attachment":[{"href":"https:\/\/swisstinychalet.ch\/neuch\/wp-json\/wp\/v2\/media?parent=6607"}],"wp:term":[{"taxonomy":"category","embeddable":true,"href":"https:\/\/swisstinychalet.ch\/neuch\/wp-json\/wp\/v2\/categories?post=6607"},{"taxonomy":"post_tag","embeddable":true,"href":"https:\/\/swisstinychalet.ch\/neuch\/wp-json\/wp\/v2\/tags?post=6607"}],"curies":[{"name":"wp","href":"https:\/\/api.w.org\/{rel}","templated":true}]}}