{"id":6653,"date":"2025-01-22T19:34:37","date_gmt":"2025-01-22T14:04:37","guid":{"rendered":"https:\/\/swisstinychalet.ch\/neuch\/inauguration-du-premier-defi-zero-dechet-a-rueil-malmaison"},"modified":"2025-01-22T19:34:37","modified_gmt":"2025-01-22T14:04:37","slug":"inauguration-du-premier-defi-zero-dechet-a-rueil-malmaison","status":"publish","type":"post","link":"https:\/\/swisstinychalet.ch\/neuch\/inauguration-du-premier-defi-zero-dechet-a-rueil-malmaison","title":{"rendered":"Inauguration du Premier D\u00e9fi Z\u00e9ro D\u00e9chet \u00e0 Rueil-Malmaison"},"content":{"rendered":"\n\n<p>La ville de Rueil-Malmaison a lanc\u00e9 son <strong>1er D\u00e9fi Z\u00e9ro D\u00e9chet<\/strong>, invitant les habitants \u00e0 devenir des acteurs du changement pour r\u00e9duire leur <strong>empreinte \u00e9cologique<\/strong>. Pendant cinq mois, 30 familles seront guid\u00e9es pour adopter de nouvelles habitudes de consommation et diminuer leur production de d\u00e9chets. Le d\u00e9fi inclut des ateliers pratiques, un kit de d\u00e9marrage, ainsi qu&#8217;un accompagnement personnalis\u00e9 par le Service D\u00e9veloppement Durable de la ville et des associations sp\u00e9cialis\u00e9es. Les participants devront aussi surveiller leurs d\u00e9chets en les pesant selon plusieurs cat\u00e9gories, pour mieux \u00e9valuer l&#8217;impact de leurs efforts.<\/p>\n\n\n<figure class=\"wp-block-embed is-type-video is-provider-youtube wp-block-embed-youtube wp-embed-aspect-16-9 wp-has-aspect-ratio\">\n<div class=\"wp-block-embed__wrapper\">\n<iframe title=\"La maison du Z\u00e9ro d\u00e9chet : est-ce possible d&#039;y arriver ?\" width=\"1200\" height=\"675\" src=\"https:\/\/www.youtube-nocookie.com\/embed\/p2xkieAmHRc?feature=oembed\" frameborder=\"0\" allow=\"accelerometer; autoplay; clipboard-write; encrypted-media; gyroscope; picture-in-picture; web-share\" referrerpolicy=\"strict-origin-when-cross-origin\" allowfullscreen><\/iframe>\n<\/div>\n<\/figure>\n\n\n\n<p>La ville de <strong>Rueil-Malmaison<\/strong> se lance dans une aventure innovante et inspirante : le premier D\u00e9fi Z\u00e9ro D\u00e9chet. Cet \u00e9v\u00e9nement promet de transformer nos habitudes et de rassembler les familles autour d&#8217;un m\u00eame objectif : r\u00e9duire leur production de d\u00e9chets quotidiennement. Participer \u00e0 ce d\u00e9fi, c&#8217;est s&#8217;engager envers la plan\u00e8te et apprendre \u00e0 adopter un mode de vie plus \u00e9coresponsable.<\/p>\n\n\n<h2 class=\"wp-block-heading\">Un engagement collectif pour un changement durable<\/h2>\n\n\n<p>Pendant une p\u00e9riode de <strong>cinq mois<\/strong>, 30 familles de <strong>Rueil<\/strong> b\u00e9n\u00e9ficieront d&#8217;un accompagnement cibl\u00e9 pour r\u00e9volutionner leurs habitudes de consommation. Gr\u00e2ce \u00e0 des formations ludiques et conviviales, les participants auront l&#8217;occasion de d\u00e9couvrir des \u00e9co-gestes et d&#8217;\u00e9changer sur leurs exp\u00e9riences respectives.<\/p>\n\n\n<h2 class=\"wp-block-heading\">Les \u00e9tapes du d\u00e9fi<\/h2>\n\n\n<p>Le d\u00e9fi se d\u00e9roulera en trois \u00e9tapes principales. La premi\u00e8re, un <strong>autodiagnostic<\/strong>, permettra aux familles de prendre conscience de leur production actuelle de d\u00e9chets. Les pes\u00e9es hebdomadaires serviront de r\u00e9f\u00e9rence. Ensuite, \u00e0 partir de f\u00e9vrier, les participants commenceront \u00e0 int\u00e9grer des pratiques durables, soutenus par des ateliers et des conseils adapt\u00e9s.<\/p>\n\n\n<h2 class=\"wp-block-heading\">Mesurer les progr\u00e8s<\/h2>\n\n\n<p>Tout au long du d\u00e9fi, les familles devront peser leurs d\u00e9chets selon trois cat\u00e9gories : les d\u00e9chets m\u00e9nagers, les recyclables, et le verre. Ces donn\u00e9es seront partag\u00e9es sur une plateforme d\u00e9di\u00e9e, permettant ainsi de suivre l&#8217;\u00e9volution des habitudes des participants. La collecte de ces informations est essentielle pour visualiser l&#8217;impact de leurs efforts au quotidien.<\/p>\n\n\n<h2 class=\"wp-block-heading\">Outils et accompagnement<\/h2>\n\n\n<p>Pour r\u00e9ussir leur transition vers le <strong>z\u00e9ro d\u00e9chet<\/strong>, les familles recevront un kit de d\u00e9marrage comprenant divers outils pratiques, tels qu\u2019un <strong>peson<\/strong>, un composteur, et des guides th\u00e9matiques. De plus, des formations et ateliers seront r\u00e9guli\u00e8rement propos\u00e9s pour accompagner les participants dans leur d\u00e9marche. Des visites de lieux le soulignant comme les ressourceries ou des ateliers de <strong>do it yourself<\/strong> viendront enrichir leur exp\u00e9rience.<\/p>\n\n\n<h2 class=\"wp-block-heading\">Une soir\u00e9e de cl\u00f4ture pour c\u00e9l\u00e9brer les r\u00e9ussites<\/h2>\n\n\n<p>En fin de d\u00e9fi, une soir\u00e9e de bilan pr\u00e9sentera les r\u00e9sultats obtenus et les retours d&#8217;exp\u00e9rience des participants. Ce moment sera l&#8217;occasion de c\u00e9l\u00e9brer les efforts de chacun et de discuter des suites possibles pour p\u00e9renniser ces nouvelles habitudes.<\/p>\n\n\n<h2 class=\"wp-block-heading\">Pour aller plus loin<\/h2>\n\n\n<p>Ce d\u00e9fi est bien plus qu&#8217;une simple exp\u00e9rience collective ; c&#8217;est une v\u00e9ritable d\u00e9marche d&#8217;<strong>engagement \u00e9cologique<\/strong>. Les familles qui souhaitent se lancer dans une telle aventure peuvent s&#8217;inspirer d&#8217;autres initiatives. Par exemple, des conseils pratiques pour r\u00e9duire les d\u00e9chets au quotidien sont disponibles sur des plateformes comme <a href=\"https:\/\/swisstinychalet.ch\/neuch\/les-essentiels-a-adopter-pour-une-maison-sans-dechets-au-quotidien\">ce lien<\/a>. De m\u00eame, les pratiques adopt\u00e9es par d&#8217;autres communes et les d\u00e9fis similaires \u00e0 travers le globe, comme \u00e0 <strong>Strasbourg<\/strong>, montrent que le mouvement prend de l&#8217;ampleur (voir <a href=\"https:\/\/swisstinychalet.ch\/neuch\/les-initiatives-zero-dechet-a-travers-le-monde-2\">ici<\/a>).<\/p>\n\n\n\n<h2 class=\"wp-block-heading\">Initiatives \u00c9coresponsables \u00e0 Rueil-Malmaison<\/h2>\n\n\n<figure class=\"wp-block-table\">\n<table>\n<tbody>\n<tr>\n<td>\u267b\ufe0f<\/td>\n<td><strong>D\u00e9fi Z\u00e9ro D\u00e9chet<\/strong> : Rueil-Malmaison lance son premier d\u00e9fi pour diminuer l&#8217;empreinte \u00e9cologique.<\/td>\n<\/tr>\n<tr>\n<td>\ud83d\udcc5<\/td>\n<td>Dur\u00e9e du d\u00e9fi : <strong>5 mois<\/strong>, avec une mobilisation de 30 familles pour des habitudes de consommation durables.<\/td>\n<\/tr>\n<tr>\n<td>\ud83d\udc6a<\/td>\n<td>Accompagnement : Les familles seront aid\u00e9es par <strong>Zero Waste<\/strong> et <strong>Ludeko<\/strong> tout au long du d\u00e9fi.<\/td>\n<\/tr>\n<tr>\n<td>\ud83d\udcca<\/td>\n<td>\u00c9valuation : Elles devront peser leurs d\u00e9chets selon 3 flux : m\u00e9nagers, recyclables et organiques.<\/td>\n<\/tr>\n<tr>\n<td>\u2699\ufe0f<\/td>\n<td><strong>Kit Z\u00e9ro D\u00e9chet<\/strong> : Un kit comprenant un peson, un composteur et divers guides sera fourni.<\/td>\n<\/tr>\n<tr>\n<td>\ud83c\udf93<\/td>\n<td>\u00c9ducation : Des <strong>ateliers<\/strong> pratiques et des formations seront organis\u00e9s pour accompagner les participants.<\/td>\n<\/tr>\n<tr>\n<td>\ud83d\udcdd<\/td>\n<td><strong>Bilan final<\/strong> : Une soir\u00e9e de cl\u00f4ture en juin 2021 pour pr\u00e9senter les r\u00e9sultats du d\u00e9fi.<\/td>\n<\/tr>\n<\/tbody>\n<\/table>\n<\/figure>\n","protected":false},"excerpt":{"rendered":"","protected":false},"author":12,"featured_media":6654,"comment_status":"open","ping_status":"close","sticky":false,"template":"","format":"standard","meta":{"_seopress_robots_primary_cat":"","_seopress_titles_title":"","_seopress_titles_desc":"","_seopress_robots_index":"","footnotes":""},"categories":[1545],"tags":[],"class_list":["post-6653","post","type-post","status-publish","format-standard","has-post-thumbnail","hentry","category-neuchcup-fr","generate-columns","tablet-grid-50","mobile-grid-100","grid-parent","grid-33"],"_links":{"self":[{"href":"https:\/\/swisstinychalet.ch\/neuch\/wp-json\/wp\/v2\/posts\/6653","targetHints":{"allow":["GET"]}}],"collection":[{"href":"https:\/\/swisstinychalet.ch\/neuch\/wp-json\/wp\/v2\/posts"}],"about":[{"href":"https:\/\/swisstinychalet.ch\/neuch\/wp-json\/wp\/v2\/types\/post"}],"author":[{"embeddable":true,"href":"https:\/\/swisstinychalet.ch\/neuch\/wp-json\/wp\/v2\/users\/12"}],"replies":[{"embeddable":true,"href":"https:\/\/swisstinychalet.ch\/neuch\/wp-json\/wp\/v2\/comments?post=6653"}],"version-history":[{"count":0,"href":"https:\/\/swisstinychalet.ch\/neuch\/wp-json\/wp\/v2\/posts\/6653\/revisions"}],"wp:featuredmedia":[{"embeddable":true,"href":"https:\/\/swisstinychalet.ch\/neuch\/wp-json\/wp\/v2\/media\/6654"}],"wp:attachment":[{"href":"https:\/\/swisstinychalet.ch\/neuch\/wp-json\/wp\/v2\/media?parent=6653"}],"wp:term":[{"taxonomy":"category","embeddable":true,"href":"https:\/\/swisstinychalet.ch\/neuch\/wp-json\/wp\/v2\/categories?post=6653"},{"taxonomy":"post_tag","embeddable":true,"href":"https:\/\/swisstinychalet.ch\/neuch\/wp-json\/wp\/v2\/tags?post=6653"}],"curies":[{"name":"wp","href":"https:\/\/api.w.org\/{rel}","templated":true}]}}