{"id":6675,"date":"2025-01-24T13:46:09","date_gmt":"2025-01-24T08:16:09","guid":{"rendered":"https:\/\/swisstinychalet.ch\/neuch\/developpement-durable-et-zero-dechet-en-entreprise"},"modified":"2025-01-24T13:46:09","modified_gmt":"2025-01-24T08:16:09","slug":"developpement-durable-et-zero-dechet-en-entreprise","status":"publish","type":"post","link":"https:\/\/swisstinychalet.ch\/neuch\/developpement-durable-et-zero-dechet-en-entreprise","title":{"rendered":"D\u00e9veloppement durable et z\u00e9ro d\u00e9chet en entreprise"},"content":{"rendered":"\n\n<p>Le <strong>d\u00e9veloppement durable<\/strong> en entreprise vise \u00e0 int\u00e9grer des pratiques respectueuses de l&#8217;environnement dans la strat\u00e9gie organisationnelle. Parmi ces pratiques, la d\u00e9marche <strong>z\u00e9ro d\u00e9chet<\/strong> se r\u00e9v\u00e8le essentielle, car elle permet de r\u00e9duire les <strong>d\u00e9chets<\/strong> produits tout en am\u00e9liorant l&#8217;image de marque de l&#8217;entreprise. En adoptant des strat\u00e9gies comme le <strong>recyclage<\/strong>, la r\u00e9utilisation et la r\u00e9duction des d\u00e9chets d\u00e8s la phase de conception des produits, les entreprises participent activement \u00e0 la <strong>protection de l&#8217;environnement<\/strong> et renforcent leur <strong>responsabilit\u00e9 soci\u00e9tale<\/strong> (RSE). La sensibilisation des employ\u00e9s est \u00e9galement cruciale pour instaurer une v\u00e9ritable culture durable au sein des organisations. Enfin, l&#8217;\u00e9volution vers une <strong>\u00e9conomie circulaire<\/strong> permet de maximiser l&#8217;utilisation des ressources tout en minimisant les impacts environnementaux.<\/p>\n\n\n<figure class=\"wp-block-embed is-type-video is-provider-youtube wp-block-embed-youtube wp-embed-aspect-16-9 wp-has-aspect-ratio\">\n<div class=\"wp-block-embed__wrapper\">\n<iframe title=\"Tri, collecte et valorisation des d\u00e9chets alimentaires en restauration collective\" width=\"1200\" height=\"675\" src=\"https:\/\/www.youtube-nocookie.com\/embed\/W7Epe6SQQF8?feature=oembed\" frameborder=\"0\" allow=\"accelerometer; autoplay; clipboard-write; encrypted-media; gyroscope; picture-in-picture; web-share\" referrerpolicy=\"strict-origin-when-cross-origin\" allowfullscreen><\/iframe>\n<\/div>\n<\/figure>\n\n\n\n<p>Les entreprises d&#8217;aujourd&#8217;hui \u00e9voluent dans un monde en mutation rapide, o\u00f9 les exigences soci\u00e9tales et environnementales se renforcent, poussant ainsi \u00e0 repenser notre consommation. L&#8217;adoption de pratiques de d\u00e9veloppement durable et l&#8217;engagement vers le <strong>z\u00e9ro d\u00e9chet<\/strong> se r\u00e9v\u00e8lent de plus en plus essentiels. Mais comment les entreprises peuvent-elles r\u00e9ellement transformer leur approche du <strong>d\u00e9veloppement durable<\/strong> ? Explorons ensemble les \u00e9tapes cl\u00e9s et les strat\u00e9gies \u00e0 mettre en \u0153uvre.<\/p>\n\n\n<h2 class=\"wp-block-heading\">Les enjeux du z\u00e9ro d\u00e9chet en entreprise<\/h2>\n\n\n<p>La gestion des d\u00e9chets est au c\u0153ur des pr\u00e9occupations environnementales aujourd&#8217;hui. En 2014-2015, le <strong>Minist\u00e8re de l&#8217;\u00c9cologie, du D\u00e9veloppement Durable et de l&#8217;\u00c9nergie<\/strong> a lanc\u00e9 l&#8217;appel \u00e0 projets \u00ab <strong>Territoire Z\u00e9ro D\u00e9chet Z\u00e9ro Gaspillage<\/strong> \u00bb (TZDZG). Ce programme visait \u00e0 soutenir 153 territoires laur\u00e9ats dans leur qu\u00eate de solutions \u00e9cologiques, une d\u00e9marche qui devrait inspirer les entreprises \u00e0 agir. L&#8217;int\u00e9gration du <strong>z\u00e9ro d\u00e9chet<\/strong> dans la strat\u00e9gie de <strong>Responsabilit\u00e9 Soci\u00e9tale des Entreprises (RSE)<\/strong> peut cr\u00e9er des synergies b\u00e9n\u00e9fiques \u00e0 la fois sur le plan environnemental et \u00e9conomique.<\/p>\n\n\n<h2 class=\"wp-block-heading\">Comment devenir une entreprise z\u00e9ro d\u00e9chet<\/h2>\n\n\n<p>Pour se diriger vers un mod\u00e8le \u00ab <strong>z\u00e9ro d\u00e9chet<\/strong> \u00bb, une approche m\u00e9thodique s&#8217;impose. Voici quelques pistes :<\/p>\n\n\n<ul class=\"wp-block-list\">\n\n<li><strong>\u00c9duquer le personnel<\/strong> : Une entreprise ne peut \u00e9voluer sans l&#8217;adh\u00e9sion de ses employ\u00e9s. Sensibiliser le personnel aux enjeux de la r\u00e9duction des d\u00e9chets est primordial.<\/li>\n\n\n<li><strong>Analyser la cha\u00eene d&#8217;approvisionnement<\/strong> : L&#8217;\u00e9valuation des partenaires et fournisseurs est essentielle pour s&#8217;assurer de leur engagement \u00e0 la durabilit\u00e9.<\/li>\n\n\n<li><strong>Innovations produit<\/strong> : Concevoir des produits en minimisant les d\u00e9chets d\u00e8s l&#8217;origine est une strat\u00e9gie b\u00e9n\u00e9fique \u00e0 long terme.<\/li>\n\n\n<li><strong>Recours aux contenants r\u00e9utilisables<\/strong> : Favoriser des solutions comme les contenants r\u00e9utilisables contribue \u00e0 r\u00e9duire consid\u00e9rablement les d\u00e9chets g\u00e9n\u00e9r\u00e9s.<\/li>\n\n<\/ul>\n\n\n<h2 class=\"wp-block-heading\">Les d\u00e9fis rencontr\u00e9s<\/h2>\n\n\n<p>Malgr\u00e9 les efforts, le parcours vers le <strong>z\u00e9ro d\u00e9chet<\/strong> pr\u00e9sente des d\u00e9fis. La <strong>Loi AGEC<\/strong> d\u00e9voile plusieurs exigences, mais les entreprises doivent \u00e9galement faire face \u00e0 des enjeux \u00e9conomiques : des co\u00fbts de recyclage croissants et la n\u00e9cessit\u00e9 d&#8217;investir dans des solutions innovantes. R\u00e9pondre \u00e0 ces d\u00e9fis peut stimuler la cr\u00e9ation de nouveaux services et l&#8217;essor d&#8217;une \u00e9conomie circulaire.<\/p>\n\n\n<h2 class=\"wp-block-heading\">Des exemples inspirants<\/h2>\n\n\n<p>Des initiatives concr\u00e8tes \u00e9mergent un peu partout. \u00c0 <strong>Roubaix<\/strong>, une v\u00e9ritable pionni\u00e8re s&#8217;illustre dans le mouvement <strong>z\u00e9ro d\u00e9chet<\/strong>. D&#8217;autres villes, comme <strong>Strasbourg<\/strong>, proposent des ateliers gratuits pour initier les citoyens \u00e0 ce mode de vie. En parall\u00e8le, des commerces comme <strong>Celita<\/strong> \u00e0 <strong>Lalinde<\/strong> incarnent cette volont\u00e9 d&#8217;une consommation responsable.<\/p>\n\n\n<p>Pour un futur viable, repenser nos pratiques et adopter le <strong>z\u00e9ro d\u00e9chet<\/strong> devient incontournable. Les entreprises ont un r\u00f4le fondamental \u00e0 jouer pour catalyser ce changement, et il est temps d&#8217;agir collectivement.<\/p>\n\n\n\n<h2 class=\"wp-block-heading\">Vers une Entreprise Z\u00e9ro D\u00e9chet<\/h2>\n\n\n<figure class=\"wp-block-table\">\n<table>\n<tbody>\n<tr>\n<td>\u267b\ufe0f<\/td>\n<td><strong>D\u00e9marche Z\u00e9ro D\u00e9chet<\/strong> : R\u00e9duction, recyclage et valorisation des d\u00e9chets.<\/td>\n<\/tr>\n<tr>\n<td>\ud83c\udf0d<\/td>\n<td><strong>Objectif \u00c9cologique<\/strong> : D\u00e9veloppement de villes et entreprises plus durables.<\/td>\n<\/tr>\n<tr>\n<td>\ud83d\udcc8<\/td>\n<td><strong>Strat\u00e9gies RSE<\/strong> : Int\u00e9gration des actions environnementales dans le plan d&#8217;entreprise.<\/td>\n<\/tr>\n<tr>\n<td>\u2728<\/td>\n<td><strong>Sensibilisation des Employ\u00e9s<\/strong> : Importance de l&#8217;\u00e9ducation \u00e0 la r\u00e9duction des d\u00e9chets.<\/td>\n<\/tr>\n<tr>\n<td>\ud83d\udee0\ufe0f<\/td>\n<td><strong>Innovations Durables<\/strong> : Strat\u00e9gies pour revoir la conception des produits et les cha\u00eenes d&#8217;approvisionnement.<\/td>\n<\/tr>\n<tr>\n<td>\ud83d\udca1<\/td>\n<td><strong>Applications Pratiques<\/strong> : Utilisation de solutions quotidiennes pour minimiser les d\u00e9chets.<\/td>\n<\/tr>\n<tr>\n<td>\ud83e\udd1d<\/td>\n<td><strong>Partenariats<\/strong> : Collaboration avec des fournisseurs ax\u00e9s sur la durabilit\u00e9.<\/td>\n<\/tr>\n<tr>\n<td>\ud83c\udf31<\/td>\n<td><strong>Transition vers l&#8217;\u00c9conomie Circulaire<\/strong> : R\u00e9utilisation maximale des ressources et r\u00e9duction des d\u00e9chets.<\/td>\n<\/tr>\n<tr>\n<td>\ud83d\udcda<\/td>\n<td><strong>\u00c9ducation et Communaut\u00e9<\/strong> : Initiatives pour sensibiliser sur le z\u00e9ro d\u00e9chet dans les \u00e9coles et collectivit\u00e9s.<\/td>\n<\/tr>\n<\/tbody>\n<\/table>\n<\/figure>\n","protected":false},"excerpt":{"rendered":"","protected":false},"author":9,"featured_media":6676,"comment_status":"open","ping_status":"close","sticky":false,"template":"","format":"standard","meta":{"_seopress_robots_primary_cat":"","_seopress_titles_title":"","_seopress_titles_desc":"","_seopress_robots_index":"","footnotes":""},"categories":[1545],"tags":[],"class_list":["post-6675","post","type-post","status-publish","format-standard","has-post-thumbnail","hentry","category-neuchcup-fr","generate-columns","tablet-grid-50","mobile-grid-100","grid-parent","grid-33"],"_links":{"self":[{"href":"https:\/\/swisstinychalet.ch\/neuch\/wp-json\/wp\/v2\/posts\/6675","targetHints":{"allow":["GET"]}}],"collection":[{"href":"https:\/\/swisstinychalet.ch\/neuch\/wp-json\/wp\/v2\/posts"}],"about":[{"href":"https:\/\/swisstinychalet.ch\/neuch\/wp-json\/wp\/v2\/types\/post"}],"author":[{"embeddable":true,"href":"https:\/\/swisstinychalet.ch\/neuch\/wp-json\/wp\/v2\/users\/9"}],"replies":[{"embeddable":true,"href":"https:\/\/swisstinychalet.ch\/neuch\/wp-json\/wp\/v2\/comments?post=6675"}],"version-history":[{"count":0,"href":"https:\/\/swisstinychalet.ch\/neuch\/wp-json\/wp\/v2\/posts\/6675\/revisions"}],"wp:featuredmedia":[{"embeddable":true,"href":"https:\/\/swisstinychalet.ch\/neuch\/wp-json\/wp\/v2\/media\/6676"}],"wp:attachment":[{"href":"https:\/\/swisstinychalet.ch\/neuch\/wp-json\/wp\/v2\/media?parent=6675"}],"wp:term":[{"taxonomy":"category","embeddable":true,"href":"https:\/\/swisstinychalet.ch\/neuch\/wp-json\/wp\/v2\/categories?post=6675"},{"taxonomy":"post_tag","embeddable":true,"href":"https:\/\/swisstinychalet.ch\/neuch\/wp-json\/wp\/v2\/tags?post=6675"}],"curies":[{"name":"wp","href":"https:\/\/api.w.org\/{rel}","templated":true}]}}