{"id":6693,"date":"2025-01-25T23:41:46","date_gmt":"2025-01-25T18:11:46","guid":{"rendered":"https:\/\/swisstinychalet.ch\/neuch\/zero-dechet-la-desencombrerie-lance-une-ressourcerie-innovante-a-grabels"},"modified":"2025-01-25T23:41:46","modified_gmt":"2025-01-25T18:11:46","slug":"zero-dechet-la-desencombrerie-lance-une-ressourcerie-innovante-a-grabels","status":"publish","type":"post","link":"https:\/\/swisstinychalet.ch\/neuch\/zero-dechet-la-desencombrerie-lance-une-ressourcerie-innovante-a-grabels","title":{"rendered":"Z\u00e9ro D\u00e9chet : La D\u00e9sencombrerie lance une ressourcerie innovante \u00e0 Grabels"},"content":{"rendered":"\n\n<p><strong>La D\u00e9sencombrerie<\/strong>, une association engag\u00e9e dans la d\u00e9marche <strong>z\u00e9ro d\u00e9chet<\/strong>, a r\u00e9cemment annonc\u00e9 l&#8217;ouverture d&#8217;une <strong>ressourcerie<\/strong> permanente \u00e0 Grabels, fruit d&#8217;une collaboration avec la municipalit\u00e9. Ce nouvel espace, situ\u00e9 au 1, rue des \u00c9coles, sera d\u00e9di\u00e9 \u00e0 la <strong>collecte<\/strong> et au <strong>r\u00e9emploi<\/strong> d&#8217;objets d&#8217;occasion, contribuant ainsi \u00e0 la r\u00e9duction des d\u00e9chets. Avant son inauguration le 8 f\u00e9vrier, des journ\u00e9es de <strong>collecte<\/strong> sont organis\u00e9es les 18, 22 et 25 janvier. Cette initiative s&#8217;inscrit dans un mouvement plus large de sensibilisation aux pratiques \u00e9coresponsables et de promotion du r\u00e9emploi dans la communaut\u00e9.<\/p>\n\n\n<figure class=\"wp-block-embed is-type-video is-provider-youtube wp-block-embed-youtube wp-embed-aspect-16-9 wp-has-aspect-ratio\">\n<div class=\"wp-block-embed__wrapper\">\n<iframe title=\"Mooc Z\u00e9ro D\u00e9chet - Webinaire sp\u00e9cial &quot;Cr\u00e9er une ressourcerie&quot; du 29 octobre 2019\" width=\"1200\" height=\"675\" src=\"https:\/\/www.youtube-nocookie.com\/embed\/BNXRkXDp9q0?feature=oembed\" frameborder=\"0\" allow=\"accelerometer; autoplay; clipboard-write; encrypted-media; gyroscope; picture-in-picture; web-share\" referrerpolicy=\"strict-origin-when-cross-origin\" allowfullscreen><\/iframe>\n<\/div>\n<\/figure>\n\n\n\n<p>La ville de <strong>Grabels<\/strong> fait un pas significatif vers la durabilit\u00e9 avec la cr\u00e9ation d&#8217;une ressourcerie unique par l&#8217;association <strong>La D\u00e9sencombrerie<\/strong>. Ce projet novateur vise \u00e0 favoriser le <strong>r\u00e9emploi<\/strong> et la <strong>collecte<\/strong> d&#8217;objets d&#8217;occasion, tout en sensibilisant la population \u00e0 l&#8217;importance d&#8217;une <strong>consommation responsable<\/strong>.<\/p>\n\n\n<h2 class=\"wp-block-heading\">Qu&#8217;est-ce que La D\u00e9sencombrerie ?<\/h2>\n\n\n<p>Fond\u00e9e r\u00e9cemment en <strong>2023<\/strong>, <strong>La D\u00e9sencombrerie<\/strong> est une association qui \u0153uvre pour le d\u00e9veloppement de solutions durables au sein de la m\u00e9tropole. Initialement nomade, elle a enfin trouv\u00e9 un espace fixe au c\u0153ur de <strong>Grabels<\/strong>, \u00e0 l&#8217;adresse 1, rue des \u00c9coles. Cette ressourcerie vise \u00e0 transformer notre rapport \u00e0 l&#8217;objet en facilitant le <strong>don<\/strong>, la <strong>vente<\/strong> et la <strong>r\u00e9paration<\/strong> d&#8217;articles.<\/p>\n\n\n<h2 class=\"wp-block-heading\">Inauguration et \u00e9v\u00e9nements de collecte<\/h2>\n\n\n<p>La ressourcerie de <strong>Grabels<\/strong> sera officiellement inaugur\u00e9e le 8 f\u00e9vrier. En attendant, plusieurs temps de collecte sont planifi\u00e9s les 18, 22 et 25 janvier. Ces \u00e9v\u00e9nements permettront aux habitants de d\u00e9poser des objets dont ils n&#8217;ont plus besoin, favorisant ainsi un cycle de vie prolong\u00e9 pour de nombreux biens encore utilisables.<\/p>\n\n\n<h2 class=\"wp-block-heading\">Sensibilisation au z\u00e9ro d\u00e9chet<\/h2>\n\n\n<p>En parall\u00e8le de la cr\u00e9ation de cette ressourcerie, <strong>La D\u00e9sencombrerie<\/strong> organise \u00e9galement des initiatives de sensibilisation autour du <strong>z\u00e9ro d\u00e9chet<\/strong>. Un programme d\u2019ateliers participatifs et de r\u00e9parations sera mis en place, offrant aux participants des conseils pratiques pour r\u00e9duire leurs d\u00e9chets et adopter un mode de vie plus durable. Ces ateliers auront lieu au sein de la ressourcerie, mais aussi dans divers lieux de la ville.<\/p>\n\n\n<h2 class=\"wp-block-heading\">L&#8217;importance du r\u00e9emploi et de la r\u00e9duction des d\u00e9chets<\/h2>\n\n\n<p>Une d\u00e9marche de <strong>z\u00e9ro d\u00e9chet<\/strong> vise non seulement \u00e0 r\u00e9duire la quantit\u00e9 de mat\u00e9riaux jet\u00e9s, mais aussi \u00e0 encourager un changement culturel dans notre mani\u00e8re d&#8217;acheter et de consommer. En effet, cette philosophie invite chacun \u00e0 r\u00e9fl\u00e9chir \u00e0 ses choix de consommation et \u00e0 envisager des alternatives comme le <strong>seconde main<\/strong> ou la <strong>r\u00e9paration<\/strong> d&#8217;objets.<\/p>\n\n\n<h2 class=\"wp-block-heading\">Les atouts d&#8217;une consommation responsable<\/h2>\n\n\n<p>Les initiatives comme celle de <strong>La D\u00e9sencombrerie<\/strong> \u00e0 <strong>Grabels<\/strong> ne se limitent pas \u00e0 la collecte d&#8217;objets, elles contribuent \u00e9galement \u00e0 cr\u00e9er un environnement o\u00f9 les citoyens peuvent se rassembler autour de valeurs communes de durabilit\u00e9. En prenant part \u00e0 ces activit\u00e9s, chacun peut jouer un r\u00f4le dans la transformation de notre communaut\u00e9 en un lieu plus respectueux de l&#8217;<strong>environnement<\/strong>.<\/p>\n\n\n<p>Pour ceux qui souhaitent en savoir plus sur les initiatives visant \u00e0 transformer des d\u00e9chets en objets d\u00e9co, vous pouvez lire cet article : <a href=\"https:\/\/swisstinychalet.ch\/neuch\/transformez-vos-dechets-en-objets-deco\">Transformez vos d\u00e9chets en objets d\u00e9co<\/a>. D&#8217;autres informations sur des d\u00e9fis z\u00e9ro d\u00e9chet et des solutions de consommation responsable sont disponibles ici : <a href=\"https:\/\/swisstinychalet.ch\/neuch\/inauguration-du-premier-defi-zero-dechet-a-rueil-malmaison\">Inauguration du Premier D\u00e9fi Z\u00e9ro D\u00e9chet \u00e0 Rueil-Malmaison<\/a>.<\/p>\n\n\n\n<h2 class=\"wp-block-heading\">Tableau Synth\u00e9tique sur les Initiatives Z\u00e9ro D\u00e9chet<\/h2>\n\n\n<figure class=\"wp-block-table\">\n<table>\n<tbody>\n<tr>\n<td>\u267b\ufe0f<\/td>\n<td><strong>Ressourcerie \u00e0 Grabels<\/strong>: Collaboration entre La D\u00e9sencombrerie et la Ville pour collecter et r\u00e9employer des objets d&#8217;occasion.<\/td>\n<\/tr>\n<tr>\n<td>\ud83d\udcc5<\/td>\n<td><strong>Date Inauguration<\/strong>: \u00c9v\u00e9nement pr\u00e9vu le 8 f\u00e9vrier avec des collectes organis\u00e9es les 18, 22 et 25 janvier.<\/td>\n<\/tr>\n<tr>\n<td>\ud83c\udfe0<\/td>\n<td><strong>Lieu<\/strong>: 1, rue des \u00c9coles, au c\u0153ur de Grabels.<\/td>\n<\/tr>\n<tr>\n<td>\u2728<\/td>\n<td><strong>Sensibilisation<\/strong>: Une semaine d\u00e9di\u00e9e au z\u00e9ro d\u00e9chet \u00e0 La Paillade avec collecte, r\u00e9paration et ateliers participatifs.<\/td>\n<\/tr>\n<tr>\n<td>\ud83d\udce6<\/td>\n<td><strong>Ressourcerie \u00c9ph\u00e9m\u00e8re<\/strong>: Collecte d&#8217;objets avec tri et vente solidaire, accompagn\u00e9e d&#8217;ateliers de sensibilisation.<\/td>\n<\/tr>\n<tr>\n<td>\ud83c\udf0d<\/td>\n<td><strong>Taux de Revalorisation<\/strong>: 93 % des objets collect\u00e9s sont sauv\u00e9s de l&#8217;incin\u00e9ration ou de l&#8217;enfouissement.<\/td>\n<\/tr>\n<tr>\n<td>\ud83e\udd57<\/td>\n<td><strong>Philosophie Z\u00e9ro D\u00e9chet<\/strong>: Une d\u00e9marche visant \u00e0 r\u00e9duire l&#8217;impact n\u00e9gatif sur la plan\u00e8te par des habitudes de consommation responsables.<\/td>\n<\/tr>\n<\/tbody>\n<\/table>\n<\/figure>\n","protected":false},"excerpt":{"rendered":"","protected":false},"author":8,"featured_media":6694,"comment_status":"open","ping_status":"close","sticky":false,"template":"","format":"standard","meta":{"_seopress_robots_primary_cat":"","_seopress_titles_title":"","_seopress_titles_desc":"","_seopress_robots_index":"","footnotes":""},"categories":[1545],"tags":[],"class_list":["post-6693","post","type-post","status-publish","format-standard","has-post-thumbnail","hentry","category-neuchcup-fr","generate-columns","tablet-grid-50","mobile-grid-100","grid-parent","grid-33"],"_links":{"self":[{"href":"https:\/\/swisstinychalet.ch\/neuch\/wp-json\/wp\/v2\/posts\/6693","targetHints":{"allow":["GET"]}}],"collection":[{"href":"https:\/\/swisstinychalet.ch\/neuch\/wp-json\/wp\/v2\/posts"}],"about":[{"href":"https:\/\/swisstinychalet.ch\/neuch\/wp-json\/wp\/v2\/types\/post"}],"author":[{"embeddable":true,"href":"https:\/\/swisstinychalet.ch\/neuch\/wp-json\/wp\/v2\/users\/8"}],"replies":[{"embeddable":true,"href":"https:\/\/swisstinychalet.ch\/neuch\/wp-json\/wp\/v2\/comments?post=6693"}],"version-history":[{"count":0,"href":"https:\/\/swisstinychalet.ch\/neuch\/wp-json\/wp\/v2\/posts\/6693\/revisions"}],"wp:featuredmedia":[{"embeddable":true,"href":"https:\/\/swisstinychalet.ch\/neuch\/wp-json\/wp\/v2\/media\/6694"}],"wp:attachment":[{"href":"https:\/\/swisstinychalet.ch\/neuch\/wp-json\/wp\/v2\/media?parent=6693"}],"wp:term":[{"taxonomy":"category","embeddable":true,"href":"https:\/\/swisstinychalet.ch\/neuch\/wp-json\/wp\/v2\/categories?post=6693"},{"taxonomy":"post_tag","embeddable":true,"href":"https:\/\/swisstinychalet.ch\/neuch\/wp-json\/wp\/v2\/tags?post=6693"}],"curies":[{"name":"wp","href":"https:\/\/api.w.org\/{rel}","templated":true}]}}