{"id":6713,"date":"2025-01-27T12:36:43","date_gmt":"2025-01-27T07:06:43","guid":{"rendered":"https:\/\/swisstinychalet.ch\/neuch\/fetes-et-traditions-celebrer-tout-en-reduisant-les-dechets"},"modified":"2025-01-27T12:36:43","modified_gmt":"2025-01-27T07:06:43","slug":"fetes-et-traditions-celebrer-tout-en-reduisant-les-dechets","status":"publish","type":"post","link":"https:\/\/swisstinychalet.ch\/neuch\/fetes-et-traditions-celebrer-tout-en-reduisant-les-dechets","title":{"rendered":"F\u00eates et traditions : c\u00e9l\u00e9brer tout en r\u00e9duisant les d\u00e9chets"},"content":{"rendered":"\n\n<p>Les <strong>c\u00e9l\u00e9brations<\/strong> de fin d&#8217;ann\u00e9e peuvent engendrer un impact environnemental consid\u00e9rable, principalement \u00e0 cause des <strong>d\u00e9chets<\/strong> g\u00e9n\u00e9r\u00e9s. Toutefois, il est possible de vivre ces moments festifs de mani\u00e8re plus <strong>d durable<\/strong>. En adoptant des pratiques \u00e9coresponsables, telles que le choix de <strong>d\u00e9corations r\u00e9utilisables<\/strong>, l&#8217;utilisation de services en <strong>tissu<\/strong> plut\u00f4t qu&#8217;en plastique jetable, et la gestion cr\u00e9ative des <strong>restes alimentaires<\/strong>, chaque convive peut contribuer \u00e0 diminuer son empreinte \u00e9cologique. En int\u00e9grant ces gestes simples dans les traditions festives, il devient possible de c\u00e9l\u00e9brer tout en pr\u00e9servant notre <strong>plan\u00e8te<\/strong>.<\/p>\n\n\n<figure class=\"wp-block-embed is-type-video is-provider-youtube wp-block-embed-youtube wp-embed-aspect-16-9 wp-has-aspect-ratio\">\n<div class=\"wp-block-embed__wrapper\">\n<iframe title=\"Les F\u00eates Cor\u00e9ennes en Octobre \u2013 Traditions et C\u00e9l\u00e9brations\" width=\"1200\" height=\"675\" src=\"https:\/\/www.youtube-nocookie.com\/embed\/9pbOJgasGoo?feature=oembed\" frameborder=\"0\" allow=\"accelerometer; autoplay; clipboard-write; encrypted-media; gyroscope; picture-in-picture; web-share\" referrerpolicy=\"strict-origin-when-cross-origin\" allowfullscreen><\/iframe>\n<\/div>\n<\/figure>\n\n\n\n<p>Lorsque les f\u00eates approchent, l&#8217;excitation est palpable. Les retrouvailles en famille, les rituels tant attendus, et bien s\u00fbr, les d\u00e9licieux repas. Cependant, cette p\u00e9riode r\u00e9jouissante peut aussi avoir un co\u00fbt environnemental. <strong>R\u00e9duire les d\u00e9chets<\/strong> tout en c\u00e9l\u00e9brant devient alors une n\u00e9cessit\u00e9, mais aussi une belle occasion de r\u00e9inventer nos traditions.<\/p>\n\n\n<h2 class=\"wp-block-heading\">Planifiez votre menu \u00e0 l&#8217;avance<\/h2>\n\n\n<p>Pour \u00e9viter le gaspillage alimentaire, la planification est essentielle. Choisissez des recettes de saison, mettant en valeur les produits des <strong>march\u00e9s locaux<\/strong>. Cela permet non seulement de concocter des plats savoureux, mais aussi de vraiment savourer la richesse de notre terroir. Concevoir un menu \u00e9quilibr\u00e9, en tenant compte du nombre d&#8217;invit\u00e9s, aide \u00e0 minimiser les surplus.<\/p>\n\n\n<h2 class=\"wp-block-heading\">Astuces pour un repas \u00e9coresponsable<\/h2>\n\n\n<p>Une fois le menu \u00e9tabli, pensez \u00e0 cr\u00e9er une ambiance chaleureuse sans aller \u00e0 l\u2019encontre de vos valeurs environnementales. Privil\u00e9giez des assiettes et des couverts r\u00e9utilisables \u00e0 la place des options jetables. De plus, des serviettes en tissu et des d\u00e9corations <strong>r\u00e9utilisables<\/strong> donneront \u00e0 votre table une touche \u00e9l\u00e9gante, tout en respectant notre plan\u00e8te. Ne sous-estimez pas la cr\u00e9ativit\u00e9 des mat\u00e9riaux recycl\u00e9s ou des objets que vous avez d\u00e9j\u00e0 chez vous.<\/p>\n\n\n<h2 class=\"wp-block-heading\">Des id\u00e9es pour les restes<\/h2>\n\n\n<p>Pour beaucoup, la gestion des restes peut sembler \u00eatre un casse-t\u00eate. Pourtant, il existe des solutions simples et innovantes. Transformez ce qui reste de votre repas en nouvelles recettes. Les l\u00e9gumes peuvent devenir des soupes ou des gratins, tandis que les viandes se pr\u00eatent parfaitement \u00e0 des plats comme des rago\u00fbts ou des sandwichs. Cela ne permet pas seulement de r\u00e9duire le gaspillage, mais aussi d\u2019ajouter un peu de vari\u00e9t\u00e9 \u00e0 vos repas.<\/p>\n\n\n<h2 class=\"wp-block-heading\">Vers une gestion des d\u00e9chets simplifi\u00e9e<\/h2>\n\n\n<p>Les \u00e9v\u00e9nements festifs g\u00e9n\u00e8rent souvent des d\u00e9chets consid\u00e9rables. D&#8217;apr\u00e8s plusieurs \u00e9tudes, moins de 30% des d\u00e9chets g\u00e9n\u00e9r\u00e9s pendant les f\u00eates sont recyclables. Pour contrer cette tendance, adoptez un <strong>tri s\u00e9lectif<\/strong> rigoureux. Sensibilisez vos proches \u00e0 l&#8217;importance du recyclage. Il est \u00e9galement judicieux de choisir des emballages compostables pour les cadeaux et de collecter les biod\u00e9chets pour un compostage ult\u00e9rieur.<\/p>\n\n\n<h2 class=\"wp-block-heading\">Les traditions \u00e0 r\u00e9inventer<\/h2>\n\n\n<p>\u00c0 l\u2019aube des nouvelles ann\u00e9es, se concentrer sur des gestes simples peut faire une grande diff\u00e9rence. Optez pour des cadeaux faits maison ou exp\u00e9riences \u00e0 partager plut\u00f4t que des objets mat\u00e9riels. Le <strong>troque<\/strong> est une pratique qui renoue avec l\u2019authenticit\u00e9 des \u00e9changes, permettant de c\u00e9l\u00e9brer en toute conscience. Pourquoi ne pas essayer une f\u00eate sans cadeau ou un tirage au sort pour minimiser le volume d&#8217;achats?<\/p>\n\n\n<h2 class=\"wp-block-heading\">Engagement pour un No\u00ebl \u00e9coresponsable<\/h2>\n\n\n<p>De nombreux villages ou \u00e9v\u00e9nements festifs int\u00e8grent des initiatives \u00e9coresponsables. Ces endroits offrent non seulement des activit\u00e9s amusantes pour les enfants, mais encouragent aussi des comportements respectueux envers l&#8217;environnement. \u00c0 mesure que ces traditions s&#8217;int\u00e8grent dans nos c\u00e9l\u00e9brations, la <strong>r\u00e9duction des d\u00e9chets<\/strong> devient un mod\u00e8le \u00e0 suivre.<\/p>\n\n\n<p>Pour plus de d\u00e9tails sur la gestion des d\u00e9chets en \u00e9v\u00e9nementiel, consultez <a href=\"https:\/\/swisstinychalet.ch\/neuch\/les-dechets-organiques-en-evenementiel-que-faire\">cet article<\/a>. Vous pourrez \u00e9galement d\u00e9couvrir comment les march\u00e9s s\u2019engagent contre le gaspillage \u00e0 l&#8217;adresse suivante : <a href=\"https:\/\/swisstinychalet.ch\/neuch\/les-marches-en-guerre-contre-le-gaspillage-une-nouvelle-ere-pour-la-gestion-des-dechets\">ici<\/a>.<\/p>\n\n\n<p>En int\u00e9grant des pratiques \u00e9coresponsables \u00e0 vos c\u00e9l\u00e9brations, chaque repas partag\u00e9 devient un pas de plus vers un avenir respectueux de notre environnement.<\/p>\n\n\n\n<h2 class=\"wp-block-heading\">Repas de f\u00eates : 10 astuces anti-gaspillage pour une c\u00e9l\u00e9bration consciente<\/h2>\n\n\n<figure class=\"wp-block-table\">\n<table>\n<tbody>\n<tr>\n<td>\ud83c\udf89<\/td>\n<td><strong>Planification<\/strong> des repas pour \u00e9viter le surplus de nourriture.<\/td>\n<\/tr>\n<tr>\n<td>\u267b\ufe0f<\/td>\n<td>Utilisation de <strong>d\u00e9corations r\u00e9utilisables<\/strong> pour r\u00e9duire les d\u00e9chets.<\/td>\n<\/tr>\n<tr>\n<td>\ud83e\udd57<\/td>\n<td>Pr\u00e9f\u00e9rer les <strong>produits locaux et de saison<\/strong> dans les recettes.<\/td>\n<\/tr>\n<tr>\n<td>\ud83c\udf7d\ufe0f<\/td>\n<td>\u00c9viter le jetable en optant pour de vraies <strong>assiettes et couverts<\/strong>.<\/td>\n<\/tr>\n<tr>\n<td>\ud83d\ude8e<\/td>\n<td><strong>Transport en commun<\/strong> pour se rendre aux c\u00e9l\u00e9brations.<\/td>\n<\/tr>\n<tr>\n<td>\ud83c\udf81<\/td>\n<td>Opter pour des <strong>cadeaux \u00e9coresponsables<\/strong> ou des exp\u00e9riences.<\/td>\n<\/tr>\n<tr>\n<td>\ud83c\udf84<\/td>\n<td>Choisir un <strong>sapin de No\u00ebl vivant<\/strong>, qui peut \u00eatre replant\u00e9 apr\u00e8s.<\/td>\n<\/tr>\n<tr>\n<td>\ud83d\uddd1\ufe0f<\/td>\n<td>Composter les <strong>d\u00e9chets organiques<\/strong> g\u00e9n\u00e9r\u00e9s pendant les f\u00eates.<\/td>\n<\/tr>\n<tr>\n<td>\ud83d\udecd\ufe0f<\/td>\n<td>R\u00e9duire les emballages en <strong>utilisant des mat\u00e9riaux compostables<\/strong>.<\/td>\n<\/tr>\n<tr>\n<td>\ud83d\udca1<\/td>\n<td>Adopter des id\u00e9es <strong>cr\u00e9atives<\/strong> pour transformer les restes de repas.<\/td>\n<\/tr>\n<\/tbody>\n<\/table>\n<\/figure>\n","protected":false},"excerpt":{"rendered":"","protected":false},"author":11,"featured_media":6714,"comment_status":"open","ping_status":"close","sticky":false,"template":"","format":"standard","meta":{"_seopress_robots_primary_cat":"","_seopress_titles_title":"","_seopress_titles_desc":"","_seopress_robots_index":"","footnotes":""},"categories":[1545],"tags":[],"class_list":["post-6713","post","type-post","status-publish","format-standard","has-post-thumbnail","hentry","category-neuchcup-fr","generate-columns","tablet-grid-50","mobile-grid-100","grid-parent","grid-33"],"_links":{"self":[{"href":"https:\/\/swisstinychalet.ch\/neuch\/wp-json\/wp\/v2\/posts\/6713","targetHints":{"allow":["GET"]}}],"collection":[{"href":"https:\/\/swisstinychalet.ch\/neuch\/wp-json\/wp\/v2\/posts"}],"about":[{"href":"https:\/\/swisstinychalet.ch\/neuch\/wp-json\/wp\/v2\/types\/post"}],"author":[{"embeddable":true,"href":"https:\/\/swisstinychalet.ch\/neuch\/wp-json\/wp\/v2\/users\/11"}],"replies":[{"embeddable":true,"href":"https:\/\/swisstinychalet.ch\/neuch\/wp-json\/wp\/v2\/comments?post=6713"}],"version-history":[{"count":0,"href":"https:\/\/swisstinychalet.ch\/neuch\/wp-json\/wp\/v2\/posts\/6713\/revisions"}],"wp:featuredmedia":[{"embeddable":true,"href":"https:\/\/swisstinychalet.ch\/neuch\/wp-json\/wp\/v2\/media\/6714"}],"wp:attachment":[{"href":"https:\/\/swisstinychalet.ch\/neuch\/wp-json\/wp\/v2\/media?parent=6713"}],"wp:term":[{"taxonomy":"category","embeddable":true,"href":"https:\/\/swisstinychalet.ch\/neuch\/wp-json\/wp\/v2\/categories?post=6713"},{"taxonomy":"post_tag","embeddable":true,"href":"https:\/\/swisstinychalet.ch\/neuch\/wp-json\/wp\/v2\/tags?post=6713"}],"curies":[{"name":"wp","href":"https:\/\/api.w.org\/{rel}","templated":true}]}}