{"id":6729,"date":"2025-01-30T13:07:44","date_gmt":"2025-01-30T07:37:44","guid":{"rendered":"https:\/\/swisstinychalet.ch\/neuch\/les-lois-et-reglementations-sur-le-zero-dechet"},"modified":"2025-01-30T13:07:44","modified_gmt":"2025-01-30T07:37:44","slug":"les-lois-et-reglementations-sur-le-zero-dechet","status":"publish","type":"post","link":"https:\/\/swisstinychalet.ch\/neuch\/les-lois-et-reglementations-sur-le-zero-dechet","title":{"rendered":"Les lois et r\u00e9glementations sur le z\u00e9ro d\u00e9chet"},"content":{"rendered":"\n\n<p>Les <strong>lois<\/strong> et <strong>r\u00e9glementations<\/strong> sur le <strong>z\u00e9ro d\u00e9chet<\/strong> en France visent \u00e0 encourager un changement de mod\u00e8le de production et de consommation pour limiter les <strong>d\u00e9c\u00e8s<\/strong> et pr\u00e9server l&#8217;environnement. La <strong>loi anti-gaspillage<\/strong> pour une \u00e9conomie circulaire, adopt\u00e9e en f\u00e9vrier 2020, impose des obligations telles que le <strong>tri \u00e0 la source<\/strong> des <strong>biod\u00e9chets<\/strong> d&#8217;ici janvier 2024 et la fin de l&#8217;impression des tickets de caisse. Elle proscrit \u00e9galement la destruction des <strong>invendus non alimentaires<\/strong>. \u00c0 partir de 2025, la gestion des <strong>d\u00e9chets<\/strong> devra inclure la collecte gratuite des vieux v\u00e9hicules, renfor\u00e7ant ainsi le principe de <strong>responsabilit\u00e9 \u00e9largie des producteurs<\/strong> (REP). De nouvelles mesures sont \u00e9galement mises en \u0153uvre pour lutter contre les d\u00e9chets plastiques et textiles, consolidant les efforts vers un mod\u00e8le durable et <strong>\u00e9cologique<\/strong>.<\/p>\n\n\n<figure class=\"wp-block-embed is-type-video is-provider-youtube wp-block-embed-youtube wp-embed-aspect-16-9 wp-has-aspect-ratio\">\n<div class=\"wp-block-embed__wrapper\">\n<iframe title=\"Z\u00e9ro d\u00e9chet, un geste \u00e0 la fois\" width=\"1200\" height=\"675\" src=\"https:\/\/www.youtube-nocookie.com\/embed\/MUU7A32abig?feature=oembed\" frameborder=\"0\" allow=\"accelerometer; autoplay; clipboard-write; encrypted-media; gyroscope; picture-in-picture; web-share\" referrerpolicy=\"strict-origin-when-cross-origin\" allowfullscreen><\/iframe>\n<\/div>\n<\/figure>\n\n\n\n<p>Les d\u00e9fis environnementaux actuels poussent de plus en plus de citoyens \u00e0 repenser leur consommation. Moins de d\u00e9chets, c&#8217;est \u00e9galement une \u00e9conomie de ressources et une attitude qui pr\u00e9serve notre plan\u00e8te. La mise en \u0153uvre de <strong>lois<\/strong> et de <strong>r\u00e9glementations<\/strong> sur le <strong>z\u00e9ro d\u00e9chet<\/strong> prend alors tout son sens. En France, un cadre juridique s&#8217;est progressivement mis en place pour introduire des pratiques \u00e9coresponsables et favoriser une transition vers une soci\u00e9t\u00e9 plus durable.<\/p>\n\n\n<h2 class=\"wp-block-heading\">La loi anti-gaspillage pour une \u00e9conomie circulaire<\/h2>\n\n\n<p>Adopt\u00e9e en f\u00e9vrier 2020, la <strong>loi anti-gaspillage<\/strong> souhaite transformer notre mani\u00e8re de produire et de consommer afin de minimiser les d\u00e9chets. Elle \u00e9tablit des mesures pour prot\u00e9ger les <strong>ressources naturelles<\/strong>, la <strong>biodiversit\u00e9<\/strong> et le <strong>climat<\/strong>. Le tri s\u00e9lectif devient une obligation et le z\u00e9ro d\u00e9chet est plac\u00e9 au c\u0153ur des pr\u00e9occupations. Des engagements forts \u00e9mergent, tels que l\u2019interdiction des <strong>plastiques \u00e0 usage unique<\/strong> d&#8217;ici \u00e0 2040.<\/p>\n\n\n<h2 class=\"wp-block-heading\">Nouvelles r\u00e9glementations en 2023<\/h2>\n\n\n<p>\u00c0 partir de 2023, plusieurs nouvelles r\u00e9glementations ont vu le jour sous la loi anti-gaspillage, dont la fin de l&#8217;impression des <strong>tickets de caisse<\/strong> et l&#8217;interdiction de d\u00e9truire les <strong>invendus non alimentaires<\/strong>. Ce changement vise \u00e0 am\u00e9liorer la gestion des d\u00e9chets, mais aussi \u00e0 encourager le tri \u00e0 la source des <strong>biod\u00e9chets<\/strong>, qui repr\u00e9sentent un tiers de nos d\u00e9chets m\u00e9nagers. Les entreprises et les acteurs publics doivent d\u00e9sormais s&#8217;y conformer, ce qui entra\u00eene un r\u00e9ajustement de leurs modes de fonctionnement.<\/p>\n\n\n<h2 class=\"wp-block-heading\">La responsabilit\u00e9 des producteurs et les fili\u00e8res REP<\/h2>\n\n\n<p>Les <strong>fili\u00e8res \u00e0 responsabilit\u00e9 \u00e9largie des producteurs<\/strong> (REP) obligent ceux qui mettent des produits sur le march\u00e9 \u00e0 g\u00e9rer la collecte et le traitement des d\u00e9chets qui en d\u00e9coulent. \u00c0 compter de 2025, une nouvelle mesure permettra aux vieux v\u00e9hicules d&#8217;\u00eatre collect\u00e9s gratuitement sur leur lieu de d\u00e9tention, peu importe leur marque. Cela d\u00e9montre l&#8217;importance de la <strong>r\u00e9utilisation<\/strong> et du <strong>recyclage<\/strong> au sein de la l\u00e9gislation.<\/p>\n\n\n<h2 class=\"wp-block-heading\">Les initiatives pour avancer vers le z\u00e9ro d\u00e9chet<\/h2>\n\n\n<p>Des projets comme le <a href=\"https:\/\/swisstinychalet.ch\/neuch\/zero-dechet-la-desencombrerie-lance-une-ressourcerie-innovante-a-grabels\">Z\u00e9ro d\u00e9chet<\/a> \u00e0 Grabels montrent comment les acteurs locaux s&#8217;engagent \u00e0 r\u00e9duire leur empreinte. L&#8217;\u00e9ducation joue un r\u00f4le fondamental, notamment dans les <strong>\u00e9coles<\/strong>, pour sensibiliser les jeunes g\u00e9n\u00e9rations \u00e0 nos habitudes de consommation. Le z\u00e9ro d\u00e9chet est devenu un v\u00e9ritable d\u00e9fi collectif o\u00f9 chaque geste compte.<\/p>\n\n\n<h2 class=\"wp-block-heading\">Perspectives d\u2019avenir<\/h2>\n\n\n<p>La r\u00e9glementation sur le z\u00e9ro d\u00e9chet \u00e9volue constamment. La mise en place des <strong>applications mobiles<\/strong> pour aider les citoyens dans leur d\u00e9marche s&#8217;inscrit dans ce mouvement. Les outils num\u00e9riques peuvent faciliter le tri et l&#8217;optimisation de la gestion des d\u00e9chets. Pour s&#8217;informer sur les moyens de faire \u00e9voluer ses pratiques, de nombreux conseils s&#8217;offrent \u00e0 chacun pour aller vers une consommation plus respectueuse, incluant des id\u00e9es comme les <a href=\"https:\/\/swisstinychalet.ch\/neuch\/des-etiquettes-zero-dechet-pour-vos-plats-faits-maison\">\u00e9tiquettes z\u00e9ro d\u00e9chet<\/a> pour mieux s&#8217;organiser.<\/p>\n\n\n\n<h2 class=\"wp-block-heading\">Gestion des d\u00e9chets : Les nouvelles r\u00e9glementations en France<\/h2>\n\n\n<figure class=\"wp-block-table\">\n<table>\n<tbody>\n<tr>\n<td>\u267b\ufe0f<\/td>\n<td><strong>Principes de Gestion des d\u00e9chets<\/strong> : La l\u00e9gislation impose des r\u00e8gles pour prot\u00e9ger l&#8217;<strong>environnement<\/strong> et la <strong>sant\u00e9 humaine<\/strong>.<\/td>\n<\/tr>\n<tr>\n<td>\ud83d\udeae<\/td>\n<td><strong>Loi anti-gaspillage<\/strong> : Vise \u00e0 transformer notre mod\u00e8le de <strong>production<\/strong> et de <strong>consommation<\/strong>, limitant ainsi les d\u00e9chets.<\/td>\n<\/tr>\n<tr>\n<td>\ud83d\udcc5<\/td>\n<td><strong>Changements \u00e0 partir de 2025<\/strong> : Nouvelle r\u00e9glementation pour le tri, collecte des biod\u00e9chets, et interdire la destruction des invendus.<\/td>\n<\/tr>\n<tr>\n<td>\ud83d\uddd1\ufe0f<\/td>\n<td><strong>Tri \u00e0 la source des biod\u00e9chets<\/strong> : Obligation de trier ces d\u00e9chets d\u2019ici le 1\u1d49\u02b3 janvier 2024.<\/td>\n<\/tr>\n<tr>\n<td>\ud83c\udf31<\/td>\n<td><strong>Plan national de pr\u00e9vention des d\u00e9chets<\/strong> : Pr\u00e9voit des mesures \u00e0 mettre en \u0153uvre pour r\u00e9duire les d\u00e9chets de 2021 \u00e0 2027.<\/td>\n<\/tr>\n<tr>\n<td>\ud83d\udeab<\/td>\n<td><strong>Bannissement du plastique \u00e0 usage unique<\/strong> : Application d&#8217;une loi pour interdire ces plastiques d&#8217;ici 2040.<\/td>\n<\/tr>\n<tr>\n<td>\ud83d\udcf1<\/td>\n<td><strong>Applications pour un mode de vie \u00e9coresponsable<\/strong> : De nombreuses apps existent pour aider \u00e0 adopter une d\u00e9marche de z\u00e9ro d\u00e9chet.<\/td>\n<\/tr>\n<tr>\n<td>\ud83c\udfeb<\/td>\n<td><strong>\u00c9ducation z\u00e9ro d\u00e9chet<\/strong> : Importance d&#8217;enseigner aux enfants les pratiques durables d\u00e8s le plus jeune \u00e2ge.<\/td>\n<\/tr>\n<tr>\n<td>\ud83d\udca1<\/td>\n<td><strong>Id\u00e9es z\u00e9ro d\u00e9chet<\/strong> : Conseils pratiques pour une consommation responsable durant des \u00e9v\u00e9nements comme les pique-niques ou les mariages.<\/td>\n<\/tr>\n<\/tbody>\n<\/table>\n<\/figure>\n","protected":false},"excerpt":{"rendered":"","protected":false},"author":8,"featured_media":6730,"comment_status":"open","ping_status":"close","sticky":false,"template":"","format":"standard","meta":{"_seopress_robots_primary_cat":"","_seopress_titles_title":"","_seopress_titles_desc":"","_seopress_robots_index":"","footnotes":""},"categories":[1545],"tags":[],"class_list":["post-6729","post","type-post","status-publish","format-standard","has-post-thumbnail","hentry","category-neuchcup-fr","generate-columns","tablet-grid-50","mobile-grid-100","grid-parent","grid-33"],"_links":{"self":[{"href":"https:\/\/swisstinychalet.ch\/neuch\/wp-json\/wp\/v2\/posts\/6729","targetHints":{"allow":["GET"]}}],"collection":[{"href":"https:\/\/swisstinychalet.ch\/neuch\/wp-json\/wp\/v2\/posts"}],"about":[{"href":"https:\/\/swisstinychalet.ch\/neuch\/wp-json\/wp\/v2\/types\/post"}],"author":[{"embeddable":true,"href":"https:\/\/swisstinychalet.ch\/neuch\/wp-json\/wp\/v2\/users\/8"}],"replies":[{"embeddable":true,"href":"https:\/\/swisstinychalet.ch\/neuch\/wp-json\/wp\/v2\/comments?post=6729"}],"version-history":[{"count":0,"href":"https:\/\/swisstinychalet.ch\/neuch\/wp-json\/wp\/v2\/posts\/6729\/revisions"}],"wp:featuredmedia":[{"embeddable":true,"href":"https:\/\/swisstinychalet.ch\/neuch\/wp-json\/wp\/v2\/media\/6730"}],"wp:attachment":[{"href":"https:\/\/swisstinychalet.ch\/neuch\/wp-json\/wp\/v2\/media?parent=6729"}],"wp:term":[{"taxonomy":"category","embeddable":true,"href":"https:\/\/swisstinychalet.ch\/neuch\/wp-json\/wp\/v2\/categories?post=6729"},{"taxonomy":"post_tag","embeddable":true,"href":"https:\/\/swisstinychalet.ch\/neuch\/wp-json\/wp\/v2\/tags?post=6729"}],"curies":[{"name":"wp","href":"https:\/\/api.w.org\/{rel}","templated":true}]}}