{"id":6803,"date":"2025-02-06T12:19:07","date_gmt":"2025-02-06T06:49:07","guid":{"rendered":"https:\/\/swisstinychalet.ch\/neuch\/les-enjeux-de-leducation-a-lecologie"},"modified":"2025-02-06T12:19:07","modified_gmt":"2025-02-06T06:49:07","slug":"les-enjeux-de-leducation-a-lecologie","status":"publish","type":"post","link":"https:\/\/swisstinychalet.ch\/neuch\/les-enjeux-de-leducation-a-lecologie","title":{"rendered":"Les enjeux de l&#8217;\u00e9ducation \u00e0 l&#8217;\u00e9cologie"},"content":{"rendered":"\n\n<p>L&#8217;<strong>\u00e9ducation \u00e0 l&#8217;\u00e9cologie<\/strong> est essentielle pour sensibiliser les jeunes g\u00e9n\u00e9rations aux <strong>d\u00e9fis environnementaux<\/strong> et pour les inciter \u00e0 adopter des comportements responsables. Elle a pour but d&#8217;informer les \u00e9l\u00e8ves sur les enjeux li\u00e9s \u00e0 la <strong>durabilit\u00e9<\/strong> et \u00e0 la <strong>biodiversit\u00e9<\/strong>, tout en les impliquant activement dans des actions concr\u00e8tes. Les \u00e9tablissements scolaires, en tant que lieux d&#8217;apprentissage, jouent un r\u00f4le cl\u00e9 en int\u00e9grant des pratiques \u00e9coresponsables dans leurs enseignements, favorisant ainsi un engagement civique et \u00e9cologique. Ce processus \u00e9ducatif aide \u00e0 former des citoyens inform\u00e9s et responsables, capables de prendre position face aux enjeux contemporains tels que le <strong>changement climatique<\/strong> et la pr\u00e9servation de notre plan\u00e8te.<\/p>\n\n\n<figure class=\"wp-block-embed is-type-video is-provider-youtube wp-block-embed-youtube wp-embed-aspect-16-9 wp-has-aspect-ratio\">\n<div class=\"wp-block-embed__wrapper\">\n<iframe title=\"\u00c9ducation \u00e0 l&#039;environnement\" width=\"1200\" height=\"675\" src=\"https:\/\/www.youtube-nocookie.com\/embed\/4Uy-y466fak?feature=oembed\" frameborder=\"0\" allow=\"accelerometer; autoplay; clipboard-write; encrypted-media; gyroscope; picture-in-picture; web-share\" referrerpolicy=\"strict-origin-when-cross-origin\" allowfullscreen><\/iframe>\n<\/div>\n<\/figure>\n\n\n\n<p>L&#8217;\u00e9ducation \u00e0 l&#8217;\u00e9cologie est devenue essentielle dans notre soci\u00e9t\u00e9 moderne. Face aux d\u00e9fis environnementaux croissants, il est urgent d&#8217;inculquer aux plus jeunes une r\u00e9elle compr\u00e9hension des enjeux \u00e9cologiques qui les entourent. Sensibiliser les \u00e9l\u00e8ves \u00e0 ces questions non seulement \u00e9veillera des consciences, mais les pr\u00e9parera \u00e9galement \u00e0 devenir des acteurs du changement. Cet engagement d\u00e8s l&#8217;\u00e9cole pourrait transformer notre avenir collectif.<\/p>\n\n\n<h2 class=\"wp-block-heading\">Un concept en pleine expansion<\/h2>\n\n\n<p>L&#8217;<strong>\u00e9ducation environnementale<\/strong> ne se limite pas \u00e0 l&#8217;apprentissage des faits scientifiques. Elle englobe \u00e9galement la compr\u00e9hension des interactions entre l&#8217;homme et la nature. Les \u00e9tablissements scolaires jouent un r\u00f4le fondamental pour introduire ces concepts de mani\u00e8re int\u00e9gr\u00e9e, encourageant ainsi les \u00e9l\u00e8ves \u00e0 r\u00e9fl\u00e9chir de mani\u00e8re critique aux probl\u00e8mes environnementaux. En abordant les sujets li\u00e9s \u00e0 <strong>l&#8217;\u00e9cologie<\/strong> dans diff\u00e9rentes disciplines, les \u00e9coles favorisent une approche holistique qui pr\u00e9pare les \u00e9l\u00e8ves \u00e0 s&#8217;engager activement.<\/p>\n\n\n<h2 class=\"wp-block-heading\">Des acteurs de la transition \u00e9cologique<\/h2>\n\n\n<p>Les \u00e9l\u00e8ves d\u2019aujourd\u2019hui se trouvent au c\u0153ur de la transition vers un mod\u00e8le plus durable. En devenant des <strong>acteurs<\/strong> engag\u00e9s, ils apprennent \u00e0 adopter des comportements responsables, tant \u00e0 l&#8217;\u00e9cole que dans leur vie quotidienne. La formation \u00e0 l&#8217;<strong>\u00e9cologie<\/strong> permet non seulement de d\u00e9velopper des connaissances th\u00e9oriques, mais aussi d&#8217;encourager des actions concr\u00e8tes, comme la gestion des d\u00e9chets ou la <strong>biodiversit\u00e9<\/strong>. Ce type d&#8217;\u00e9ducation peut \u00e9galement conduire \u00e0 une participation active dans des projets \u00e9coresponsables, au sein de leurs communaut\u00e9s.<\/p>\n\n\n<h2 class=\"wp-block-heading\">Un cadre \u00e9ducatif qui valorise l&#8217;engagement<\/h2>\n\n\n<p>Les \u00e9coles peuvent devenir des mod\u00e8les en mati\u00e8re de <strong>d\u00e9veloppement durable<\/strong>. En int\u00e9grant des initiatives \u00e9cologiques dans leur fonctionnement quotidien, telles que des pratiques de r\u00e9duction des d\u00e9chets ou la pr\u00e9servation de la biodiversit\u00e9, elles inspirent les \u00e9l\u00e8ves \u00e0 suivre cet exemple. Les projets men\u00e9s par des <strong>\u00e9co-d\u00e9l\u00e9gu\u00e9s<\/strong> permettent de valoriser l&#8217;initiative individuelle tout en renfor\u00e7ant le sentiment de responsabilit\u00e9 collective. Offrir aux \u00e9l\u00e8ves des opportunit\u00e9s d&#8217;implication r\u00e9elle favorise leur engagement civique et leur compr\u00e9hension des enjeux environnementaux.<\/p>\n\n\n<h2 class=\"wp-block-heading\">Les collaborations et ressources p\u00e9dagogiques<\/h2>\n\n\n<p>Pour enrichir l&#8217;\u00e9ducation \u00e0 l&#8217;\u00e9cologie, la collaboration entre les \u00e9tablissements scolaires et les organisations environnementales s&#8217;av\u00e8re fructueuse. Cela permet d&#8217;acc\u00e9der \u00e0 des ressources p\u00e9dagogiques innovantes et d&#8217;organiser des sorties \u00e9ducatives stimulant l&#8217;int\u00e9r\u00eat pour la <strong>nature<\/strong>. Ces interactions offrent une perspective externe et apportent des expertises sur des sujets vari\u00e9s, de la gestion des ressources \u00e0 l&#8217;impact des choix de consommation. Par le biais d&#8217;une approche int\u00e9gr\u00e9e, l&#8217;\u00e9ducation m\u00e8ne les \u00e9l\u00e8ves \u00e0 des prises de conscience profondes, leur montrant comment l&#8217;<strong>art<\/strong> peut aussi jouer un r\u00f4le dans la sensibilisation \u00e9cologique.<\/p>\n\n\n<p>Pour explorer davantage le lien entre l&#8217;\u00e9cologie et les arts, jetez un \u0153il \u00e0 cet article <a href=\"https:\/\/swisstinychalet.ch\/neuch\/ecologie-comment-lart-peut-sensibiliser\" target=\"_blank\">ici<\/a>.<\/p>\n\n\n<p>Au fur et \u00e0 mesure que les enjeux environnementaux se pr\u00e9cisent, l&#8217;importance de l&#8217;\u00e9ducation \u00e0 l&#8217;\u00e9cologie se renforce. En pr\u00e9parant les futurs leaders \u00e0 comprendre leur r\u00f4le dans cette dynamique, les \u00e9coles forment une g\u00e9n\u00e9ration consciente et pr\u00eate \u00e0 relever les d\u00e9fis de notre temps. De cette mani\u00e8re, nous pouvons esp\u00e9rer une transition vers un avenir plus durable et respectueux de notre plan\u00e8te.<\/p>\n\n\n\n<h2 class=\"wp-block-heading\">Les Bienfaits de l&#8217;\u00c9ducation \u00e0 l&#8217;\u00c9cologie dans les \u00c9coles<\/h2>\n\n\n<figure class=\"wp-block-table\">\n<table>\n<tbody>\n<tr>\n<td>\ud83c\udf0d<\/td>\n<td><strong>\u00c9ducation environnementale<\/strong> : sensibilisation des \u00e9l\u00e8ves aux <strong>enjeux \u00e9cologiques<\/strong>.<\/td>\n<\/tr>\n<tr>\n<td>\ud83c\udfeb<\/td>\n<td>Les \u00e9coles doivent devenir des <strong>mod\u00e8les<\/strong> de protection de l&#8217;<strong>environnement<\/strong>.<\/td>\n<\/tr>\n<tr>\n<td>\ud83d\udcda<\/td>\n<td><strong>Transversalit\u00e9<\/strong> des disciplines pour une <strong>int\u00e9gration<\/strong> efficace des concepts de <strong>d\u00e9marche durable<\/strong>.<\/td>\n<\/tr>\n<tr>\n<td>\ud83c\udf43<\/td>\n<td>Cr\u00e9er des <strong>projets<\/strong> \u00e9ducatifs pour agir et s&#8217;engager dans des actions concr\u00e8tes.<\/td>\n<\/tr>\n<tr>\n<td>\u2696\ufe0f<\/td>\n<td>Encourager <strong>l&#8217;engagement civique<\/strong> des \u00e9l\u00e8ves \u00e0 travers des <strong>initiatives<\/strong> locales.<\/td>\n<\/tr>\n<tr>\n<td>\ud83d\udd0d<\/td>\n<td>Focus sur les <strong>enjeux contemporains<\/strong> et sur les <strong>solutions durables<\/strong>.<\/td>\n<\/tr>\n<tr>\n<td>\ud83c\udf31<\/td>\n<td><strong>Importance<\/strong> d&#8217;int\u00e9grer des comportements <strong>responsables<\/strong> d\u00e8s le plus jeune \u00e2ge.<\/td>\n<\/tr>\n<tr>\n<td>\ud83d\udca1<\/td>\n<td><strong>Strat\u00e9gies innovantes<\/strong> pour pr\u00e9parer les jeunes aux <strong>d\u00e9fis environnementaux<\/strong>.<\/td>\n<\/tr>\n<\/tbody>\n<\/table>\n<\/figure>\n","protected":false},"excerpt":{"rendered":"","protected":false},"author":8,"featured_media":6804,"comment_status":"open","ping_status":"close","sticky":false,"template":"","format":"standard","meta":{"_seopress_robots_primary_cat":"","_seopress_titles_title":"","_seopress_titles_desc":"","_seopress_robots_index":"","footnotes":""},"categories":[1545],"tags":[],"class_list":["post-6803","post","type-post","status-publish","format-standard","has-post-thumbnail","hentry","category-neuchcup-fr","generate-columns","tablet-grid-50","mobile-grid-100","grid-parent","grid-33"],"_links":{"self":[{"href":"https:\/\/swisstinychalet.ch\/neuch\/wp-json\/wp\/v2\/posts\/6803","targetHints":{"allow":["GET"]}}],"collection":[{"href":"https:\/\/swisstinychalet.ch\/neuch\/wp-json\/wp\/v2\/posts"}],"about":[{"href":"https:\/\/swisstinychalet.ch\/neuch\/wp-json\/wp\/v2\/types\/post"}],"author":[{"embeddable":true,"href":"https:\/\/swisstinychalet.ch\/neuch\/wp-json\/wp\/v2\/users\/8"}],"replies":[{"embeddable":true,"href":"https:\/\/swisstinychalet.ch\/neuch\/wp-json\/wp\/v2\/comments?post=6803"}],"version-history":[{"count":0,"href":"https:\/\/swisstinychalet.ch\/neuch\/wp-json\/wp\/v2\/posts\/6803\/revisions"}],"wp:featuredmedia":[{"embeddable":true,"href":"https:\/\/swisstinychalet.ch\/neuch\/wp-json\/wp\/v2\/media\/6804"}],"wp:attachment":[{"href":"https:\/\/swisstinychalet.ch\/neuch\/wp-json\/wp\/v2\/media?parent=6803"}],"wp:term":[{"taxonomy":"category","embeddable":true,"href":"https:\/\/swisstinychalet.ch\/neuch\/wp-json\/wp\/v2\/categories?post=6803"},{"taxonomy":"post_tag","embeddable":true,"href":"https:\/\/swisstinychalet.ch\/neuch\/wp-json\/wp\/v2\/tags?post=6803"}],"curies":[{"name":"wp","href":"https:\/\/api.w.org\/{rel}","templated":true}]}}