{"id":6925,"date":"2025-02-18T19:53:37","date_gmt":"2025-02-18T14:23:37","guid":{"rendered":"https:\/\/swisstinychalet.ch\/neuch\/adopter-un-mode-de-vie-zero-dechet-decouvrez-des-solutions-ecologiques"},"modified":"2025-02-18T19:53:37","modified_gmt":"2025-02-18T14:23:37","slug":"adopter-un-mode-de-vie-zero-dechet-decouvrez-des-solutions-ecologiques","status":"publish","type":"post","link":"https:\/\/swisstinychalet.ch\/neuch\/adopter-un-mode-de-vie-zero-dechet-decouvrez-des-solutions-ecologiques","title":{"rendered":"Adopter un mode de vie z\u00e9ro d\u00e9chet : d\u00e9couvrez des solutions \u00e9cologiques"},"content":{"rendered":"\n\n<p>Adopter un mode de vie <strong>z\u00e9ro d\u00e9chet<\/strong> est essentiel pour r\u00e9duire notre impact environnemental et promouvoir une consommation durable. Ce mode de vie encourage chacun \u00e0 modifier ses habitudes quotidiennes pour minimiser les d\u00e9chets. En participant \u00e0 des ateliers pratiques, comme ceux de la boutique-atelier, on peut apprendre \u00e0 cr\u00e9er des objets utiles \u00e0 partir de mat\u00e9riaux r\u00e9utilis\u00e9s, tels que des carr\u00e9s d\u00e9maquillants en tissu ou des <strong>bee wraps<\/strong> pour remplacer les emballages jetables. Ces initiatives offrent une belle opportunit\u00e9 de s&#8217;engager concr\u00e8tement vers une vie plus respectueuse de l&#8217;environnement, tout en favorisant le <strong>partage<\/strong> et la <strong>d\u00e9couverte<\/strong> entre participants.<\/p>\n\n\n<figure class=\"wp-block-embed is-type-video is-provider-youtube wp-block-embed-youtube wp-embed-aspect-16-9 wp-has-aspect-ratio\">\n<div class=\"wp-block-embed__wrapper\">\n<iframe title=\"Z\u00c9RO-D\u00c9CHET | 20 alternatives \u00e9co-responsables que j&#039;ai test\u00e9 et adopt\u00e9 \ud83c\udf3f\" width=\"1200\" height=\"675\" src=\"https:\/\/www.youtube-nocookie.com\/embed\/NFBxjAHe5F8?feature=oembed\" frameborder=\"0\" allow=\"accelerometer; autoplay; clipboard-write; encrypted-media; gyroscope; picture-in-picture; web-share\" referrerpolicy=\"strict-origin-when-cross-origin\" allowfullscreen><\/iframe>\n<\/div>\n<\/figure>\n\n\n\n<p>La question de la <strong>durabilit\u00e9<\/strong> et de la <strong>protection de notre environnement<\/strong> ne cesse de gagner en importance. Face \u00e0 l&#8217;accumulation des d\u00e9chets plastiques et aux cons\u00e9quences de notre mode de consommation, de plus en plus de personnes se tournent vers un mode de vie <strong>z\u00e9ro d\u00e9chet<\/strong>. Ce choix de mode de vie va au-del\u00e0 d&#8217;une simple tendance : il s&#8217;agit d&#8217;un v\u00e9ritable engagement pour pr\u00e9server notre plan\u00e8te. Explorer les diff\u00e9rentes <strong>solutions \u00e9cologiques<\/strong> qui s&#8217;offrent \u00e0 nous pour r\u00e9duire notre impact est essentiel pour ceux qui cherchent \u00e0 changer leurs habitudes.<\/p>\n\n\n<h2 class=\"wp-block-heading\">Astuces pratiques pour un quotidien \u00e9coresponsable<\/h2>\n\n\n<p>Pour int\u00e9grer efficacement les principes du <strong>z\u00e9ro d\u00e9chet<\/strong> dans votre vie, commencez par observer vos routines quotidiennes. \u00c9valuer vos d\u00e9chets peut sembler d\u00e9routant au d\u00e9but, mais cela permettra de cibler les <strong>domaines d&#8217;am\u00e9lioration<\/strong>. Par exemple, il est possible de remplacer les emballages classiques par des alternatives plus durables, comme les <strong>bee wraps<\/strong>, qui sont une excellente solution pour conserver les aliments tout en respectant l&#8217;environnement.<\/p>\n\n\n<p>De plus, la confection de <strong>carr\u00e9s d\u00e9maquillants<\/strong> en tissu est une activit\u00e9 \u00e0 la fois amusante et pratique. Avec un c\u00f4t\u00e9 en <strong>\u00e9ponge<\/strong> pour le nettoyage et un autre en <strong>coton<\/strong> pour l&#8217;essuyage, ces accessoires sont faciles \u00e0 r\u00e9aliser soi-m\u00eame et diminuent l&#8217;utilisation de cotons \u00e0 usage unique. L\u2019atelier anim\u00e9 par les <strong>S\u0153urs Piq\u00fbre<\/strong> a prouv\u00e9 qu&#8217;on peut apprendre \u00e0 cr\u00e9er ces objets tout en partageant des moments conviviaux.<\/p>\n\n\n<h2 class=\"wp-block-heading\">Ateliers pour sensibiliser aux enjeux \u00e9cologiques<\/h2>\n\n\n<p>Participer \u00e0 des <strong>ateliers<\/strong> autour du <strong>z\u00e9ro d\u00e9chet<\/strong> peut \u00eatre tr\u00e8s enrichissant. Ces \u00e9v\u00e9nements permettent d&#8217;acqu\u00e9rir des comp\u00e9tences tout en rencontrant d&#8217;autres personnes partageant la m\u00eame motivation pour l&#8217;\u00e9cologie. L\u2019exp\u00e9rience des participants lors de l&#8217;atelier \u00e0 l\u2019Espace Mirabeau montre que m\u00eame sans comp\u00e9tences particuli\u00e8res, il est possible de faire un bon usage de la machine \u00e0 coudre et d\u2019apprendre ensemble.<\/p>\n\n\n<p>Les enfants eux aussi ne sont pas en reste : des ateliers leur ont permis de cr\u00e9er des <strong>guirlandes en tissu<\/strong> pour un bal \u00e0 <strong>Halloween<\/strong>. Ces activit\u00e9s ludiques sensibilisent les plus jeunes \u00e0 la consommation responsable tout en cultivant leur cr\u00e9ativit\u00e9.<\/p>\n\n\n<h2 class=\"wp-block-heading\">Des solutions \u00e0 port\u00e9e de main<\/h2>\n\n\n<p>La transition vers un mode de vie sans d\u00e9chets ne se limite pas aux objets que nous fabriquons. La cuisine, par exemple, peut \u00eatre repens\u00e9e avec des recettes con\u00e7ues pour minimiser les d\u00e9chets. En cherchant des recettes <strong>crues et z\u00e9ro d\u00e9chet<\/strong> ou en truques pour la <strong>buanderie<\/strong>, il devient plus simple d&#8217;allier plaisir gastronomique et respect de l&#8217;environnement. Pour ceux qui cherchent des <strong>recettes sans d\u00e9chets<\/strong>, plusieurs ressources en ligne sont \u00e0 disposition. Adopter des gestes simples dans sa cuisine, comme utiliser des bocaux pour la conservation ou acheter en vrac, peut faire une grande diff\u00e9rence.<\/p>\n\n\n<h2 class=\"wp-block-heading\">Faire un pas vers l\u2019\u00e9cologie<\/h2>\n\n\n<p>La d\u00e9cision d&#8217;adopter un mode de vie <strong>z\u00e9ro d\u00e9chet<\/strong> est un processus progressif. Chaque geste compte et contribue \u00e0 la pr\u00e9servation de l&#8217;environnement. Parler de ces engagements au sein de la famille, entre amis ou m\u00eame dans les \u00e9coles peut aider \u00e0 cr\u00e9er une dynamique positive. <strong>\u00c9changer<\/strong> autour de ses exp\u00e9riences permet d\u2019apprendre les uns des autres et d&#8217;inspirer davantage de personnes \u00e0 se lancer dans cette belle aventure \u00e9coresponsable.<\/p>\n\n\n<p>En gardant \u00e0 l\u2019esprit que <strong>changer ses habitudes<\/strong> prend du temps, il est primordial de s\u2019entourer de personnes partageant cette m\u00eame vision pour progresser ensemble. Pour plus d\u2019id\u00e9es, n&#8217;h\u00e9sitez pas \u00e0 consulter <a href=\"https:\/\/swisstinychalet.ch\/neuch\/les-meilleures-inspirations-zero-dechet-sur-les-reseaux-sociaux\">les meilleures inspirations z\u00e9ro d\u00e9chet sur les r\u00e9seaux sociaux<\/a> ou d\u2019initier des discussions autour du <a href=\"https:\/\/swisstinychalet.ch\/neuch\/le-role-des-entreprises-dans-la-transition-zero-dechet\">r\u00f4le des entreprises dans la transition z\u00e9ro d\u00e9chet<\/a>.<\/p>\n\n\n\n<h2 class=\"wp-block-heading\">D\u00e9couvrez l&#8217;univers du z\u00e9ro d\u00e9chet \ud83c\udf0d<\/h2>\n\n\n<figure class=\"wp-block-table\">\n<table>\n<tbody>\n<tr>\n<td>\ud83d\udca1<\/td>\n<td><strong>Atelier Z\u00e9ro D\u00e9chet<\/strong> \u00e0 l&#8217;Espace Mirabeau<\/td>\n<\/tr>\n<tr>\n<td>\ud83d\udc69\u200d\ud83c\udfeb<\/td>\n<td>Anim\u00e9 par <strong>Sandrine et Ang\u00e9lique<\/strong> des S\u0153urs Piq\u00fbre<\/td>\n<\/tr>\n<tr>\n<td>\u2702\ufe0f<\/td>\n<td>Confection de <strong>carr\u00e9s d\u00e9maquillants<\/strong> en tissu<\/td>\n<\/tr>\n<tr>\n<td>\ud83e\uddf4<\/td>\n<td>R\u00e9alisation de <strong>bee wraps<\/strong> pour emballages alimentaires<\/td>\n<\/tr>\n<tr>\n<td>\ud83e\udd1d<\/td>\n<td>\u00c9change d&#8217;id\u00e9es et partage entre les participantes<\/td>\n<\/tr>\n<tr>\n<td>\ud83c\udfa8<\/td>\n<td>Cr\u00e9ation de <strong>guirlandes en tissu<\/strong> par les enfants<\/td>\n<\/tr>\n<tr>\n<td>\ud83c\udf89<\/td>\n<td>D\u00e9coration pour le <strong>bal d&#8217;Halloween<\/strong><\/td>\n<\/tr>\n<\/tbody>\n<\/table>\n<\/figure>\n","protected":false},"excerpt":{"rendered":"","protected":false},"author":9,"featured_media":6926,"comment_status":"open","ping_status":"close","sticky":false,"template":"","format":"standard","meta":{"_seopress_robots_primary_cat":"","_seopress_titles_title":"","_seopress_titles_desc":"","_seopress_robots_index":"","footnotes":""},"categories":[1545],"tags":[],"class_list":["post-6925","post","type-post","status-publish","format-standard","has-post-thumbnail","hentry","category-neuchcup-fr","generate-columns","tablet-grid-50","mobile-grid-100","grid-parent","grid-33"],"_links":{"self":[{"href":"https:\/\/swisstinychalet.ch\/neuch\/wp-json\/wp\/v2\/posts\/6925","targetHints":{"allow":["GET"]}}],"collection":[{"href":"https:\/\/swisstinychalet.ch\/neuch\/wp-json\/wp\/v2\/posts"}],"about":[{"href":"https:\/\/swisstinychalet.ch\/neuch\/wp-json\/wp\/v2\/types\/post"}],"author":[{"embeddable":true,"href":"https:\/\/swisstinychalet.ch\/neuch\/wp-json\/wp\/v2\/users\/9"}],"replies":[{"embeddable":true,"href":"https:\/\/swisstinychalet.ch\/neuch\/wp-json\/wp\/v2\/comments?post=6925"}],"version-history":[{"count":0,"href":"https:\/\/swisstinychalet.ch\/neuch\/wp-json\/wp\/v2\/posts\/6925\/revisions"}],"wp:featuredmedia":[{"embeddable":true,"href":"https:\/\/swisstinychalet.ch\/neuch\/wp-json\/wp\/v2\/media\/6926"}],"wp:attachment":[{"href":"https:\/\/swisstinychalet.ch\/neuch\/wp-json\/wp\/v2\/media?parent=6925"}],"wp:term":[{"taxonomy":"category","embeddable":true,"href":"https:\/\/swisstinychalet.ch\/neuch\/wp-json\/wp\/v2\/categories?post=6925"},{"taxonomy":"post_tag","embeddable":true,"href":"https:\/\/swisstinychalet.ch\/neuch\/wp-json\/wp\/v2\/tags?post=6925"}],"curies":[{"name":"wp","href":"https:\/\/api.w.org\/{rel}","templated":true}]}}