{"id":6930,"date":"2025-02-19T13:09:08","date_gmt":"2025-02-19T07:39:08","guid":{"rendered":"https:\/\/swisstinychalet.ch\/neuch\/les-festivals-zero-dechet-une-tendance-a-suivre"},"modified":"2025-02-19T13:09:08","modified_gmt":"2025-02-19T07:39:08","slug":"les-festivals-zero-dechet-une-tendance-a-suivre","status":"publish","type":"post","link":"https:\/\/swisstinychalet.ch\/neuch\/les-festivals-zero-dechet-une-tendance-a-suivre","title":{"rendered":"Les festivals z\u00e9ro d\u00e9chet : une tendance \u00e0 suivre"},"content":{"rendered":"<h1 class=\"wp-block-heading\">Les Festivals Z\u00e9ro D\u00e9chet : Une Tendance \u00e0 Suivre<\/h1>\n\n<p>Les <strong>festivals z\u00e9ro d\u00e9chet<\/strong> \u00e9mergent comme une approche innovante pour c\u00e9l\u00e9brer la culture tout en minimisant l&#8217;impact environnemental. En mettant en \u0153uvre des pratiques durables, ces \u00e9v\u00e9nements visent \u00e0 r\u00e9duire les <strong>d\u00e9chats<\/strong>, \u00e0 promouvoir l&#8217;utilisation d&#8217;<strong>\u00e9nergies renouvelables<\/strong> et \u00e0 encourager un mode de vie \u00e9coresponsable. Des initiatives telles que la mise \u00e0 disposition de <strong>robinets d&#8217;eau potable<\/strong>, l&#8217;interdiction de <strong>plastiques \u00e0 usage unique<\/strong> et des \u00e9quipes de sensibilisation renforcent cette d\u00e9marche. De plus, en rassemblant des partenaires engag\u00e9s, ces festivals contribuent \u00e0 une prise de conscience collective sur l&#8217;importance de pr\u00e9server notre plan\u00e8te.<\/p>\n\n","protected":false},"excerpt":{"rendered":"","protected":false},"author":8,"featured_media":6929,"comment_status":"open","ping_status":"close","sticky":false,"template":"","format":"standard","meta":{"_seopress_robots_primary_cat":"","_seopress_titles_title":"","_seopress_titles_desc":"","_seopress_robots_index":"","footnotes":""},"categories":[1545],"tags":[],"class_list":["post-6930","post","type-post","status-publish","format-standard","has-post-thumbnail","hentry","category-neuchcup-fr","generate-columns","tablet-grid-50","mobile-grid-100","grid-parent","grid-33"],"_links":{"self":[{"href":"https:\/\/swisstinychalet.ch\/neuch\/wp-json\/wp\/v2\/posts\/6930","targetHints":{"allow":["GET"]}}],"collection":[{"href":"https:\/\/swisstinychalet.ch\/neuch\/wp-json\/wp\/v2\/posts"}],"about":[{"href":"https:\/\/swisstinychalet.ch\/neuch\/wp-json\/wp\/v2\/types\/post"}],"author":[{"embeddable":true,"href":"https:\/\/swisstinychalet.ch\/neuch\/wp-json\/wp\/v2\/users\/8"}],"replies":[{"embeddable":true,"href":"https:\/\/swisstinychalet.ch\/neuch\/wp-json\/wp\/v2\/comments?post=6930"}],"version-history":[{"count":0,"href":"https:\/\/swisstinychalet.ch\/neuch\/wp-json\/wp\/v2\/posts\/6930\/revisions"}],"wp:featuredmedia":[{"embeddable":true,"href":"https:\/\/swisstinychalet.ch\/neuch\/wp-json\/wp\/v2\/media\/6929"}],"wp:attachment":[{"href":"https:\/\/swisstinychalet.ch\/neuch\/wp-json\/wp\/v2\/media?parent=6930"}],"wp:term":[{"taxonomy":"category","embeddable":true,"href":"https:\/\/swisstinychalet.ch\/neuch\/wp-json\/wp\/v2\/categories?post=6930"},{"taxonomy":"post_tag","embeddable":true,"href":"https:\/\/swisstinychalet.ch\/neuch\/wp-json\/wp\/v2\/tags?post=6930"}],"curies":[{"name":"wp","href":"https:\/\/api.w.org\/{rel}","templated":true}]}}