{"id":7014,"date":"2025-03-06T20:29:30","date_gmt":"2025-03-06T14:59:30","guid":{"rendered":"https:\/\/swisstinychalet.ch\/neuch\/decouvrez-lassociation-zero-dechet-dordogne-un-acteur-engage-pour-un-avenir-sans-dechets"},"modified":"2025-03-06T20:29:30","modified_gmt":"2025-03-06T14:59:30","slug":"decouvrez-lassociation-zero-dechet-dordogne-un-acteur-engage-pour-un-avenir-sans-dechets","status":"publish","type":"post","link":"https:\/\/swisstinychalet.ch\/neuch\/decouvrez-lassociation-zero-dechet-dordogne-un-acteur-engage-pour-un-avenir-sans-dechets","title":{"rendered":"D\u00e9couvrez l&#8217;association &#8216;Z\u00e9ro d\u00e9chet Dordogne&#8217; : un acteur engag\u00e9 pour un avenir sans d\u00e9chets !"},"content":{"rendered":"<h1 class=\"wp-block-heading\">D\u00e9couvrez l&#8217;association &#8216;Z\u00e9ro d\u00e9chet Dordogne&#8217;<\/h1>\n\n<p>Un acteur engag\u00e9 pour un avenir sans d\u00e9chets, l&#8217;association <strong>&#8216;Z\u00e9ro d\u00e9chet Dordogne&#8217;<\/strong> se consacre \u00e0 la promotion de modes de vie \u00e9coresponsables. \u00c0 travers des <strong>ateliers<\/strong>, des <strong>\u00e9v\u00e9nements<\/strong> et des <strong>sensibilisations<\/strong>, elle encourage les citoyens et les entreprises \u00e0 adopter des pratiques de <strong>z\u00e9ro d\u00e9chet<\/strong>. L&#8217;association \u0153uvre pour r\u00e9duire la <strong>production de d\u00e9chets<\/strong> et sensibiliser chacun \u00e0 l&#8217;importance d&#8217;un mode de vie durable, rendant ainsi notre environnement plus sain et <strong>durable<\/strong>.<\/p>\n\n<figure class=\"is-provider-youtube is-type-video wp-block-embed wp-block-embed-youtube wp-embed-aspect-16-9 wp-has-aspect-ratio\"><div class=\"wp-block-embed__wrapper\">\n<iframe title=\"Un drive 100% z\u00e9ro d\u00e9chet, oui \u00e7a existe #shorts #short #ecologie\" width=\"1200\" height=\"675\" src=\"https:\/\/www.youtube-nocookie.com\/embed\/vjlBMIMvigc?feature=oembed\" frameborder=\"0\" allow=\"accelerometer; autoplay; clipboard-write; encrypted-media; gyroscope; picture-in-picture; web-share\" referrerpolicy=\"strict-origin-when-cross-origin\" allowfullscreen><\/iframe>\n<\/div><\/figure>\n\n<h2 class=\"wp-block-heading\">Introduction \u00e0 l&#8217;association z\u00e9ro d\u00e9chet Dordogne<\/h2>\n\n<p>L&#8217;initiative <strong>Z\u00e9ro d\u00e9chet Dordogne<\/strong> se distingue par son engagement en faveur d&#8217;un avenir sans d\u00e9chets. Son action vise \u00e0 sensibiliser la population aux enjeux environnementaux tout en offrant des solutions concr\u00e8tes pour r\u00e9duire l&#8217;impact des d\u00e9chets au quotidien. Gr\u00e2ce \u00e0 des projets innovants et des \u00e9v\u00e9nements participatifs, cette association a su rassembler une communaut\u00e9 dynamique autour de valeurs partag\u00e9es.<\/p>\n\n<h2 class=\"wp-block-heading\">Les missions de Z\u00e9ro d\u00e9chet Dordogne<\/h2>\n\n<p>Au c\u0153ur des missions de l&#8217;association, l&#8217;\u00e9ducation joue un r\u00f4le primordial. En proposant des ateliers pratiques, elle encourage les participants \u00e0 adopter des habitudes de vie plus respectueuses de l&#8217;environnement. Que ce soit par l&#8217;apprentissage de techniques de <strong>cuisine z\u00e9ro d\u00e9chet<\/strong> ou par des conseils sur la gestion des d\u00e9chets m\u00e9nagers, cette approche favorise une prise de conscience collective.<\/p>\n\n<p>Pour ceux qui souhaitent aller plus loin, des <strong>\u00e9v\u00e9nements<\/strong> r\u00e9guliers sont organis\u00e9s. Les ateliers permettent d&#8217;explorer des th\u00e8mes vari\u00e9s, allant de la fabrication de cosm\u00e9tiques naturels \u00e0 la cr\u00e9ation de mobiliers \u00e0 partir de mat\u00e9riaux recycl\u00e9s. Ces rencontres contribuent \u00e0 tisser des liens entre les membres de la communaut\u00e9, favorisant ainsi une dynamique d\u2019entraide.<\/p>\n\n<h2 class=\"wp-block-heading\">Impacts et r\u00e9sultats concrets<\/h2>\n\n<p>Les retomb\u00e9es des actions men\u00e9es par l&#8217;association ne se limitent pas \u00e0 une simple sensibilisation. En analysant les co\u00fbts des solutions propos\u00e9es, il est \u00e9vident que l&#8217;adoption de pratiques <strong>z\u00e9ro d\u00e9chet<\/strong> peut \u00e9galement r\u00e9aliser des \u00e9conomies significatives. Les participants t\u00e9moignent souvent de l\u2019impact positif sur leur budget, prouvant ainsi que le respect de l&#8217;environnement et les \u00e9conomies financi\u00e8res peuvent aller de pair.<\/p>\n\n<h2 class=\"wp-block-heading\">Un mod\u00e8le inspirant pour les entreprises<\/h2>\n\n<p><strong>Z\u00e9ro d\u00e9chet Dordogne<\/strong> ne se limite pas \u00e0 un cadre familial ou individuel. L&#8217;association propose \u00e9galement des formations pour les <strong>petites entreprises<\/strong>, soulignant l&#8217;importance de la responsabilit\u00e9 sociale et environnementale. En partageant des <strong>best practices<\/strong> en mati\u00e8re de gestion des d\u00e9chets, elle aide les entreprises \u00e0 repenser leur fonctionnement et \u00e0 int\u00e9grer des solutions durables.<\/p>\n\n<h2 class=\"wp-block-heading\">Conclusion et perspective d\u2019avenir<\/h2>\n\n<p>L&#8217;engagement de l&#8217;association <strong>Z\u00e9ro d\u00e9chet Dordogne<\/strong> repr\u00e9sente une vague d&#8217;optimisme face aux d\u00e9fis environnementaux contemporains. En alliant \u00e9ducation, pratique et coop\u00e9ration, elle pave la voie vers un futur o\u00f9 le concept de z\u00e9ro d\u00e9chet devient une r\u00e9alit\u00e9 accessible \u00e0 tous. Pour celles et ceux d\u00e9sireux d&#8217;explorer cette approche, des ressources et des initiatives sont disponibles pour guider chacun dans cette transition vers un mode de vie plus durable.<\/p>\n\n<h2 class=\"wp-block-heading\">Consommer en Z\u00e9ro D\u00e9chet : Guide Pratique<\/h2>\n\n<figure class=\"wp-block-table\"><table>\n<tr>\n<td>\ud83e\udd57<\/td>\n<td><strong>Cr\u00e9er un bar \u00e0 salades<\/strong> z\u00e9ro d\u00e9chet en utilisant des ingr\u00e9dients locaux et saisonniers.<\/td>\n<\/tr>\n<tr>\n<td>\ud83c\udfe2<\/td>\n<td><strong>Meilleures pratiques<\/strong> pour mettre en \u0153uvre le z\u00e9ro d\u00e9chet en entreprise.<\/td>\n<\/tr>\n<tr>\n<td>\ud83d\udc68\u200d\ud83d\udc69\u200d\ud83d\udc67\u200d\ud83d\udc66<\/td>\n<td>Int\u00e9grer le <strong>z\u00e9ro d\u00e9chet<\/strong> dans les <strong>recettes familiales<\/strong> pour un repas sans gaspillage.<\/td>\n<\/tr>\n<tr>\n<td>\ud83c\udf89<\/td>\n<td>Participez \u00e0 des <strong>\u00e9v\u00e9nements<\/strong> et ateliers pour d\u00e9couvrir le <strong>z\u00e9ro d\u00e9chet<\/strong>.<\/td>\n<\/tr>\n<tr>\n<td>\ud83c\udf81<\/td>\n<td><strong>C\u00e9l\u00e9brer un No\u00ebl z\u00e9ro d\u00e9chet<\/strong> avec la m\u00e9thode Furoshiki pour emballer vos cadeaux.<\/td>\n<\/tr>\n<tr>\n<td>\ud83d\udec1<\/td>\n<td><strong>Z\u00e9ro d\u00e9chet dans la salle de bain<\/strong> : les produits \u00e0 choisir pour r\u00e9duire les d\u00e9chets.<\/td>\n<\/tr>\n<tr>\n<td>\ud83d\udcbc<\/td>\n<td>Les <strong>d\u00e9fis des petites entreprises<\/strong> face au <strong>z\u00e9ro d\u00e9chet<\/strong>.<\/td>\n<\/tr>\n<tr>\n<td>\ud83d\udcb0<\/td>\n<td><strong>Analyser les co\u00fbts<\/strong> : comment le <strong>z\u00e9ro d\u00e9chet<\/strong> peut g\u00e9n\u00e9rer des \u00e9conomies.<\/td>\n<\/tr>\n<tr>\n<td>\ud83c\udf7d\ufe0f<\/td>\n<td><strong>Menuser une table de f\u00eate<\/strong> sans d\u00e9chets tout en restant esth\u00e9tique.<\/td>\n<\/tr>\n<tr>\n<td>\ud83c\udfe2<\/td>\n<td>Les <strong>PME<\/strong> et le <strong>z\u00e9ro d\u00e9chet<\/strong> : exemples inspirants.<\/td>\n<\/tr>\n<tr>\n<td>\ud83c\udf72<\/td>\n<td><strong>Cuisine z\u00e9ro d\u00e9chet<\/strong> : recettes savoureuses et responsables.<\/td>\n<\/tr>\n<tr>\n<td>\ud83d\udc3e<\/td>\n<td><strong>DIY<\/strong> : Cr\u00e9er des produits pour animaux qui sont aussi <strong>z\u00e9ro d\u00e9chet<\/strong>.<\/td>\n<\/tr>\n<tr>\n<td>\ud83e\udd14<\/td>\n<td>D\u00e9mystifier les <strong>id\u00e9es re\u00e7ues<\/strong> sur les <strong>\u00e9v\u00e9nements z\u00e9ro d\u00e9chet<\/strong>.<\/td>\n<\/tr>\n<tr>\n<td>\ud83d\udc76<\/td>\n<td>Impliquer les enfants dans une <strong>cuisine z\u00e9ro d\u00e9chet<\/strong> pour sensibiliser d\u00e8s le jeune \u00e2ge.<\/td>\n<\/tr>\n<tr>\n<td>\ud83c\udf31<\/td>\n<td>Les principes du <strong>z\u00e9ro d\u00e9chet<\/strong> et du <strong>slow living<\/strong> pour une vie \u00e9quilibr\u00e9e.<\/td>\n<\/tr>\n<tr>\n<td>\ud83c\udfaa<\/td>\n<td>Les <strong>festivals z\u00e9ro d\u00e9chet<\/strong> : une tendance \u00e0 suivre pour s&#8217;inspirer.<\/td>\n<\/tr>\n<tr>\n<td>\u267b\ufe0f<\/td>\n<td><strong>Adopter un mode de vie z\u00e9ro d\u00e9chet<\/strong> : d\u00e9couvrir des solutions \u00e9cologiques.<\/td>\n<\/tr>\n<tr>\n<td>\ud83d\udcca<\/td>\n<td>Mesurer le <strong>succ\u00e8s<\/strong> d&#8217;un <strong>\u00e9v\u00e9nement z\u00e9ro d\u00e9chet<\/strong> pour am\u00e9liorer les futurs projets.<\/td>\n<\/tr>\n<tr>\n<td>\ud83d\udca1<\/td>\n<td>Les meilleures inspirations <strong>z\u00e9ro d\u00e9chet<\/strong> \u00e0 suivre sur les r\u00e9seaux sociaux.<\/td>\n<\/tr>\n<tr>\n<td>\ud83c\udf88<\/td>\n<td>Id\u00e9es de <strong>cadeaux z\u00e9ro d\u00e9chet<\/strong> pour chaque occasion.<\/td>\n<\/tr>\n<tr>\n<td>\ud83d\udc6a<\/td>\n<td><strong>Conseils<\/strong> pour mettre en \u0153uvre le <strong>z\u00e9ro d\u00e9chet<\/strong> en famille.<\/td>\n<\/tr>\n<tr>\n<td>\ud83c\udf7d\ufe0f<\/td>\n<td>Tendances en arts de la table et <strong>z\u00e9ro d\u00e9chet<\/strong> \u00e0 explorer.<\/td>\n<\/tr>\n<tr>\n<td>\ud83e\udd55<\/td>\n<td>Les <strong>tendances alimentaires z\u00e9ro d\u00e9chet<\/strong> \u00e0 d\u00e9couvrir.<\/td>\n<\/tr>\n<tr>\n<td>\ud83c\udfa5<\/td>\n<td>Les coulisses d\u2019un <strong>\u00e9v\u00e9nement z\u00e9ro d\u00e9chet<\/strong> pour en comprendre le fonctionnement.<\/td>\n<\/tr>\n<tr>\n<td>\u2764\ufe0f<\/td>\n<td>Les <strong>bienfaits du z\u00e9ro d\u00e9chet<\/strong> pour votre sant\u00e9 et votre bien-\u00eatre.<\/td>\n<\/tr>\n<tr>\n<td>\ud83c\udf0d<\/td>\n<td><strong>Responsabilit\u00e9 sociale<\/strong> et <strong>environnementale<\/strong> : l&#8217;impact du <strong>z\u00e9ro d\u00e9chet<\/strong>.<\/td>\n<\/tr>\n<tr>\n<td>\ud83c\udfd9\ufe0f<\/td>\n<td>Des ateliers pour adopter un <strong>mode de vie z\u00e9ro d\u00e9chet<\/strong> \u00e0 \u00c9pernay.<\/td>\n<\/tr>\n<tr>\n<td>\ud83c\udfe2<\/td>\n<td>Le r\u00f4le des <strong>entreprises<\/strong> dans la transition vers le <strong>z\u00e9ro d\u00e9chet<\/strong>.<\/td>\n<\/tr>\n<tr>\n<td>\ud83c\udf73<\/td>\n<td>Les <strong>bienfaits de la cuisine collaborative z\u00e9ro d\u00e9chet<\/strong> pour partager et apprendre ensemble.<\/td>\n<\/tr>\n<\/table><\/figure>\n\n","protected":false},"excerpt":{"rendered":"","protected":false},"author":8,"featured_media":7013,"comment_status":"open","ping_status":"close","sticky":false,"template":"","format":"standard","meta":{"_seopress_robots_primary_cat":"","_seopress_titles_title":"","_seopress_titles_desc":"","_seopress_robots_index":"","footnotes":""},"categories":[1545],"tags":[],"class_list":["post-7014","post","type-post","status-publish","format-standard","has-post-thumbnail","hentry","category-neuchcup-fr","generate-columns","tablet-grid-50","mobile-grid-100","grid-parent","grid-33"],"_links":{"self":[{"href":"https:\/\/swisstinychalet.ch\/neuch\/wp-json\/wp\/v2\/posts\/7014","targetHints":{"allow":["GET"]}}],"collection":[{"href":"https:\/\/swisstinychalet.ch\/neuch\/wp-json\/wp\/v2\/posts"}],"about":[{"href":"https:\/\/swisstinychalet.ch\/neuch\/wp-json\/wp\/v2\/types\/post"}],"author":[{"embeddable":true,"href":"https:\/\/swisstinychalet.ch\/neuch\/wp-json\/wp\/v2\/users\/8"}],"replies":[{"embeddable":true,"href":"https:\/\/swisstinychalet.ch\/neuch\/wp-json\/wp\/v2\/comments?post=7014"}],"version-history":[{"count":0,"href":"https:\/\/swisstinychalet.ch\/neuch\/wp-json\/wp\/v2\/posts\/7014\/revisions"}],"wp:featuredmedia":[{"embeddable":true,"href":"https:\/\/swisstinychalet.ch\/neuch\/wp-json\/wp\/v2\/media\/7013"}],"wp:attachment":[{"href":"https:\/\/swisstinychalet.ch\/neuch\/wp-json\/wp\/v2\/media?parent=7014"}],"wp:term":[{"taxonomy":"category","embeddable":true,"href":"https:\/\/swisstinychalet.ch\/neuch\/wp-json\/wp\/v2\/categories?post=7014"},{"taxonomy":"post_tag","embeddable":true,"href":"https:\/\/swisstinychalet.ch\/neuch\/wp-json\/wp\/v2\/tags?post=7014"}],"curies":[{"name":"wp","href":"https:\/\/api.w.org\/{rel}","templated":true}]}}