{"id":7020,"date":"2025-03-07T12:09:46","date_gmt":"2025-03-07T06:39:46","guid":{"rendered":"https:\/\/swisstinychalet.ch\/neuch\/les-pratiques-de-recuperation-et-reutilisation"},"modified":"2025-03-07T12:09:46","modified_gmt":"2025-03-07T06:39:46","slug":"les-pratiques-de-recuperation-et-reutilisation","status":"publish","type":"post","link":"https:\/\/swisstinychalet.ch\/neuch\/les-pratiques-de-recuperation-et-reutilisation","title":{"rendered":"Les pratiques de r\u00e9cup\u00e9ration et r\u00e9utilisation"},"content":{"rendered":"<p><strong>Les pratiques de r\u00e9cup\u00e9ration<\/strong> et <strong>r\u00e9utilisation<\/strong> sont des approches essentielles dans le cadre d&#8217;une \u00e9conomie circulaire. Elles consistent \u00e0 donner une seconde vie aux mat\u00e9riaux et objets, permettant ainsi de diminuer la production de <strong>d\u00e9chets<\/strong> et de r\u00e9duire notre <strong>empreinte \u00e9cologique<\/strong>. Cette d\u00e9marche encourage le <strong>r\u00e9emploi<\/strong> de mat\u00e9riaux issus de constructions anciennes ou de produits usag\u00e9s, ce qui prolonge leur dur\u00e9e de vie utile et pr\u00e9serve les <strong>ressources naturelles<\/strong>. Des initiatives exemplaires se d\u00e9veloppent \u00e0 travers les secteurs priv\u00e9s et publics, sensibilisant ainsi les entreprises et les collectivit\u00e9s \u00e0 l&#8217;importance d&#8217;int\u00e9grer ces pratiques durables dans leurs processus. En mettant l&#8217;accent sur la <strong>collaboration<\/strong> et l&#8217;innovation, il est possible d&#8217;optimiser la gestion des mat\u00e9riaux et de contribuer \u00e0 un avenir <strong>d\u00e9carbon\u00e9<\/strong>.<\/p>\n\n<figure class=\"is-provider-youtube is-type-video wp-block-embed wp-block-embed-youtube wp-embed-aspect-16-9 wp-has-aspect-ratio\"><div class=\"wp-block-embed__wrapper\">\n<iframe title=\"La face cach\u00e9e du recyclage (Int\u00e9grale) - Sur le front avec Hugo Cl\u00e9ment\" width=\"1200\" height=\"675\" src=\"https:\/\/www.youtube-nocookie.com\/embed\/Iv9icf-0wJ4?feature=oembed\" frameborder=\"0\" allow=\"accelerometer; autoplay; clipboard-write; encrypted-media; gyroscope; picture-in-picture; web-share\" referrerpolicy=\"strict-origin-when-cross-origin\" allowfullscreen><\/iframe>\n<\/div><\/figure>\n\n<p>La <strong>r\u00e9cup\u00e9ration<\/strong> et la <strong>r\u00e9utilisation<\/strong> des objets sont des pratiques de plus en plus valoris\u00e9es dans notre soci\u00e9t\u00e9. \u00c0 une \u00e9poque o\u00f9 la surconsommation et les d\u00e9chets constituent des d\u00e9fis majeurs, ces approches \u00e9mergent comme des solutions pragmatiques. Que l&#8217;on soit particulier ou professionnel, int\u00e9grer ces m\u00e9thodes dans notre quotidien peut nous aider \u00e0 r\u00e9duire notre <strong>empreinte \u00e9cologique<\/strong> tout en favorisant une \u00e9conomie circulaire. Cet article explore les diff\u00e9rentes fa\u00e7ons de mettre en \u0153uvre ces strat\u00e9gies, ainsi que leurs b\u00e9n\u00e9fices.<\/p>\n\n<h2 class=\"wp-block-heading\">Pourquoi r\u00e9cup\u00e9rer et r\u00e9utiliser ?<\/h2>\n\n<p>La <strong>r\u00e9utilisation<\/strong> d&#8217;objets, de mat\u00e9riaux ou d&#8217;\u00e9quipements repr\u00e9sente une formidable opportunit\u00e9 de prolonger leur dur\u00e9e de vie et de minimiser le gaspillage. En concevant des syst\u00e8mes qui favorisent ces pratiques, on participe \u00e0 l&#8217;\u00e9conomie circulaire, un mod\u00e8le insistant sur la <strong>durabilit\u00e9<\/strong> et l&#8217;optimisation des ressources. Ainsi, chaque objet r\u00e9employ\u00e9 est un pas vers un avenir plus responsable.<\/p>\n\n<h2 class=\"wp-block-heading\">Les bonnes pratiques \u00e0 adopter<\/h2>\n\n<p>Pour une mise en \u0153uvre efficace de la r\u00e9cup\u00e9ration, quelques bonnes pratiques se r\u00e9v\u00e8lent essentielles. Tout d&#8217;abord, il convient d&#8217;identifier les mat\u00e9riaux qui se pr\u00eatent le mieux au r\u00e9emploi. Par exemple, des \u00e9l\u00e9ments comme le <strong>bois<\/strong>, le <strong>verre<\/strong> ou le <strong>m\u00e9tal<\/strong> peuvent souvent \u00eatre r\u00e9utilis\u00e9s dans de nouveaux projets de construction ou de d\u00e9coration.<\/p>\n\n<p>Ensuite, il est judicieux de collaborer avec des structures engag\u00e9es dans le r\u00e9emploi. Beaucoup d&#8217;initiatives locales, comme des associations ou des entreprises de l&#8217;<strong>\u00e9conomie sociale et solidaire<\/strong>, offrent des solutions pour valoriser des mat\u00e9riaux qui autrement seraient jet\u00e9s.<\/p>\n\n<h2 class=\"wp-block-heading\">L&#8217;impact du z\u00e9ro d\u00e9chet<\/h2>\n\n<p>\u00c0 mesure que la d\u00e9marche du <strong>z\u00e9ro d\u00e9chet<\/strong> gagne en popularit\u00e9, elle encourage \u00e9galement la r\u00e9cup\u00e9ration et la r\u00e9utilisation. En adoptant ce mode de vie, il est possible de r\u00e9duire consid\u00e9rablement la production de d\u00e9chets tout en redonnant une seconde vie \u00e0 des objets. Divers projets, tels que des ateliers de <strong>r\u00e9paration<\/strong> ou de <strong>remodelage<\/strong>, \u00e9mergent un peu partout et offrent des cl\u00e9s pour passer \u00e0 l&#8217;action.<\/p>\n\n<h2 class=\"wp-block-heading\">Exemples concrets et ressources<\/h2>\n\n<p>Nombreux sont les exemples de r\u00e9cup\u00e9ration et de r\u00e9utilisation qui fleurissent aux quatre coins du territoire. De simples objets du quotidien aux d\u00e9nonciations artistiques, ces initiatives illustrent la cr\u00e9ativit\u00e9 humaine face \u00e0 la <strong>d\u00e9gradation environnementale<\/strong>. Pour ceux qui souhaitent approfondir cette d\u00e9marche, des guides pratiques et des ressources en ligne peuvent s&#8217;av\u00e9rer pr\u00e9cieux. Par exemple, d\u00e9couvrir des <a href=\"https:\/\/swisstinychalet.ch\/neuch\/zero-dechet-et-recuperation-idees-creatives\"><strong>id\u00e9es cr\u00e9atives pour la r\u00e9cup\u00e9ration<\/strong><\/a> peut apporter un souffle nouveau \u00e0 nos pratiques.<\/p>\n\n<h2 class=\"wp-block-heading\">Se lancer dans la r\u00e9utilisation au quotidien<\/h2>\n\n<p>Mettre en place un syst\u00e8me de r\u00e9cup\u00e9ration efficace \u00e0 la maison ne n\u00e9cessite pas d&#8217;efforts surhumains. Parfois, il suffit d\u2019adopter de simples habitudes, comme utiliser des <strong>sacs r\u00e9utilisables<\/strong> pour les courses ou opter pour des produits sans emballage. Chaque geste compte et contribue \u00e0 r\u00e9duire le gaspillage. Pour davantage de conseils, des <a href=\"https:\/\/swisstinychalet.ch\/neuch\/des-recettes-simples-pour-des-repas-zero-dechet\"><strong>recettes z\u00e9ro d\u00e9chet<\/strong><\/a> offrent un aper\u00e7u de pratiques qui allient nutrition et respect de l&#8217;environnement.<\/p>\n\n<h2 class=\"wp-block-heading\">Contribuer \u00e0 un avenir durable<\/h2>\n\n<p>En fin de compte, chaque action en faveur de la r\u00e9cup\u00e9ration et de la r\u00e9utilisation participe \u00e0 la construction d&#8217;un avenir plus sain et durable. Engager des dialogues autour de ces th\u00e8mes, informer son entourage et agir au quotidien permettent de faire la diff\u00e9rence. Il est temps de repenser nos habitudes et d\u2019agir collectivement pour le bien de notre plan\u00e8te.<\/p>\n\n<h2 class=\"wp-block-heading\">R\u00e9utilisation et recyclage : Pour un avenir durable<\/h2>\n\n<figure class=\"wp-block-table\"><table>\n<tr>\n<td>\u267b\ufe0f<\/td>\n<td><strong>R\u00e9utilisation des mat\u00e9riaux<\/strong> : Guide pratique pour un d\u00e9veloppement durable, enseignant \u00e0 transformer les d\u00e9chets en ressources.<\/td>\n<\/tr>\n<tr>\n<td>\ud83d\udcca<\/td>\n<td><strong>Recyclage en France<\/strong> : Le bilan de l\u2019Ademe incite \u00e0 une acc\u00e9l\u00e9ration des efforts pour r\u00e9cup\u00e9rer les mat\u00e9riaux pr\u00e9cieux.<\/td>\n<\/tr>\n<tr>\n<td>\ud83c\udfd7\ufe0f<\/td>\n<td><strong>\u00c9conomie circulaire<\/strong> : Pratiques et technologies de r\u00e9cup\u00e9ration des mat\u00e9riaux pour une gestion durable des ressources.<\/td>\n<\/tr>\n<tr>\n<td>\ud83c\udf27\ufe0f<\/td>\n<td><strong>R\u00e9cup\u00e9ration de l\u2019eau de pluie<\/strong> : Informations et recommandations pour des dispositifs efficaces pour utiliser les eaux de toiture.<\/td>\n<\/tr>\n<tr>\n<td>\ud83d\udcdc<\/td>\n<td><strong>Fiches pratiques<\/strong> : 36 fiches pour le r\u00e9emploi des mat\u00e9riaux dans le b\u00e2timent, avec des conseils sur les sp\u00e9cifications techniques.<\/td>\n<\/tr>\n<tr>\n<td>\ud83d\udd27<\/td>\n<td><strong>D\u00e9fis et avantages<\/strong> de la r\u00e9utilisation des mat\u00e9riaux : Int\u00e9gration de pratiques durables dans le secteur de la construction.<\/td>\n<\/tr>\n<tr>\n<td>\ud83d\udea7<\/td>\n<td><strong>R\u00e9emploi dans la construction<\/strong> : Une approche innovante pour prolonger la dur\u00e9e de vie des mat\u00e9riaux usag\u00e9s.<\/td>\n<\/tr>\n<tr>\n<td>\ud83c\udf31<\/td>\n<td><strong>Objectifs z\u00e9ro d\u00e9chet<\/strong> : Encouragement des initiatives pour r\u00e9duire les d\u00e9chets et favoriser une \u00e9conomie circulaire.<\/td>\n<\/tr>\n<tr>\n<td>\ud83d\udee0\ufe0f<\/td>\n<td><strong>Pratiques de r\u00e9emploi<\/strong> : Bonnes pratiques pour les entreprises et collectivit\u00e9s afin de lutter contre le gaspillage.<\/td>\n<\/tr>\n<\/table><\/figure>\n\n","protected":false},"excerpt":{"rendered":"","protected":false},"author":8,"featured_media":7019,"comment_status":"open","ping_status":"close","sticky":false,"template":"","format":"standard","meta":{"_seopress_robots_primary_cat":"","_seopress_titles_title":"","_seopress_titles_desc":"","_seopress_robots_index":"","footnotes":""},"categories":[1545],"tags":[],"class_list":["post-7020","post","type-post","status-publish","format-standard","has-post-thumbnail","hentry","category-neuchcup-fr","generate-columns","tablet-grid-50","mobile-grid-100","grid-parent","grid-33"],"_links":{"self":[{"href":"https:\/\/swisstinychalet.ch\/neuch\/wp-json\/wp\/v2\/posts\/7020","targetHints":{"allow":["GET"]}}],"collection":[{"href":"https:\/\/swisstinychalet.ch\/neuch\/wp-json\/wp\/v2\/posts"}],"about":[{"href":"https:\/\/swisstinychalet.ch\/neuch\/wp-json\/wp\/v2\/types\/post"}],"author":[{"embeddable":true,"href":"https:\/\/swisstinychalet.ch\/neuch\/wp-json\/wp\/v2\/users\/8"}],"replies":[{"embeddable":true,"href":"https:\/\/swisstinychalet.ch\/neuch\/wp-json\/wp\/v2\/comments?post=7020"}],"version-history":[{"count":0,"href":"https:\/\/swisstinychalet.ch\/neuch\/wp-json\/wp\/v2\/posts\/7020\/revisions"}],"wp:featuredmedia":[{"embeddable":true,"href":"https:\/\/swisstinychalet.ch\/neuch\/wp-json\/wp\/v2\/media\/7019"}],"wp:attachment":[{"href":"https:\/\/swisstinychalet.ch\/neuch\/wp-json\/wp\/v2\/media?parent=7020"}],"wp:term":[{"taxonomy":"category","embeddable":true,"href":"https:\/\/swisstinychalet.ch\/neuch\/wp-json\/wp\/v2\/categories?post=7020"},{"taxonomy":"post_tag","embeddable":true,"href":"https:\/\/swisstinychalet.ch\/neuch\/wp-json\/wp\/v2\/tags?post=7020"}],"curies":[{"name":"wp","href":"https:\/\/api.w.org\/{rel}","templated":true}]}}