{"id":7073,"date":"2025-03-26T03:59:11","date_gmt":"2025-03-25T22:29:11","guid":{"rendered":"https:\/\/swisstinychalet.ch\/neuch\/decouvrez-la-maison-du-zero-dechet-un-initiative-de-la-heinrich-boll-stiftung-a-paris"},"modified":"2025-03-26T03:59:11","modified_gmt":"2025-03-25T22:29:11","slug":"decouvrez-la-maison-du-zero-dechet-un-initiative-de-la-heinrich-boll-stiftung-a-paris","status":"publish","type":"post","link":"https:\/\/swisstinychalet.ch\/neuch\/decouvrez-la-maison-du-zero-dechet-un-initiative-de-la-heinrich-boll-stiftung-a-paris","title":{"rendered":"D\u00e9couvrez la Maison du Z\u00e9ro D\u00e9chet : un initiative de la Heinrich B\u00f6ll Stiftung \u00e0 Paris"},"content":{"rendered":"<p><div>\n<h2>D\u00e9couvrez la Maison du Z\u00e9ro D\u00e9chet<\/h2>\n<p>\n        La <strong>Maison du Z\u00e9ro D\u00e9chet<\/strong>, cr\u00e9\u00e9e \u00e0 l&#8217;initiative de <strong>Zero Waste France<\/strong>, se situe \u00e0 Paris et incarne un lieu associatif novateur d\u00e9di\u00e9 \u00e0 la r\u00e9duction des d\u00e9chets. Inaugur\u00e9e en 2020 dans l&#8217;ancienne caserne de Reuilly, elle vise \u00e0 sensibiliser tous les publics aux pratiques de <strong>z\u00e9ro d\u00e9chet<\/strong> et aux alternatives \u00e9cologiques. Les visiteurs peuvent explorer une boutique proposant des solutions pour all\u00e9ger leur impact environnemental, participer \u00e0 des ateliers pratiques, et trouver un espace de ressources pour les aider \u00e0 adopter un mode de vie moins polluant. Ce lieu dynamique s&#8217;efforce de promouvoir des actions concr\u00e8tes et collectives pour un avenir durable.\n    <\/p>\n<\/div><\/p>\n\n<figure class=\"is-provider-youtube is-type-video wp-block-embed wp-block-embed-youtube wp-embed-aspect-16-9 wp-has-aspect-ratio\"><div class=\"wp-block-embed__wrapper\">\n<iframe title=\"&quot;Z\u00e9ro d\u00e9chet&quot;, une solution pour faire des \u00e9conomies\" width=\"1200\" height=\"900\" src=\"https:\/\/www.youtube-nocookie.com\/embed\/BesU7MleiTQ?feature=oembed\" frameborder=\"0\" allow=\"accelerometer; autoplay; clipboard-write; encrypted-media; gyroscope; picture-in-picture; web-share\" referrerpolicy=\"strict-origin-when-cross-origin\" allowfullscreen><\/iframe>\n<\/div><\/figure>\n\n<h2 class=\"wp-block-heading\">Introduction \u00e0 la Maison du Z\u00e9ro D\u00e9chet<\/h2>\n\n<p>La <strong>Maison du Z\u00e9ro D\u00e9chet<\/strong> \u00e0 Paris est bien plus qu&#8217;un simple lieu. Elle incarne une v\u00e9ritable philosophie de vie, alliant engagement environnemental et sensibilisation. Gr\u00e2ce \u00e0 l&#8217;initiative de <strong>Zero Waste France<\/strong>, cet espace unique a pris forme et permet \u00e0 chacun de concevoir des strat\u00e9gies pour r\u00e9duire son empreinte \u00e9cologique. Que vous soyez novice dans la d\u00e9marche z\u00e9ro d\u00e9chet ou un adepte aguerri, cet endroit propose des solutions pour tous.<\/p>\n\n<h2 class=\"wp-block-heading\">Un espace \u00e9ducatif et collaboratif<\/h2>\n\n<p>Situ\u00e9e au c\u0153ur du <strong>12e arrondissement<\/strong>, la Maison du Z\u00e9ro D\u00e9chet offre une gamme d&#8217;activit\u00e9s enrichissantes. Les visiteurs peuvent explorer un catalogue d&#8217;alternatives aux produits jetables et \u00e0 usage unique, tout en b\u00e9n\u00e9ficiant d&#8217;un accompagnement pour passer \u00e0 l&#8217;action. La boutique propose un large choix d&#8217;articles durables et \u00e9co-responsables, et un caf\u00e9 associatif invite \u00e0 faire une pause, que ce soit en int\u00e9rieur ou sur sa charmante terrasse.<\/p>\n\n<h2 class=\"wp-block-heading\">\u00c0 la d\u00e9couverte de pratiques \u00e9coresponsables<\/h2>\n\n<p>L\u2019un des objectifs cl\u00e9s de la Maison du Z\u00e9ro D\u00e9chet est de pr\u00e9senter des <strong>initiatives positives<\/strong> et des projets collectifs. Des ateliers interactifs, des conf\u00e9rences et des rencontres th\u00e9matiques sont organis\u00e9s r\u00e9guli\u00e8rement pour encourager la r\u00e9flexion sur la r\u00e9duction des d\u00e9chets. Les activit\u00e9s s&#8217;adressent \u00e0 tout type de public, allant des familles aux \u00e9tudiants, en passant par les professionnels d\u00e9sireux d&#8217;adopter un mode de vie plus durable.<\/p>\n\n<h2 class=\"wp-block-heading\">Un v\u00e9ritable \u00e9lan vers le z\u00e9ro d\u00e9chet<\/h2>\n\n<p>Install\u00e9e depuis 2020 dans l&#8217;ancienne <strong>caserne de Reuilly<\/strong>, la Maison a gagn\u00e9 en ampleur et en rayonnement. C&#8217;est un lieu de rencontre pour les passionn\u00e9s de l\u2019\u00e9cologie qui souhaitent \u00e9changer et s\u2019informer. En s\u2019impliquant dans cette aventure, chacun a la possibilit\u00e9 de contribuer \u00e0 la transition vers une soci\u00e9t\u00e9 qui privil\u00e9gie le <strong>z\u00e9ro d\u00e9chet<\/strong>. La Maison incarne ainsi un esprit collaboratif o\u00f9 chaque effort, si minime soit-il, compte.<\/p>\n\n<h2 class=\"wp-block-heading\">Impacts et initiatives pour un futur durable<\/h2>\n\n<p>Une attention particuli\u00e8re est port\u00e9e sur les <strong>projets locaux<\/strong> et les partenariats, permettant de multiplier les retomb\u00e9es positives. Par exemple, des alliances avec des acteurs de l&#8217;\u00e9conomie circulaire favorisent le partage de ressources et de savoir-faire. En apprenant et en pratiquant ensemble, les participants sont \u00e0 m\u00eame d\u2019initier un changement durable au sein de leur communaut\u00e9. <\/p>\n\n<p>Pour ceux qui souhaitent approfondir leurs connaissances sur cette approche, il existe des plateformes proposant des \u00e9changes d&#8217;id\u00e9es, comme les exp\u00e9riences autour des <strong>festivals z\u00e9ro d\u00e9chet<\/strong> <a href=\"https:\/\/swisstinychalet.ch\/neuch\/les-festivals-zero-dechet-une-tendance-a-suivre\">ici<\/a>, et des conseils pratiques pour r\u00e9ussir sa transition vers un mode de vie sans plastique <a href=\"https:\/\/swisstinychalet.ch\/neuch\/vers-un-avenir-sans-plastique-six-incontournables-pour-une-routine-zero-dechet\">ici<\/a>.<\/p>\n\n<h2 class=\"wp-block-heading\">Un lieu incontournable \u00e0 Paris<\/h2>\n\n<p>La Maison du Z\u00e9ro D\u00e9chet se distingue comme un lieu phare pour quiconque souhaite r\u00e9duire son impact environnemental. Que ce soit \u00e0 travers des ateliers pratiques ou des discussions inspirantes, cet espace encourage chacun \u00e0 repenser ses habitudes et \u00e0 s&#8217;engager activement. La prochaine fois que vous serez dans le quartier, n\u2019h\u00e9sitez pas \u00e0 y faire un tour pour d\u00e9couvrir un monde o\u00f9 l\u2019\u00e9coresponsabilit\u00e9 et la cr\u00e9ativit\u00e9 s&#8217;unissent. <\/p>\n\n<p>D&#8217;autres initiatives similaires, comme <strong>l\u2019association Z\u00e9ro d\u00e9chet Dordogne<\/strong>, <a href=\"https:\/\/swisstinychalet.ch\/neuch\/decouvrez-lassociation-zero-dechet-dordogne-un-acteur-engage-pour-un-avenir-sans-dechets\">disponible ici<\/a>, montrent qu&#8217;\u00e0 travers tout le pays, l\u2019id\u00e9e du z\u00e9ro d\u00e9chet prend de l&#8217;ampleur, mobilisant de nombreux acteurs vers un avenir sans d\u00e9chets.<\/p>\n\n<h2 class=\"wp-block-heading\">Les essentiels du Z\u00e9ro D\u00e9chet<\/h2>\n\n<figure class=\"wp-block-table\"><table>\n<tr>\n<td>\u267b\ufe0f<\/td>\n<td><strong>Maison du Z\u00e9ro D\u00e9chet<\/strong> : un lieu associatif d\u00e9di\u00e9 \u00e0 la d\u00e9couverte des d\u00e9marches <strong>z\u00e9ro d\u00e9chet<\/strong> et <strong>z\u00e9ro gaspillage<\/strong>.<\/td>\n<\/tr>\n<tr>\n<td>\ud83d\uded2<\/td>\n<td>Une <strong>boutique<\/strong> pour s&#8217;\u00e9quiper afin de r\u00e9duire ses d\u00e9chets au quotidien.<\/td>\n<\/tr>\n<tr>\n<td>\ud83d\udcda<\/td>\n<td>Un <strong>espace librairie<\/strong> pour en apprendre davantage sur les alternatives durables.<\/td>\n<\/tr>\n<tr>\n<td>\u2615<\/td>\n<td>Un <strong>caf\u00e9 associatif<\/strong> avec une option terrasse pour se d\u00e9tendre tout en \u00e9changeant sur des pratiques durables.<\/td>\n<\/tr>\n<tr>\n<td>\ud83c\udfdb\ufe0f<\/td>\n<td><strong>Inauguration<\/strong> dans le 12e arrondissement de Paris, offrant un espace exemplaire pour promouvoir les initiatives <strong>\u00e9cologiques<\/strong>.<\/td>\n<\/tr>\n<tr>\n<td>\ud83c\udf89<\/td>\n<td>Cr\u00e9\u00e9e par <strong>Zero Waste France<\/strong>, cette maison inspire et accompagne vers un mode de vie plus respectueux de l&#8217;environnement.<\/td>\n<\/tr>\n<tr>\n<td>\ud83d\udd8a\ufe0f<\/td>\n<td>Ateliers et <strong>conf\u00e9rences<\/strong> pour passer \u00e0 l&#8217;action et engager tous les publics dans des pratiques durables.<\/td>\n<\/tr>\n<\/table><\/figure>\n\n","protected":false},"excerpt":{"rendered":"","protected":false},"author":9,"featured_media":7072,"comment_status":"open","ping_status":"close","sticky":false,"template":"","format":"standard","meta":{"_seopress_robots_primary_cat":"","_seopress_titles_title":"","_seopress_titles_desc":"","_seopress_robots_index":"","footnotes":""},"categories":[1545],"tags":[],"class_list":["post-7073","post","type-post","status-publish","format-standard","has-post-thumbnail","hentry","category-neuchcup-fr","generate-columns","tablet-grid-50","mobile-grid-100","grid-parent","grid-33"],"_links":{"self":[{"href":"https:\/\/swisstinychalet.ch\/neuch\/wp-json\/wp\/v2\/posts\/7073","targetHints":{"allow":["GET"]}}],"collection":[{"href":"https:\/\/swisstinychalet.ch\/neuch\/wp-json\/wp\/v2\/posts"}],"about":[{"href":"https:\/\/swisstinychalet.ch\/neuch\/wp-json\/wp\/v2\/types\/post"}],"author":[{"embeddable":true,"href":"https:\/\/swisstinychalet.ch\/neuch\/wp-json\/wp\/v2\/users\/9"}],"replies":[{"embeddable":true,"href":"https:\/\/swisstinychalet.ch\/neuch\/wp-json\/wp\/v2\/comments?post=7073"}],"version-history":[{"count":0,"href":"https:\/\/swisstinychalet.ch\/neuch\/wp-json\/wp\/v2\/posts\/7073\/revisions"}],"wp:featuredmedia":[{"embeddable":true,"href":"https:\/\/swisstinychalet.ch\/neuch\/wp-json\/wp\/v2\/media\/7072"}],"wp:attachment":[{"href":"https:\/\/swisstinychalet.ch\/neuch\/wp-json\/wp\/v2\/media?parent=7073"}],"wp:term":[{"taxonomy":"category","embeddable":true,"href":"https:\/\/swisstinychalet.ch\/neuch\/wp-json\/wp\/v2\/categories?post=7073"},{"taxonomy":"post_tag","embeddable":true,"href":"https:\/\/swisstinychalet.ch\/neuch\/wp-json\/wp\/v2\/tags?post=7073"}],"curies":[{"name":"wp","href":"https:\/\/api.w.org\/{rel}","templated":true}]}}