{"id":7079,"date":"2025-04-02T20:38:54","date_gmt":"2025-04-02T15:08:54","guid":{"rendered":"https:\/\/swisstinychalet.ch\/neuch\/celebration-de-la-journee-internationale-du-zero-dechet-en-2025"},"modified":"2025-04-02T20:38:54","modified_gmt":"2025-04-02T15:08:54","slug":"celebration-de-la-journee-internationale-du-zero-dechet-en-2025","status":"publish","type":"post","link":"https:\/\/swisstinychalet.ch\/neuch\/celebration-de-la-journee-internationale-du-zero-dechet-en-2025","title":{"rendered":"C\u00e9l\u00e9bration de la journ\u00e9e internationale du z\u00e9ro d\u00e9chet en 2025"},"content":{"rendered":"<p><strong>C\u00e9l\u00e9br\u00e9e le 30 mars<\/strong>, la <strong>Journ\u00e9e internationale du z\u00e9ro d\u00e9chet 2025<\/strong> se positionne comme un symbole d&#8217;action collective face \u00e0 la crise environnementale. En r\u00e9ponse \u00e0 la production alarmante de <strong>2,1 \u00e0 2,3 milliards de tonnes<\/strong> de d\u00e9chets par an, cette journ\u00e9e appelle \u00e0 une prise de conscience sur l&#8217;adoption de modes de vie <strong>durables<\/strong>. Depuis sa premi\u00e8re c\u00e9l\u00e9bration en 2023, elle a mobilis\u00e9 des millions de personnes autour de l&#8217;id\u00e9e d&#8217;un futur sans d\u00e9chets. L&#8217;objectif est clair : encourager la <strong>pr\u00e9vention<\/strong>, la <strong>r\u00e9duction<\/strong>, la <strong>r\u00e9utilisation<\/strong> et le <strong>recyclage<\/strong> des ressources pour construire des soci\u00e9t\u00e9s plus <strong>\u00e9cologiques<\/strong>. Cet \u00e9v\u00e9nement rappelle l&#8217;importance d&#8217;agir, individuellement et collectivement, pour lutter contre la pollution et assurer un avenir sain pour les g\u00e9n\u00e9rations futures.<\/p>\n\n<figure class=\"is-provider-youtube is-type-video wp-block-embed wp-block-embed-youtube wp-embed-aspect-16-9 wp-has-aspect-ratio\"><div class=\"wp-block-embed__wrapper\">\n<iframe title=\"Journ\u00e9e Internationale Z\u00e9ro D\u00e9chet \u2013 Agissons Ensemble\" width=\"1200\" height=\"675\" src=\"https:\/\/www.youtube-nocookie.com\/embed\/IAKoBKerTGY?feature=oembed\" frameborder=\"0\" allow=\"accelerometer; autoplay; clipboard-write; encrypted-media; gyroscope; picture-in-picture; web-share\" referrerpolicy=\"strict-origin-when-cross-origin\" allowfullscreen><\/iframe>\n<\/div><\/figure>\n\n<p>Le <strong>30 mars 2025<\/strong>, la Journ\u00e9e internationale du z\u00e9ro d\u00e9chet s&#8217;appr\u00eate \u00e0 rassembler des passionn\u00e9s de l&#8217;environnement autour d&#8217;une mission commune : \u00e9liminer les d\u00e9chets au c\u0153ur de nos modes de vie. Alors que les pr\u00e9occupations environnementales se font de plus en plus pressantes, cette journ\u00e9e repr\u00e9sente bien plus qu\u2019un simple \u00e9v\u00e9nement. C&#8217;est une occasion id\u00e9ale pour r\u00e9fl\u00e9chir \u00e0 nos habitudes et explorer des solutions concr\u00e8tes en faveur d&#8217;un avenir plus durable.<\/p>\n\n<h2 class=\"wp-block-heading\">Un d\u00e9fi mondial en mati\u00e8re de d\u00e9chets<\/h2>\n\n<p>Chaque ann\u00e9e, la plan\u00e8te fait face \u00e0 la production alarmante de <strong>2,1 \u00e0 2,3 milliards de tonnes<\/strong> de d\u00e9chets municipaux solides. Cette probl\u00e9matique touche tant la sant\u00e9 de notre environnement que notre qualit\u00e9 de vie. La situation est d&#8217;autant plus pr\u00e9occupante lorsqu\u2019on sait que pr\u00e8s de <strong>2,7 milliards de personnes<\/strong> n&#8217;ont toujours pas acc\u00e8s \u00e0 des services de collecte de d\u00e9chets. En cons\u00e9quence, la pollution atteint des sommets, impactant notre climat, notre biodiversit\u00e9 et notre sant\u00e9. La Journ\u00e9e internationale du z\u00e9ro d\u00e9chet nous pousse \u00e0 reconsid\u00e9rer nos pratiques de consommation et de production pour favoriser une approche plus respectueuse des ressources.<\/p>\n\n<h2 class=\"wp-block-heading\">L&#8217;importance d&#8217;une action imm\u00e9diate<\/h2>\n\n<p>Le lancement de cette journ\u00e9e, en 2023, a tiss\u00e9 un puissant r\u00e9seau de solidarit\u00e9 mondiale, une premi\u00e8re \u00e9tape vers un avenir sans d\u00e9chets. La tendance actuelle pourrait, si aucune mesure n&#8217;est prise, amener la production de d\u00e9chets \u00e0 un alarmant <strong>3,8 milliards de tonnes<\/strong> d&#8217;ici 2050. R\u00e9duire ces chiffres et lutter contre la pollution g\u00e9n\u00e9r\u00e9e par les d\u00e9chets sont des priorit\u00e9s incontournables pour prot\u00e9ger notre environnement collectif.<\/p>\n\n<h2 class=\"wp-block-heading\">Agir face \u00e0 la pollution des d\u00e9chets<\/h2>\n\n<p>Il existe des solutions concr\u00e8tes pour inverser la tendance. La pr\u00e9vention, la r\u00e9duction et le recyclage sont des leviers accessibles \u00e0 tous. En int\u00e9grant les principes du z\u00e9ro d\u00e9chet dans nos vies, non seulement nous all\u00e9geons la production de d\u00e9chets, mais nous am\u00e9liorons \u00e9galement la r\u00e9cup\u00e9ration de ressources essentielles. Ces efforts permettent d&#8217;avancer vers les <strong>Objectifs de D\u00e9veloppement Durable<\/strong>, en particulier ceux li\u00e9s \u00e0 des modes de consommation et de production plus durables.<\/p>\n\n<h2 class=\"wp-block-heading\">Un appel \u00e0 la mobilisation collective<\/h2>\n\n<p>La Journ\u00e9e internationale du z\u00e9ro d\u00e9chet 2025 nous convie \u00e0 tous, entreprises, gouvernements et citoyens, \u00e0 participer activement \u00e0 la transformation de nos soci\u00e9t\u00e9s. Chacun de nous peut contribuer, que ce soit par des gestes individuels comme r\u00e9duire ses propres d\u00e9chets ou par des initiatives collectives. Chaque action compte ; c\u2019est en unissant nos forces que nous pourrons v\u00e9ritablement changer les choses.<\/p>\n\n<p>Cette journ\u00e9e constitue une invitation \u00e0 op\u00e9rer un changement significatif, \u00e0 envisager un futur sans d\u00e9chet. La protection de notre plan\u00e8te repose sur la volont\u00e9 de chacun d\u2019agir, en adoptant des comportements plus responsables pour garantir un monde meilleur aux g\u00e9n\u00e9rations futures.<\/p>\n\n<p>Pour explorer des pistes sur les <a href=\"https:\/\/swisstinychalet.ch\/neuch\/les-bienfaits-du-zero-dechet-pour-votre-sante\"><strong>bienfaits du z\u00e9ro d\u00e9chet pour votre sant\u00e9<\/strong><\/a>, ou pour apprendre des recettes sans d\u00e9chets, les ressources en ligne comme <a href=\"https:\/\/swisstinychalet.ch\/neuch\/zero-dechet-et-cuisine-recettes-sans-dechets\"><strong>ce guide de cuisine z\u00e9ro d\u00e9chet<\/strong><\/a> peuvent \u00eatre d&#8217;une grande aide. La <a href=\"https:\/\/swisstinychalet.ch\/neuch\/decouvrez-la-maison-du-zero-dechet-un-initiative-de-la-heinrich-boll-stiftung-a-paris\"><strong>Maison du Z\u00e9ro D\u00e9chet<\/strong><\/a> \u00e0 Paris est \u00e9galement une excellente initiative pour s&#8217;inspirer et s&#8217;engager. Plus d\u2019astuces peuvent \u00eatre trouv\u00e9es dans les articles sur <a href=\"https:\/\/swisstinychalet.ch\/neuch\/les-tendances-en-arts-de-la-table-et-zero-dechet\"><strong>les arts de la table z\u00e9ro d\u00e9chet<\/strong><\/a> et sur <a href=\"https:\/\/swisstinychalet.ch\/neuch\/vers-un-avenir-sans-plastique-six-incontournables-pour-une-routine-zero-dechet\"><strong>comment int\u00e9grer le z\u00e9ro d\u00e9chet dans notre quotidien<\/strong><\/a>.<\/p>\n\n<p>&#8220;`html\n<\/p>\n\n<h2 class=\"wp-block-heading\">Un avenir sans d\u00e9chet : La Journ\u00e9e internationale du z\u00e9ro d\u00e9chet 2025<\/h2>\n\n<figure class=\"wp-block-table\"><table>\n<tr>\n<td>\ud83c\udf0d<\/td>\n<td><strong>Comprendre l\u2019ampleur du d\u00e9fi :<\/strong> Chaque ann\u00e9e, l&#8217;humanit\u00e9 produit 2,1 \u00e0 2,3 milliards de tonnes de d\u00e9chets municipaux solides, mena\u00e7ant notre plan\u00e8te.<\/td>\n<\/tr>\n<tr>\n<td>\u26a0\ufe0f<\/td>\n<td><strong>L\u2019urgence d\u2019agir maintenant :<\/strong> La Journ\u00e9e internationale du z\u00e9ro d\u00e9chet cherche \u00e0 rassembler les individus pour limiter la production de d\u00e9chets.<\/td>\n<\/tr>\n<tr>\n<td>\ud83d\udca1<\/td>\n<td><strong>Des solutions \u00e0 notre port\u00e9e :<\/strong> Adopter une approche z\u00e9ro d\u00e9chet permet de r\u00e9duire la production des d\u00e9chets et d\u2019am\u00e9liorer la r\u00e9cup\u00e9ration des ressources.<\/td>\n<\/tr>\n<tr>\n<td>\ud83e\udd1d<\/td>\n<td><strong>Un appel \u00e0 l\u2019action pour tous :<\/strong> Chacun a un r\u00f4le \u00e0 jouer, que ce soit par des actions individuelles ou des initiatives collectives, pour un avenir sans d\u00e9chets.<\/td>\n<\/tr>\n<\/table><\/figure>\n\n","protected":false},"excerpt":{"rendered":"","protected":false},"author":8,"featured_media":7078,"comment_status":"open","ping_status":"close","sticky":false,"template":"","format":"standard","meta":{"_seopress_robots_primary_cat":"","_seopress_titles_title":"","_seopress_titles_desc":"","_seopress_robots_index":"","footnotes":""},"categories":[1545],"tags":[],"class_list":["post-7079","post","type-post","status-publish","format-standard","has-post-thumbnail","hentry","category-neuchcup-fr","generate-columns","tablet-grid-50","mobile-grid-100","grid-parent","grid-33"],"_links":{"self":[{"href":"https:\/\/swisstinychalet.ch\/neuch\/wp-json\/wp\/v2\/posts\/7079","targetHints":{"allow":["GET"]}}],"collection":[{"href":"https:\/\/swisstinychalet.ch\/neuch\/wp-json\/wp\/v2\/posts"}],"about":[{"href":"https:\/\/swisstinychalet.ch\/neuch\/wp-json\/wp\/v2\/types\/post"}],"author":[{"embeddable":true,"href":"https:\/\/swisstinychalet.ch\/neuch\/wp-json\/wp\/v2\/users\/8"}],"replies":[{"embeddable":true,"href":"https:\/\/swisstinychalet.ch\/neuch\/wp-json\/wp\/v2\/comments?post=7079"}],"version-history":[{"count":0,"href":"https:\/\/swisstinychalet.ch\/neuch\/wp-json\/wp\/v2\/posts\/7079\/revisions"}],"wp:featuredmedia":[{"embeddable":true,"href":"https:\/\/swisstinychalet.ch\/neuch\/wp-json\/wp\/v2\/media\/7078"}],"wp:attachment":[{"href":"https:\/\/swisstinychalet.ch\/neuch\/wp-json\/wp\/v2\/media?parent=7079"}],"wp:term":[{"taxonomy":"category","embeddable":true,"href":"https:\/\/swisstinychalet.ch\/neuch\/wp-json\/wp\/v2\/categories?post=7079"},{"taxonomy":"post_tag","embeddable":true,"href":"https:\/\/swisstinychalet.ch\/neuch\/wp-json\/wp\/v2\/tags?post=7079"}],"curies":[{"name":"wp","href":"https:\/\/api.w.org\/{rel}","templated":true}]}}