{"id":7090,"date":"2025-08-06T14:37:43","date_gmt":"2025-08-06T09:07:43","guid":{"rendered":"https:\/\/swisstinychalet.ch\/neuch\/developpement-durable-les-enjeux-cruciaux-pour-notre-planete"},"modified":"2025-08-06T14:37:43","modified_gmt":"2025-08-06T09:07:43","slug":"developpement-durable-les-enjeux-cruciaux-pour-notre-planete","status":"publish","type":"post","link":"https:\/\/swisstinychalet.ch\/neuch\/developpement-durable-les-enjeux-cruciaux-pour-notre-planete","title":{"rendered":"D\u00e9veloppement durable : les enjeux cruciaux pour notre plan\u00e8te"},"content":{"rendered":"<p>\u00c0 l&#8217;aube des r\u00e9flexions contemporaines sur l&#8217;\u00e9cologie, la n\u00e9cessit\u00e9 de signifier l&#8217;urgence du d\u00e9veloppement durable est devenue in\u00e9vitable. Le monde \u00e9volue \u00e0 un rythme effr\u00e9n\u00e9, mais les menaces qui p\u00e8sent sur notre plan\u00e8te se multiplient, mena\u00e7ant l&#8217;\u00e9quilibre des syst\u00e8mes \u00e9cologiques. Ce ph\u00e9nom\u00e8ne n&#8217;est pas seulement un d\u00e9fi pour les g\u00e9n\u00e9rations futures : il s&#8217;agit d&#8217;une question de survie imm\u00e9diate. Les crises environnementales, r\u00e9v\u00e9latrices de modes de vie insoutenables, exigent des r\u00e9ponses structur\u00e9es et engag\u00e9es. Les initiatives priv\u00e9es, associatives et gouvernementales se jouent en une danse complexe, o\u00f9 chacun doit trouver son r\u00f4le. L&#8217;\u00e9cologie mais \u00e9galement un mode de vie \u00e9thique sont plus que jamais d&#8217;actualit\u00e9, avec des alternatives \u00e0 la consommation de masse et des moyens de production plus verts. La voie vers un futur harmonieux se dessine \u00e0 travers des actions concr\u00e8tes et r\u00e9fl\u00e9chies.<\/p>\n\n<h2 class=\"wp-block-heading\">Les d\u00e9fis contemporains pour notre plan\u00e8te<\/h2>\n\n<p>Les d\u00e9fis environnementaux sont vari\u00e9s et souvent interconnect\u00e9s, repr\u00e9sentant un casse-t\u00eate colossal \u00e0 r\u00e9soudre. Parmi eux, le changement climatique, la perte de biodiversit\u00e9, et la pollution se d\u00e9marquent comme des menaces majeures pour l&#8217;\u00e9quilibre des \u00e9cosyst\u00e8mes. La lutte pour un environnement sain passe par une compr\u00e9hension profonde de ces enjeux.<\/p>\n\n<figure class=\"wp-block-image size-full\"><img decoding=\"async\" width=\"1200\" height=\"686\" src=\"https:\/\/swisstinychalet.ch\/neuch\/wp-content\/uploads\/2025\/08\/developpement-durable-les-enjeux-cruciaux-pour-notre-planete-1-scaled.jpg\" alt=\"d\u00e9couvrez les enjeux cruciaux du d\u00e9veloppement durable pour notre plan\u00e8te. explorez comment des actions responsables peuvent contribuer \u00e0 la pr\u00e9servation de l&#039;environnement et \u00e0 un avenir viable pour les g\u00e9n\u00e9rations futures.\" class=\"wp-image-7087\" srcset=\"https:\/\/swisstinychalet.ch\/neuch\/wp-content\/uploads\/2025\/08\/developpement-durable-les-enjeux-cruciaux-pour-notre-planete-1-scaled.jpg 1200w, https:\/\/swisstinychalet.ch\/neuch\/wp-content\/uploads\/2025\/08\/developpement-durable-les-enjeux-cruciaux-pour-notre-planete-1-scaled-400x229.jpg 400w, https:\/\/swisstinychalet.ch\/neuch\/wp-content\/uploads\/2025\/08\/developpement-durable-les-enjeux-cruciaux-pour-notre-planete-1-scaled-768x439.jpg 768w, https:\/\/swisstinychalet.ch\/neuch\/wp-content\/uploads\/2025\/08\/developpement-durable-les-enjeux-cruciaux-pour-notre-planete-1-scaled-600x343.jpg 600w\" sizes=\"(max-width: 1200px) 100vw, 1200px\" \/><\/figure>\n\n<h3 class=\"wp-block-heading\">Changement climatique : une r\u00e9alit\u00e9 pressante<\/h3>\n\n<p>Le changement climatique est devenu la pr\u00e9occupation centrale des enjeux environnementaux. Les temp\u00e9ratures mondiales continuent de grimper, provoquant une s\u00e9rie d&#8217;effets ravageurs. Les flammes des incendies de for\u00eats s&#8217;intensifient chaque \u00e9t\u00e9, les inondations deviennent plus fr\u00e9quentes et les p\u00e9riodes de s\u00e9cheresse s&#8217;allongent. Au c\u0153ur de cette crise, il est crucial de reconna\u00eetre le r\u00f4le des <strong>\u00e9nergies renouvelables<\/strong> comme solution incontournable. L&#8217;essor des alternatives telles que l&#8217;\u00e9nergie solaire et \u00e9olienne repr\u00e9sente une lueur d&#8217;espoir.<\/p>\n\n<p>Des \u00e9tudes montrent que la transition vers ces sources d&#8217;\u00e9nergie peut r\u00e9duire consid\u00e9rablement les \u00e9missions de gaz \u00e0 effet de serre. Des entreprises comme <strong>Nature &amp; D\u00e9couvertes<\/strong> ou <strong>Biocoop<\/strong> mettent en avant l&#8217;importance d&#8217;avoir recours \u00e0 ces solutions. En soutenant la croissance des \u00e9nergies renouvelables, des communaut\u00e9s comme <strong>La Ruche qui dit Oui !<\/strong> alimentent \u00e9galement un changement de consommation altruiste, favorisant l&#8217;\u00e9conomie locale.<\/p>\n\n<h3 class=\"wp-block-heading\">Perte de biodiversit\u00e9 : menaces sur notre avenir<\/h3>\n\n<p>Les cons\u00e9quences de la perte de biodiversit\u00e9 ne sont pas \u00e0 n\u00e9gliger. La d\u00e9forestation, l\u2019urbanisation galopante et l&#8217;agriculture intensive d\u00e9ciment les habitats naturels. La richesse de la biodiversit\u00e9 est primordiale pour prot\u00e9ger les cycles de la vie sur Terre. Par exemple, les abeilles, essentielles \u00e0 la pollinisation de nos cultures, connaissent une menace alarmante. De nombreuses organisations, telles que <strong>Greenpeace<\/strong>, combattent ces r\u00e9alit\u00e9s en \u0153uvrant pour des pratiques agricoles durables et la cr\u00e9ation d&#8217;espaces prot\u00e9g\u00e9s. La sensibilisation de la population est cruciale pour pr\u00e9server la richesse biologique de notre plan\u00e8te.<\/p>\n\n<figure class=\"wp-block-table\"><table>\n<thead>\n<tr>\n<th>Type d&#8217;esp\u00e8ce menac\u00e9e<\/th>\n<th>Impact sur l&#8217;\u00e9cosyst\u00e8me<\/th>\n<th>Causes principales<\/th>\n<\/tr>\n<\/thead>\n<tbody>\n<tr>\n<td>Abeilles<\/td>\n<td>Pollinisation<\/td>\n<td>Pesticides, perte d&#8217;habitat<\/td>\n<\/tr>\n<tr>\n<td>Rhinoc\u00e9ros<\/td>\n<td>\u00c9quilibre des cha\u00eenes alimentaires<\/td>\n<td>Chasse ill\u00e9gale, habitat d\u00e9grad\u00e9<\/td>\n<\/tr>\n<tr>\n<td>Ours polaire<\/td>\n<td>R\u00e9gulation des populations de proies<\/td>\n<td>Changement climatique, fonte des glaces<\/td>\n<\/tr>\n<\/tbody>\n<\/table><\/figure>\n\n<p>Une d\u00e9marche collective est n\u00e9cessaire pour enrayer ce ph\u00e9nom\u00e8ne : chacun a un r\u00f4le \u00e0 jouer dans la pr\u00e9servation d&#8217;un \u00e9cosyst\u00e8me sain. S&#8217;engager dans des pratiques de consommation responsable et soutenir les initiatives bas\u00e9es sur les <strong>alternatives durables<\/strong> peuvent faire une diff\u00e9rence tangible.<\/p>\n\n<h3 class=\"wp-block-heading\">Pollution : l&#8217;ennemi invisible<\/h3>\n\n<p>En parall\u00e8le des crises pr\u00e9c\u00e9dentes, la pollution constitue une menace omnipr\u00e9sente qui affecte tous les aspects de notre vie quotidienne. Les d\u00e9chets plastiques envahissent les oc\u00e9ans, entra\u00eenant des cons\u00e9quences catastrophiques pour la faune marine. L&#8217;air que nous respirons est contamin\u00e9 par les \u00e9missions industrielles et les transports, mettant en p\u00e9ril notre sant\u00e9.<\/p>\n\n<p>L&#8217;acc\u00e8s \u00e0 l&#8217;information \u00e9volue gr\u00e2ce \u00e0 des plateformes comme <strong>EcoTLC<\/strong>, qui apportent des solutions innovantes pour recycler et g\u00e9rer les d\u00e9chets. La sensibilisation et l&#8217;\u00e9ducation sont des leviers essentiels pour inverser cette tendance. Il est vital que chaque citoyen prenne conscience de son impact et adopte des comportements responsables.<\/p>\n\n<figure class=\"is-provider-youtube is-type-video wp-block-embed wp-block-embed-youtube wp-embed-aspect-16-9 wp-has-aspect-ratio\"><div class=\"wp-block-embed__wrapper\">\n<iframe title=\"D\u00e9couvrez les enjeux cruciaux du d\u00e9veloppement des technologies bas carbone\" width=\"1200\" height=\"675\" src=\"https:\/\/www.youtube-nocookie.com\/embed\/xRWhD40lQlw?feature=oembed\" frameborder=\"0\" allow=\"accelerometer; autoplay; clipboard-write; encrypted-media; gyroscope; picture-in-picture; web-share\" referrerpolicy=\"strict-origin-when-cross-origin\" allowfullscreen><\/iframe>\n<\/div><\/figure>\n\n<h2 class=\"wp-block-heading\">La dimension sociale du d\u00e9veloppement durable<\/h2>\n\n<p>Le d\u00e9veloppement durable ne se limite pas \u00e0 la pr\u00e9servation de l&#8217;environnement ; il s&#8217;\u00e9tend \u00e0 des questions de justice sociale et \u00e9conomique. La lutte contre les in\u00e9galit\u00e9s et l&#8217;acc\u00e8s \u00e9quitable aux ressources est primordiale. Un avenir durable doit mettre en lumi\u00e8re l&#8217;interd\u00e9pendance entre tous ces aspects.<\/p>\n\n<figure class=\"wp-block-image size-full\"><img decoding=\"async\" width=\"1200\" height=\"686\" src=\"https:\/\/swisstinychalet.ch\/neuch\/wp-content\/uploads\/2025\/08\/developpement-durable-les-enjeux-cruciaux-pour-notre-planete-2-scaled.jpg\" alt=\"d\u00e9couvrez les enjeux cruciaux du d\u00e9veloppement durable et comment ils impactent notre plan\u00e8te. explorez les solutions pour pr\u00e9server notre environnement et garantir un avenir viable pour les g\u00e9n\u00e9rations futures.\" class=\"wp-image-7088\" srcset=\"https:\/\/swisstinychalet.ch\/neuch\/wp-content\/uploads\/2025\/08\/developpement-durable-les-enjeux-cruciaux-pour-notre-planete-2-scaled.jpg 1200w, https:\/\/swisstinychalet.ch\/neuch\/wp-content\/uploads\/2025\/08\/developpement-durable-les-enjeux-cruciaux-pour-notre-planete-2-scaled-400x229.jpg 400w, https:\/\/swisstinychalet.ch\/neuch\/wp-content\/uploads\/2025\/08\/developpement-durable-les-enjeux-cruciaux-pour-notre-planete-2-scaled-768x439.jpg 768w, https:\/\/swisstinychalet.ch\/neuch\/wp-content\/uploads\/2025\/08\/developpement-durable-les-enjeux-cruciaux-pour-notre-planete-2-scaled-600x343.jpg 600w\" sizes=\"(max-width: 1200px) 100vw, 1200px\" \/><\/figure>\n\n<h3 class=\"wp-block-heading\">\u00c9galit\u00e9 et inclusion : p\u00f4les essentiels au changement<\/h3>\n\n<p>L&#8217;\u00e9galit\u00e9 des chances est un aspect fondamental du d\u00e9veloppement durable. Il est n\u00e9cessaire de garantir que toutes les voix soient entendues et que chaque individu ait acc\u00e8s aux ressources n\u00e9cessaires pour s&#8217;\u00e9panouir. L&#8217;initiative <strong>Terres de Liens<\/strong> garantit un acc\u00e8s \u00e9quitable \u00e0 la terre et soutient les agriculteurs locaux en promouvant une production alimentaire durable. En fin de compte, le d\u00e9veloppement durable doit \u00eatre socialement inclusif.<\/p>\n\n<p>Des \u00e9tudes d\u00e9montrent que les communaut\u00e9s qui r\u00e9ussissent \u00e0 s&#8217;auto-organiser et \u00e0 collaborer au sein de r\u00e9seaux sociaux d\u00e9veloppent des solutions plus efficaces aux d\u00e9fis qu&#8217;elles rencontrent. Cela offre un cadre propice \u00e0 des pratiques respectueuses de l&#8217;environnement tout en garantissant le bien-\u00eatre des individus.<\/p>\n\n<h3 class=\"wp-block-heading\">\u00c9conomie circulaire et gestion des ressources<\/h3>\n\n<p>La transition vers une <strong>\u00e9conomie circulaire<\/strong> joue \u00e9galement un r\u00f4le majeur dans le d\u00e9veloppement durable. \u00c0 la fois \u00e9conomique et \u00e9cologique, ce mod\u00e8le consiste \u00e0 r\u00e9duire les d\u00e9chets et \u00e0 maximiser la r\u00e9utilisation des ressources. Cela touche aussi bien les entreprises que les consommateurs. Adopter des pratiques telles que l&#8217;achat de v\u00eatements responsables de marques comme <strong>Kuyichi<\/strong>, qui utilisent des mati\u00e8res \u00e9cologiques, est un exemple tangible de cette approche.<\/p>\n\n<figure class=\"wp-block-table\"><table>\n<thead>\n<tr>\n<th>Pratiques durables<\/th>\n<th>Impact sur l&#8217;environnement<\/th>\n<th>Exemples de marques\/initiatives<\/th>\n<\/tr>\n<\/thead>\n<tbody>\n<tr>\n<td>Recyclage et r\u00e9utilisation<\/td>\n<td>R\u00e9duction des d\u00e9chets<\/td>\n<td>EcoTLC, La Ruche qui dit Oui !<\/td>\n<\/tr>\n<tr>\n<td>Consommation locale<\/td>\n<td>Transport r\u00e9duit<\/td>\n<td>Biocoop<\/td>\n<\/tr>\n<tr>\n<td>Mode \u00e9thique<\/td>\n<td>Utilisation de ressources durables<\/td>\n<td>Kuyichi<\/td>\n<\/tr>\n<\/tbody>\n<\/table><\/figure>\n\n<p>Les mod\u00e8les \u00e9conomiques doivent \u00eatre r\u00e9vis\u00e9s pour r\u00e9pondre aux enjeux communautaires tout en respectant la plan\u00e8te. Ce faisant, on facilite l&#8217;engagement des citoyens dans des pratiques respectueuses et \u00e9ducatives.<\/p>\n\n<h2 class=\"wp-block-heading\">Vers une action collective et responsable<\/h2>\n\n<p>Face \u00e0 ces menaces pressantes, des actions concr\u00e8tes \u00e9mergent \u00e0 l&#8217;\u00e9chelle locale et globale. Les objectifs de d\u00e9veloppement durable (ODD), adopt\u00e9s par les Nations Unies, visent \u00e0 guider les efforts autour de ces enjeux cruciaux. Ils offrent un cadre strat\u00e9gique essentiel, mais leur mise en \u0153uvre n\u00e9cessite une mobilisation collective.<\/p>\n\n<figure class=\"is-provider-youtube is-type-video wp-block-embed wp-block-embed-youtube wp-embed-aspect-16-9 wp-has-aspect-ratio\"><div class=\"wp-block-embed__wrapper\">\n<iframe title=\"le d\u00e9veloppement durable, les enjeux\" width=\"1200\" height=\"675\" src=\"https:\/\/www.youtube-nocookie.com\/embed\/2DiIjNNLrNM?feature=oembed\" frameborder=\"0\" allow=\"accelerometer; autoplay; clipboard-write; encrypted-media; gyroscope; picture-in-picture; web-share\" referrerpolicy=\"strict-origin-when-cross-origin\" allowfullscreen><\/iframe>\n<\/div><\/figure>\n\n<h3 class=\"wp-block-heading\">Programmes locaux et initiatives citoyennes<\/h3>\n\n<p>Les initiatives locales peuvent g\u00e9n\u00e9rer un impact significatif. Des groupes comme <strong>Greenpeace<\/strong> et d&#8217;autres ONG jouent un r\u00f4le de gardien dans la d\u00e9fense des droits environnementaux. Les programmes de r\u00e9g\u00e9n\u00e9ration, les jardins communautaires et la mise en place de syst\u00e8mes d&#8217;agriculture urbaine montrent comment des actions individuelles peuvent b\u00e9n\u00e9ficier \u00e0 la communaut\u00e9.<\/p>\n\n<p>Les exemples de succ\u00e8s incluent la mise en place de circuits courts d&#8217;alimentation, permettant de relier directement les producteurs aux consommateurs, tout en r\u00e9duisant l&#8217;empreinte carbone. Encourageant une consommation plus consciente, ces d\u00e9marches repr\u00e9sentent des alternatives tangibles \u00e0 l&#8217;approche traditionnelle de consommation de masse.<\/p>\n\n<h3 class=\"wp-block-heading\">Collaboration : cl\u00e9 de r\u00e9ussite<\/h3>\n\n<p>La collaboration entre les gouvernements, les entreprises et les citoyens est essentielle pour affronter les crises \u00e9cologiques. Ce partenariat est n\u00e9cessaire pour favoriser l&#8217;\u00e9mergence de politiques publiques qui soutiennent le d\u00e9veloppement durable. La mise en place de r\u00e9glementations favorables et d&#8217;incitations fiscales pour les entreprises vertes peut catalyser cette dynamique.<\/p>\n\n<p>Chacun doit trouver un moyen d&#8217;agir, que ce soit \u00e0 travers le soutien \u00e0 des initiatives responsables ou l&#8217;implication dans des programmes \u00e9ducatifs. La transition vers un d\u00e9veloppement durable n&#8217;est pas seulement le travail d&#8217;un seul acteur ; elle r\u00e9side dans le collectif.<\/p>\n\n<figure class=\"wp-block-image size-full\"><img decoding=\"async\" width=\"1200\" height=\"686\" src=\"https:\/\/swisstinychalet.ch\/neuch\/wp-content\/uploads\/2025\/08\/developpement-durable-les-enjeux-cruciaux-pour-notre-planete-3-scaled.jpg\" alt=\"d\u00e9couvrez les enjeux cruciaux du d\u00e9veloppement durable pour notre plan\u00e8te. apprenez comment les actions responsables peuvent pr\u00e9server notre environnement, favoriser les \u00e9nergies renouvelables et garantir un avenir viable pour les g\u00e9n\u00e9rations futures.\" class=\"wp-image-7089\" srcset=\"https:\/\/swisstinychalet.ch\/neuch\/wp-content\/uploads\/2025\/08\/developpement-durable-les-enjeux-cruciaux-pour-notre-planete-3-scaled.jpg 1200w, https:\/\/swisstinychalet.ch\/neuch\/wp-content\/uploads\/2025\/08\/developpement-durable-les-enjeux-cruciaux-pour-notre-planete-3-scaled-400x229.jpg 400w, https:\/\/swisstinychalet.ch\/neuch\/wp-content\/uploads\/2025\/08\/developpement-durable-les-enjeux-cruciaux-pour-notre-planete-3-scaled-768x439.jpg 768w, https:\/\/swisstinychalet.ch\/neuch\/wp-content\/uploads\/2025\/08\/developpement-durable-les-enjeux-cruciaux-pour-notre-planete-3-scaled-600x343.jpg 600w\" sizes=\"(max-width: 1200px) 100vw, 1200px\" \/><\/figure>\n\n","protected":false},"excerpt":{"rendered":"","protected":false},"author":7,"featured_media":7086,"comment_status":"open","ping_status":"close","sticky":false,"template":"","format":"standard","meta":{"_seopress_robots_primary_cat":"","_seopress_titles_title":"D\u00e9veloppement durable : comprendre les enjeux pour sauver notre plan\u00e8te","_seopress_titles_desc":"D\u00e9couvrez les enjeux majeurs du d\u00e9veloppement durable et son importance pour pr\u00e9server notre plan\u00e8te et assurer un avenir responsable.","_seopress_robots_index":"","footnotes":""},"categories":[1545],"tags":[],"class_list":["post-7090","post","type-post","status-publish","format-standard","has-post-thumbnail","hentry","category-neuchcup-fr","generate-columns","tablet-grid-50","mobile-grid-100","grid-parent","grid-33"],"_links":{"self":[{"href":"https:\/\/swisstinychalet.ch\/neuch\/wp-json\/wp\/v2\/posts\/7090","targetHints":{"allow":["GET"]}}],"collection":[{"href":"https:\/\/swisstinychalet.ch\/neuch\/wp-json\/wp\/v2\/posts"}],"about":[{"href":"https:\/\/swisstinychalet.ch\/neuch\/wp-json\/wp\/v2\/types\/post"}],"author":[{"embeddable":true,"href":"https:\/\/swisstinychalet.ch\/neuch\/wp-json\/wp\/v2\/users\/7"}],"replies":[{"embeddable":true,"href":"https:\/\/swisstinychalet.ch\/neuch\/wp-json\/wp\/v2\/comments?post=7090"}],"version-history":[{"count":0,"href":"https:\/\/swisstinychalet.ch\/neuch\/wp-json\/wp\/v2\/posts\/7090\/revisions"}],"wp:featuredmedia":[{"embeddable":true,"href":"https:\/\/swisstinychalet.ch\/neuch\/wp-json\/wp\/v2\/media\/7086"}],"wp:attachment":[{"href":"https:\/\/swisstinychalet.ch\/neuch\/wp-json\/wp\/v2\/media?parent=7090"}],"wp:term":[{"taxonomy":"category","embeddable":true,"href":"https:\/\/swisstinychalet.ch\/neuch\/wp-json\/wp\/v2\/categories?post=7090"},{"taxonomy":"post_tag","embeddable":true,"href":"https:\/\/swisstinychalet.ch\/neuch\/wp-json\/wp\/v2\/tags?post=7090"}],"curies":[{"name":"wp","href":"https:\/\/api.w.org\/{rel}","templated":true}]}}