{"id":7100,"date":"2025-08-06T14:49:44","date_gmt":"2025-08-06T09:19:44","guid":{"rendered":"https:\/\/swisstinychalet.ch\/neuch\/developpement-durable-limportance-de-la-biodiversite"},"modified":"2025-08-06T14:49:44","modified_gmt":"2025-08-06T09:19:44","slug":"developpement-durable-limportance-de-la-biodiversite","status":"publish","type":"post","link":"https:\/\/swisstinychalet.ch\/neuch\/developpement-durable-limportance-de-la-biodiversite","title":{"rendered":"D\u00e9veloppement durable : l&#8217;importance de la biodiversit\u00e9"},"content":{"rendered":"<p>La biodiversit\u00e9 est souvent per\u00e7ue comme une simple curiosit\u00e9 naturelle, mais elle est en r\u00e9alit\u00e9 le c\u0153ur battant du d\u00e9veloppement durable. Ce concept, qui prend en compte non seulement la pr\u00e9servation de l&#8217;environnement, mais aussi le bien-\u00eatre humain, repose enti\u00e8rement sur la richesse des \u00e9cosyst\u00e8mes et la multitude d&#8217;esp\u00e8ces qui les composent. Plus que jamais, cette diversit\u00e9 biologique doit \u00eatre reconnue comme essentielle pour r\u00e9pondre aux d\u00e9fis \u00e9cologiques actuels.<\/p>\n\n<h2 class=\"wp-block-heading\">La biodiversit\u00e9, fondement des \u00e9cosyst\u00e8mes sains<\/h2>\n\n<p>Il est crucial de comprendre que la biodiversit\u00e9 n&#8217;est pas qu&#8217;une question de quantit\u00e9 d&#8217;esp\u00e8ces, mais \u00e9galement de qualit\u00e9 des interactions entre elles. La sant\u00e9 des \u00e9cosyst\u00e8mes repose sur des cha\u00eenes alimentaires complexes et des relations symbiotiques. Prenons l&#8217;exemple des pollinisateurs, indispensables \u00e0 la pollinisation de nombreuses cultures. Leur d\u00e9clin pourrait signifier non seulement une r\u00e9duction de la diversit\u00e9 alimentaire, mais aussi une augmentation des prix alimentaires, affectant ainsi les plus vuln\u00e9rables de notre soci\u00e9t\u00e9.<\/p>\n\n<figure class=\"wp-block-image size-full\"><img decoding=\"async\" width=\"1200\" height=\"686\" src=\"https:\/\/swisstinychalet.ch\/neuch\/wp-content\/uploads\/2025\/08\/developpement-durable-limportance-de-la-biodiversite-1-scaled.jpg\" alt=\"d\u00e9couvrez comment la biodiversit\u00e9 joue un r\u00f4le crucial dans le d\u00e9veloppement durable. explorez son impact sur notre environnement, notre sant\u00e9 et notre \u00e9conomie, et apprenez des solutions pour pr\u00e9server cette richesse unique.\" class=\"wp-image-7097\" srcset=\"https:\/\/swisstinychalet.ch\/neuch\/wp-content\/uploads\/2025\/08\/developpement-durable-limportance-de-la-biodiversite-1-scaled.jpg 1200w, https:\/\/swisstinychalet.ch\/neuch\/wp-content\/uploads\/2025\/08\/developpement-durable-limportance-de-la-biodiversite-1-scaled-400x229.jpg 400w, https:\/\/swisstinychalet.ch\/neuch\/wp-content\/uploads\/2025\/08\/developpement-durable-limportance-de-la-biodiversite-1-scaled-768x439.jpg 768w, https:\/\/swisstinychalet.ch\/neuch\/wp-content\/uploads\/2025\/08\/developpement-durable-limportance-de-la-biodiversite-1-scaled-600x343.jpg 600w\" sizes=\"(max-width: 1200px) 100vw, 1200px\" \/><\/figure>\n\n<p>Les services \u00e9cosyst\u00e9miques offerts par une biodiversit\u00e9 riche sont nombreux. Ces services sont class\u00e9s en quatre cat\u00e9gories :<\/p>\n\n<ul class=\"wp-block-list\"><li><strong>Les services d&#8217;approvisionnement<\/strong> : incluant la nourriture, l&#8217;eau, et les mati\u00e8res premi\u00e8res.<\/li><li><strong>Les services de r\u00e9gulation<\/strong> : tels que la r\u00e9gulation du climat, le contr\u00f4le des maladies, et la purification de l&#8217;eau.<\/li><li><strong>Les services culturels<\/strong> : espaces de loisirs, inspiration artistique et spirituelle.<\/li><li><strong>Les services de soutien<\/strong> : qui permettent la production des autres services, comme le cycle des nutriments.<\/li><\/ul>\n\n<p>Le lien entre biodiversit\u00e9 et d\u00e9veloppement durable est indissociable. Pour garantir un avenir florissant, il est imp\u00e9ratif d&#8217;inclure la biodiversit\u00e9 dans les strat\u00e9gies de politique publique. Cela pourrait impliquer par exemple la renaissance des pratiques agricoles durables, comme celles promouv\u00e9es par des organisations telles que <strong>Terres d&#8217;Avenir<\/strong> ou <strong>Biocoop<\/strong>. De telles initiatives favorisent non seulement les \u00e9cosyst\u00e8mes, mais augmentent \u00e9galement la r\u00e9silience des agricultures locales face aux al\u00e9as climatiques.<\/p>\n\n<h3 class=\"wp-block-heading\">Menaces contre la biodiversit\u00e9<\/h3>\n\n<p>La biodiversit\u00e9 fait face \u00e0 des menaces sans pr\u00e9c\u00e9dent. Le d\u00e9veloppement urbain, l&#8217;agriculture intensive, et la pollution sont quelques-uns des principaux acteurs de cette crise. Le rapport de la <strong>Plateforme intergouvernementale scientifique et politique sur la biodiversit\u00e9 et les services \u00e9cosyst\u00e9miques<\/strong> (Ipbes) souligne que pr\u00e8s d&#8217;un million d&#8217;esp\u00e8ces sont menac\u00e9es d&#8217;extinction dans les prochaines d\u00e9cennies.<\/p>\n\n<figure class=\"is-provider-youtube is-type-video wp-block-embed wp-block-embed-youtube wp-embed-aspect-16-9 wp-has-aspect-ratio\"><div class=\"wp-block-embed__wrapper\">\n<iframe title=\"Biodiversit\u00e9, quelle importance !\" width=\"1200\" height=\"675\" src=\"https:\/\/www.youtube-nocookie.com\/embed\/wzwdc8P20kg?feature=oembed\" frameborder=\"0\" allow=\"accelerometer; autoplay; clipboard-write; encrypted-media; gyroscope; picture-in-picture; web-share\" referrerpolicy=\"strict-origin-when-cross-origin\" allowfullscreen><\/iframe>\n<\/div><\/figure>\n\n<p>Les cons\u00e9quences de la perte de biodiversit\u00e9 s&#8217;\u00e9tendent bien au-del\u00e0 de la disparition d&#8217;esp\u00e8ces. Elles impactent directement <\/p>\n\n<p>notre nourriture, notre sant\u00e9, et notre bien-\u00eatre. Par exemple, la disparition des abeilles compromet gravement la production de fruits et l\u00e9gumes, mettant ainsi en danger notre s\u00e9curit\u00e9 alimentaire.<\/p>\n\n<h2 class=\"wp-block-heading\">Int\u00e9gration de la biodiversit\u00e9 dans les politiques publiques<\/h2>\n\n<p>Pour faire face \u00e0 la crise actuelle de la biodiversit\u00e9 et au changement climatique, une int\u00e9gration syst\u00e9matique des enjeux biodiversit\u00e9 dans les politiques publiques est n\u00e9cessaire. Cela n\u00e9cessite la collaboration de tous les secteurs, y compris l&#8217;agriculture, l&#8217;urbanisme, et l&#8217;\u00e9ducation, comme le souligne la <a href=\"https:\/\/www.cbd.int\/development\/doc\/sdg-feb2014-info-fr.pdf\">Convention sur la diversit\u00e9 biologique<\/a>.<\/p>\n\n<figure class=\"wp-block-image size-full\"><img decoding=\"async\" width=\"1200\" height=\"686\" src=\"https:\/\/swisstinychalet.ch\/neuch\/wp-content\/uploads\/2025\/08\/developpement-durable-limportance-de-la-biodiversite-2-scaled.jpg\" alt=\"d\u00e9couvrez comment la biodiversit\u00e9 est essentielle au d\u00e9veloppement durable. explorez les enjeux, les b\u00e9n\u00e9fices et les actions \u00e0 entreprendre pour pr\u00e9server notre \u00e9cosyst\u00e8me et favoriser un avenir \u00e9quilibr\u00e9.\" class=\"wp-image-7098\" srcset=\"https:\/\/swisstinychalet.ch\/neuch\/wp-content\/uploads\/2025\/08\/developpement-durable-limportance-de-la-biodiversite-2-scaled.jpg 1200w, https:\/\/swisstinychalet.ch\/neuch\/wp-content\/uploads\/2025\/08\/developpement-durable-limportance-de-la-biodiversite-2-scaled-400x229.jpg 400w, https:\/\/swisstinychalet.ch\/neuch\/wp-content\/uploads\/2025\/08\/developpement-durable-limportance-de-la-biodiversite-2-scaled-768x439.jpg 768w, https:\/\/swisstinychalet.ch\/neuch\/wp-content\/uploads\/2025\/08\/developpement-durable-limportance-de-la-biodiversite-2-scaled-600x343.jpg 600w\" sizes=\"(max-width: 1200px) 100vw, 1200px\" \/><\/figure>\n\n<h3 class=\"wp-block-heading\">Exemples de bonnes pratiques<\/h3>\n\n<p>Des solutions concr\u00e8tes existent d\u00e9j\u00e0 et montrent que l&#8217;int\u00e9gration de la biodiversit\u00e9 dans les politiques publiques peut avoir des effets positifs. Voici quelques exemples :<\/p>\n\n<ul class=\"wp-block-list\"><li><strong>Cr\u00e9ation de r\u00e9serves naturelles<\/strong> : Ces zones prot\u00e9g\u00e9es permettent de pr\u00e9server des habitats et des esp\u00e8ces en danger.<\/li><li><strong>La promotion de l&#8217;agriculture biologique<\/strong> : Des pratiques telles que celles propos\u00e9es par <strong>Ecovia<\/strong> renforcent la biodiversit\u00e9 en utilisant des m\u00e9thodes respectueuses de l&#8217;environnement.<\/li><li><strong>Infrastructures vertes<\/strong> : L&#8217;int\u00e9gration d&#8217;espaces verts dans les zones urbaines, comme les toits v\u00e9g\u00e9talis\u00e9s, peut am\u00e9liorer la qualit\u00e9 de l&#8217;air et cr\u00e9er des habitats pour une vari\u00e9t\u00e9 d&#8217;esp\u00e8ces.<\/li><\/ul>\n\n<p>Ces initiatives encouragent tout un chacun \u00e0 agir en faveur de la biodiversit\u00e9. L&#8217;implication des entreprises, comme <strong>Nature &amp; D\u00e9couvertes<\/strong> qui propose des produits soutenant la conservation, est essentielle pour influencer positivement les comportements des consommateurs tout en g\u00e9n\u00e9rant des b\u00e9n\u00e9fices \u00e9conomiques.<\/p>\n\n\n\n<h2 class=\"wp-block-heading\">Le r\u00f4le de l&#8217;\u00e9ducation et de la sensibilisation<\/h2>\n\n<p>L&#8217;\u00e9ducation \u00e0 la biodiversit\u00e9 joue un r\u00f4le fondamental dans la prise de conscience des enjeux environnementaux. Les programmes \u00e9ducatifs doivent int\u00e9grer la biodiversit\u00e9 dans le cursus scolaire d\u00e8s le plus jeune \u00e2ge. Cela permet de former une g\u00e9n\u00e9ration de citoyens conscients de leur impact \u00e9cologique, tels que ceux sensibilis\u00e9s par des initiatives comme <strong>Greenpeace<\/strong> et leur campagne \u00e9ducative.<\/p>\n\n<figure class=\"wp-block-image size-full\"><img decoding=\"async\" width=\"1200\" height=\"686\" src=\"https:\/\/swisstinychalet.ch\/neuch\/wp-content\/uploads\/2025\/08\/developpement-durable-limportance-de-la-biodiversite-3-scaled.jpg\" alt=\"d\u00e9couvrez comment le d\u00e9veloppement durable est intrins\u00e8quement li\u00e9 \u00e0 la pr\u00e9servation de la biodiversit\u00e9. explorez l&#039;importance des \u00e9cosyst\u00e8mes vari\u00e9s et leur r\u00f4le essentiel pour l&#039;\u00e9quilibre de notre plan\u00e8te. engagez-vous pour un avenir responsable qui valorise la richesse naturelle.\" class=\"wp-image-7099\" srcset=\"https:\/\/swisstinychalet.ch\/neuch\/wp-content\/uploads\/2025\/08\/developpement-durable-limportance-de-la-biodiversite-3-scaled.jpg 1200w, https:\/\/swisstinychalet.ch\/neuch\/wp-content\/uploads\/2025\/08\/developpement-durable-limportance-de-la-biodiversite-3-scaled-400x229.jpg 400w, https:\/\/swisstinychalet.ch\/neuch\/wp-content\/uploads\/2025\/08\/developpement-durable-limportance-de-la-biodiversite-3-scaled-768x439.jpg 768w, https:\/\/swisstinychalet.ch\/neuch\/wp-content\/uploads\/2025\/08\/developpement-durable-limportance-de-la-biodiversite-3-scaled-600x343.jpg 600w\" sizes=\"(max-width: 1200px) 100vw, 1200px\" \/><\/figure>\n\n<h3 class=\"wp-block-heading\">Strat\u00e9gies de sensibilisation efficaces<\/h3>\n\n<p>La sensibilisation \u00e0 la biodiversit\u00e9 peut prendre diff\u00e9rentes formes. Voici quelques m\u00e9thodes qui ont prouv\u00e9 leur efficacit\u00e9 :<\/p>\n\n<ul class=\"wp-block-list\"><li><strong>Ateliers et activit\u00e9s pratiques<\/strong> : Ces exp\u00e9riences immersives permettent aux participants de se connecter directement avec la nature.<\/li><li><strong>\u00c9v\u00e9nements communautaires<\/strong> : Des \u00e9v\u00e9nements tels que des journ\u00e9es de nettoyage ou des foires de biodiversit\u00e9 renforcent les liens sociaux tout en sensibilisant.<\/li><li><strong>Outils num\u00e9riques<\/strong> : Des applications ou ressources en ligne, par exemple, celles d\u00e9velopp\u00e9es par <strong>Ecover<\/strong>, facilitent l\u2019acc\u00e8s \u00e0 des informations sur les pratiques durables.<\/li><\/ul>\n\n<p>La combinaison de ces approches peut transformer la vision de la biodiversit\u00e9 dans l&#8217;esprit du grand public. Une soci\u00e9t\u00e9 inform\u00e9e et engag\u00e9e est alors en mesure d&#8217;exercer une pression sur les d\u00e9cideurs pour qu&#8217;ils adoptent des politiques favorables \u00e0 la pr\u00e9servation de l&#8217;environnement.<\/p>\n\n<h2 class=\"wp-block-heading\">Innovations pour un avenir durable<\/h2>\n\n<p>Le futur de notre plan\u00e8te d\u00e9pend aussi de la mani\u00e8re dont les innovations technologiques peuvent renforcer les initiatives de pr\u00e9servation de la biodiversit\u00e9. De nouveaux produits et services soutenant la durabilit\u00e9 \u00e9mergent sur le march\u00e9, comme ceux offerts par <strong>La Fourche<\/strong> et <strong>Ethiquable<\/strong>, qui proposent des alternatives respectueuses de l&#8217;environnement.<\/p>\n\n\n\n<h3 class=\"wp-block-heading\">Des innovations \u00e0 consid\u00e9rer<\/h3>\n\n<p>Certaines innovations peuvent jouer un r\u00f4le cl\u00e9 dans la protection de la biodiversit\u00e9 :<\/p>\n\n<ul class=\"wp-block-list\"><li><strong>Biotechnologie<\/strong> : Les avanc\u00e9es dans ce domaine permettent de restaurer des esp\u00e8ces en danger et de renforcer la r\u00e9silience des cultures.<\/li><li><strong>\u00c9conomie circulaire<\/strong> : En promouvant le recyclage et la r\u00e9utilisation, cette approche r\u00e9duit la pression sur les ressources naturelles.<\/li><li><strong>Smart farming<\/strong> : Utilisation de technologies pour optimiser les rendements tout en pr\u00e9servant les \u00e9cosyst\u00e8mes.<\/li><\/ul>\n\n<p>L&#8217;adoption de ces technologies n\u00e9cessite un changement dans la fa\u00e7on dont les entreprises fonctionnent et fonctionnent avec notre environnement naturel. Les entreprises doivent se voir comme des parties prenantes dans la pr\u00e9servation de la biodiversit\u00e9, adoptant des pratiques commerciales durables.<\/p>\n\n<p>Face aux enjeux croissants, le d\u00e9fi reste monumental. Cela n\u00e9cessite des efforts collectifs \u00e0 l&#8217;\u00e9chelle mondiale pour tordre le bras des croyances traditionnelles sur le d\u00e9veloppement \u00e9conomique. S&#8217;attaquer \u00e0 la question de la biodiversit\u00e9 est, sans aucun doute, une question de survie \u00e0 long terme.<\/p>\n\n","protected":false},"excerpt":{"rendered":"","protected":false},"author":7,"featured_media":7096,"comment_status":"open","ping_status":"close","sticky":false,"template":"","format":"standard","meta":{"_seopress_robots_primary_cat":"","_seopress_titles_title":"D\u00e9veloppement durable et biodiversit\u00e9 : un duo essentiel pour l'avenir","_seopress_titles_desc":"D\u00e9couvrez pourquoi la biodiversit\u00e9 est essentielle au d\u00e9veloppement durable et comment elle contribue \u00e0 pr\u00e9server notre plan\u00e8te pour l'avenir.","_seopress_robots_index":"","footnotes":""},"categories":[1545],"tags":[],"class_list":["post-7100","post","type-post","status-publish","format-standard","has-post-thumbnail","hentry","category-neuchcup-fr","generate-columns","tablet-grid-50","mobile-grid-100","grid-parent","grid-33"],"_links":{"self":[{"href":"https:\/\/swisstinychalet.ch\/neuch\/wp-json\/wp\/v2\/posts\/7100","targetHints":{"allow":["GET"]}}],"collection":[{"href":"https:\/\/swisstinychalet.ch\/neuch\/wp-json\/wp\/v2\/posts"}],"about":[{"href":"https:\/\/swisstinychalet.ch\/neuch\/wp-json\/wp\/v2\/types\/post"}],"author":[{"embeddable":true,"href":"https:\/\/swisstinychalet.ch\/neuch\/wp-json\/wp\/v2\/users\/7"}],"replies":[{"embeddable":true,"href":"https:\/\/swisstinychalet.ch\/neuch\/wp-json\/wp\/v2\/comments?post=7100"}],"version-history":[{"count":0,"href":"https:\/\/swisstinychalet.ch\/neuch\/wp-json\/wp\/v2\/posts\/7100\/revisions"}],"wp:featuredmedia":[{"embeddable":true,"href":"https:\/\/swisstinychalet.ch\/neuch\/wp-json\/wp\/v2\/media\/7096"}],"wp:attachment":[{"href":"https:\/\/swisstinychalet.ch\/neuch\/wp-json\/wp\/v2\/media?parent=7100"}],"wp:term":[{"taxonomy":"category","embeddable":true,"href":"https:\/\/swisstinychalet.ch\/neuch\/wp-json\/wp\/v2\/categories?post=7100"},{"taxonomy":"post_tag","embeddable":true,"href":"https:\/\/swisstinychalet.ch\/neuch\/wp-json\/wp\/v2\/tags?post=7100"}],"curies":[{"name":"wp","href":"https:\/\/api.w.org\/{rel}","templated":true}]}}