{"id":7110,"date":"2025-08-06T14:52:48","date_gmt":"2025-08-06T09:22:48","guid":{"rendered":"https:\/\/swisstinychalet.ch\/neuch\/developpement-durable-et-energies-renouvelables-une-alliance-necessaire"},"modified":"2025-08-06T14:52:48","modified_gmt":"2025-08-06T09:22:48","slug":"developpement-durable-et-energies-renouvelables-une-alliance-necessaire","status":"publish","type":"post","link":"https:\/\/swisstinychalet.ch\/neuch\/developpement-durable-et-energies-renouvelables-une-alliance-necessaire","title":{"rendered":"D\u00e9veloppement durable et \u00e9nergies renouvelables : une alliance n\u00e9cessaire"},"content":{"rendered":"<p>La synergie entre le d\u00e9veloppement durable et les \u00e9nergies renouvelables est devenue une n\u00e9cessit\u00e9 imp\u00e9rieuse \u00e0 l\u2019\u00e9chelle mondiale. Les enjeux environnementaux, \u00e9conomiques et sociaux sont plus pressants que jamais, cr\u00e9ant un besoin urgent d\u2019une transition vers un mod\u00e8le \u00e9nerg\u00e9tique durable. Les chiffres parlent d\u2019eux-m\u00eames : selon les projections, d\u2019ici \u00e0 2030, pr\u00e8s de 660 millions de personnes n&#8217;auront toujours pas acc\u00e8s \u00e0 l&#8217;\u00e9lectricit\u00e9, et environ 2 milliards seront encore tributaires de sources d&#8217;\u00e9nergie polluantes. Cette r\u00e9alit\u00e9 \u00e9tablit un lien direct entre l&#8217;acc\u00e8s \u00e0 l&#8217;\u00e9nergie et les objectifs de d\u00e9veloppement durable.<\/p>\n\n<h2 class=\"wp-block-heading\">D\u00e9veloppement durable et \u00e9nergies renouvelables : un avenir prometteur<\/h2>\n\n<p>Le mariage entre le d\u00e9veloppement durable et les \u00e9nergies renouvelables appara\u00eet comme un gage d&#8217;avenir. En exploitant des \u00e9l\u00e9ments tels que le soleil, le vent, l&#8217;eau et la biomasse, on ne peut que contribuer \u00e0 un syst\u00e8me \u00e9nerg\u00e9tique plus respectueux de l&#8217;environnement. La croissance des \u00e9nergies renouvelables consomme moins de ressources non renouvelables, diminue les \u00e9missions de gaz \u00e0 effet de serre et encourage la r\u00e9silience des syst\u00e8mes \u00e9nerg\u00e9tiques.<\/p>\n\n<figure class=\"wp-block-image size-full\"><img decoding=\"async\" width=\"1200\" height=\"686\" src=\"https:\/\/swisstinychalet.ch\/neuch\/wp-content\/uploads\/2025\/08\/developpement-durable-et-energies-renouvelables-une-alliance-necessaire-1-scaled.jpg\" alt=\"d\u00e9couvrez comment le d\u00e9veloppement durable et les \u00e9nergies renouvelables se conjuguent pour b\u00e2tir un avenir respectueux de l&#039;environnement. explorez les synergies et les solutions innovantes qui favorisent une croissance durable tout en pr\u00e9servant notre plan\u00e8te.\" class=\"wp-image-7107\" srcset=\"https:\/\/swisstinychalet.ch\/neuch\/wp-content\/uploads\/2025\/08\/developpement-durable-et-energies-renouvelables-une-alliance-necessaire-1-scaled.jpg 1200w, https:\/\/swisstinychalet.ch\/neuch\/wp-content\/uploads\/2025\/08\/developpement-durable-et-energies-renouvelables-une-alliance-necessaire-1-scaled-400x229.jpg 400w, https:\/\/swisstinychalet.ch\/neuch\/wp-content\/uploads\/2025\/08\/developpement-durable-et-energies-renouvelables-une-alliance-necessaire-1-scaled-768x439.jpg 768w, https:\/\/swisstinychalet.ch\/neuch\/wp-content\/uploads\/2025\/08\/developpement-durable-et-energies-renouvelables-une-alliance-necessaire-1-scaled-600x343.jpg 600w\" sizes=\"(max-width: 1200px) 100vw, 1200px\" \/><\/figure>\n\n<h3 class=\"wp-block-heading\">Les atouts ind\u00e9niables des \u00e9nergies renouvelables<\/h3>\n\n<p>Les \u00e9nergies renouvelables repr\u00e9sentent des solutions concr\u00e8tes et efficaces pour atteindre les objectifs du d\u00e9veloppement durable. Parmi les preuves de leur potentiel, plusieurs aspects doivent \u00eatre mis en lumi\u00e8re :<\/p>\n\n<ul class=\"wp-block-list\"><li><strong>\u00c9conomie d&#8217;\u00e9nergie<\/strong> : L&#8217;adoption d&#8217;\u00e9nergies renouvelables permet de r\u00e9duire significativement la d\u00e9pendance aux combustibles fossiles, souvent instables en termes de prix.<\/li><li><strong>R\u00e9duction des \u00e9missions<\/strong> : En rempla\u00e7ant les \u00e9nergies polluantes, les \u00e9nergies renouvelables contribuent \u00e0 la lutte contre le changement climatique.<\/li><li><strong>Cr\u00e9ation d&#8217;emplois<\/strong> : La transition \u00e9nerg\u00e9tique entra\u00eene la cr\u00e9ation de nombreux emplois, allant des travailleurs dans l&#8217;installation de panneaux solaires aux ing\u00e9nieurs en recherche et d\u00e9veloppement.<\/li><li><strong>Acc\u00e8s universel \u00e0 l&#8217;\u00e9nergie<\/strong> : Une attention particuli\u00e8re doit \u00eatre port\u00e9e \u00e0 l&#8217;\u00e9lectrification des r\u00e9gions recul\u00e9es, l\u00e0 o\u00f9 l&#8217;acc\u00e8s \u00e0 une \u00e9nergie propre reste un d\u00e9fi majeur.<\/li><\/ul>\n\n<p>Dans ce contexte, des entreprises comme <strong>EDF<\/strong>, <strong>TotalEnergies<\/strong> et <strong>ENGIE<\/strong> ont intensifi\u00e9 leurs efforts pour investir massivement dans les renouvelables, tout en travaillant en collaboration avec des acteurs tels que <strong>Greenpeace<\/strong> pour accro\u00eetre l&#8217;impact environnemental de leurs projets.<\/p>\n\n<h3 class=\"wp-block-heading\">Le cadre r\u00e9glementaire, cl\u00e9 de la transition<\/h3>\n\n<p>Le d\u00e9veloppement d&#8217;un cadre r\u00e9glementaire solide est essentiel pour accompagner ces \u00e9volutions. Les gouvernements doivent \u00e9tablir des politiques incitatives, fixer des objectifs clairs et mobiliser des financements pour encourager la transition vers les \u00e9nergies renouvelables. Les initiatives priv\u00e9es, \u00e0 l&#8217;image des actions men\u00e9es par <strong>Veolia<\/strong> ou <strong>Suez<\/strong>, doivent s&#8217;inscrire dans cette dynamique. Le soutien aupr\u00e8s de ces acteurs permet d\u2019optimiser les infrastructures et de promouvoir un engagement fort en mati\u00e8re de d\u00e9veloppement durable.<\/p>\n\n<figure class=\"is-provider-youtube is-type-video wp-block-embed wp-block-embed-youtube wp-embed-aspect-16-9 wp-has-aspect-ratio\"><div class=\"wp-block-embed__wrapper\">\n<iframe title=\"Les \u00e9nergies renouvelables \u00e0 100% peuvent-elles alimenter le monde? - Federico Rosei &amp; Renzo Rosei\" width=\"1200\" height=\"675\" src=\"https:\/\/www.youtube-nocookie.com\/embed\/ayeQNIrJd9g?feature=oembed\" frameborder=\"0\" allow=\"accelerometer; autoplay; clipboard-write; encrypted-media; gyroscope; picture-in-picture; web-share\" referrerpolicy=\"strict-origin-when-cross-origin\" allowfullscreen><\/iframe>\n<\/div><\/figure>\n\n<h2 class=\"wp-block-heading\">Les d\u00e9fis li\u00e9s \u00e0 la transition \u00e9nerg\u00e9tique<\/h2>\n\n<p>Transitionner vers un mod\u00e8le \u00e9nerg\u00e9tique durable n\u2019est pas sans obstacles. Les d\u00e9fis techniques, \u00e9conomiques et sociopolitiques doivent \u00eatre confront\u00e9s de front afin d&#8217;assurer la durabilit\u00e9 des innovations. En 2025, les pays en d\u00e9veloppement enregistrent une croissance de 9,6 % des installations d&#8217;\u00e9nergies renouvelables, mais la lutte pour un acc\u00e8s \u00e9quitable aux sources d&#8217;\u00e9nergie reste une priorit\u00e9.<\/p>\n\n<figure class=\"wp-block-image size-full\"><img decoding=\"async\" width=\"1200\" height=\"686\" src=\"https:\/\/swisstinychalet.ch\/neuch\/wp-content\/uploads\/2025\/08\/developpement-durable-et-energies-renouvelables-une-alliance-necessaire-2-scaled.jpg\" alt=\"d\u00e9couvrez comment le d\u00e9veloppement durable et les \u00e9nergies renouvelables forment une alliance essentielle pour garantir un avenir \u00e9cologique. explorez les synergies entre ces deux concepts et leur impact positif sur la plan\u00e8te et les g\u00e9n\u00e9rations futures.\" class=\"wp-image-7108\" srcset=\"https:\/\/swisstinychalet.ch\/neuch\/wp-content\/uploads\/2025\/08\/developpement-durable-et-energies-renouvelables-une-alliance-necessaire-2-scaled.jpg 1200w, https:\/\/swisstinychalet.ch\/neuch\/wp-content\/uploads\/2025\/08\/developpement-durable-et-energies-renouvelables-une-alliance-necessaire-2-scaled-400x229.jpg 400w, https:\/\/swisstinychalet.ch\/neuch\/wp-content\/uploads\/2025\/08\/developpement-durable-et-energies-renouvelables-une-alliance-necessaire-2-scaled-768x439.jpg 768w, https:\/\/swisstinychalet.ch\/neuch\/wp-content\/uploads\/2025\/08\/developpement-durable-et-energies-renouvelables-une-alliance-necessaire-2-scaled-600x343.jpg 600w\" sizes=\"(max-width: 1200px) 100vw, 1200px\" \/><\/figure>\n\n<h3 class=\"wp-block-heading\">Les principaux d\u00e9fis rencontr\u00e9s<\/h3>\n\n<p>Voici une liste non exhaustive des d\u00e9fis qui freinent la transition :<\/p>\n\n<ul class=\"wp-block-list\"><li><strong>Financement<\/strong> : Les flux financiers destin\u00e9s aux projets d&#8217;\u00e9nergies propres sont en d\u00e9clin, rendant difficile le d\u00e9ploiement \u00e0 grande \u00e9chelle.<\/li><li><strong>Infrastructure obsol\u00e8te<\/strong> : Une grande partie des infrastructures \u00e9nerg\u00e9tiques mondiales est vieille et n\u2019est pas adapt\u00e9e aux nouvelles technologies.<\/li><li><strong>\u00c9ducation et comp\u00e9tence<\/strong> : Il manque de personnel qualifi\u00e9 pour g\u00e9rer et installer des syst\u00e8mes d\u2019\u00e9nergie renouvelable, freinant leur d\u00e9veloppement.<\/li><li><strong>R\u00e9sistance culturelle<\/strong> : Les populations locales peuvent montrer des r\u00e9ticences face \u00e0 ces changements, n\u00e9cessitant des approches adapt\u00e9es en mati\u00e8re de sensibilisation.<\/li><\/ul>\n\n<p>Pour surmonter ces d\u00e9fis, les solutions doivent venir d\u2019une coop\u00e9ration \u00e9clair\u00e9e. En 2025, un appel \u00e0 l&#8217;acc\u00e9l\u00e9ration de l&#8217;\u00e9lectrification des pays les moins avanc\u00e9s et une am\u00e9lioration des politiques \u00e9nerg\u00e9tiques est plus que jamais d\u2019actualit\u00e9.<\/p>\n\n<h3 class=\"wp-block-heading\">Strat\u00e9gies d&#8217;intervention<\/h3>\n\n<p>Pour relever ces d\u00e9fis, plusieurs strat\u00e9gies doivent \u00eatre mises en \u0153uvre :<\/p>\n\n<figure class=\"wp-block-table\"><table>\n<thead>\n<tr>\n<th>Strat\u00e9gie<\/th>\n<th>Description<\/th>\n<\/tr>\n<\/thead>\n<tbody>\n<tr>\n<td>Investissements accrus<\/td>\n<td>Mobiliser des fonds dans les infrastructures et technologies \u00e9nerg\u00e9tiques renouvelables.<\/td>\n<\/tr>\n<tr>\n<td>Partenariats public-priv\u00e9<\/td>\n<td>Cultiver des alliances pour partager expertise et ressources.<\/td>\n<\/tr>\n<tr>\n<td>Sensibilisation et formation<\/td>\n<td>Promouvoir des programmes \u00e9ducatifs pour former des gestes durables.<\/td>\n<\/tr>\n<tr>\n<td>Technologies innovantes<\/td>\n<td>Adopter des solutions technologiques avanc\u00e9es permettant une meilleure efficacit\u00e9 \u00e9nerg\u00e9tique.<\/td>\n<\/tr>\n<\/tbody>\n<\/table><\/figure>\n\n<h2 class=\"wp-block-heading\">Les avantages environnementaux des \u00e9nergies renouvelables<\/h2>\n\n<p>Adopter des \u00e9nergies renouvelables pr\u00e9sente des b\u00e9n\u00e9fices environnementaux ind\u00e9niables. Les efforts pour r\u00e9duire l&#8217;empreinte carbone sont directement li\u00e9s \u00e0 la transition \u00e9nerg\u00e9tique, apportant des solutions durables \u00e0 des probl\u00e9matiques critiques telles que la d\u00e9forestation et la pollution de l&#8217;air.<\/p>\n\n<figure class=\"wp-block-image size-full\"><img decoding=\"async\" width=\"1200\" height=\"686\" src=\"https:\/\/swisstinychalet.ch\/neuch\/wp-content\/uploads\/2025\/08\/developpement-durable-et-energies-renouvelables-une-alliance-necessaire-3-scaled.jpg\" alt=\"d\u00e9couvrez comment le d\u00e9veloppement durable et les \u00e9nergies renouvelables s&#039;unissent pour construire un avenir respectueux de l&#039;environnement. explorez les enjeux, les solutions innovantes et l&#039;importance de cette alliance indispensable pour notre plan\u00e8te.\" class=\"wp-image-7109\" srcset=\"https:\/\/swisstinychalet.ch\/neuch\/wp-content\/uploads\/2025\/08\/developpement-durable-et-energies-renouvelables-une-alliance-necessaire-3-scaled.jpg 1200w, https:\/\/swisstinychalet.ch\/neuch\/wp-content\/uploads\/2025\/08\/developpement-durable-et-energies-renouvelables-une-alliance-necessaire-3-scaled-400x229.jpg 400w, https:\/\/swisstinychalet.ch\/neuch\/wp-content\/uploads\/2025\/08\/developpement-durable-et-energies-renouvelables-une-alliance-necessaire-3-scaled-768x439.jpg 768w, https:\/\/swisstinychalet.ch\/neuch\/wp-content\/uploads\/2025\/08\/developpement-durable-et-energies-renouvelables-une-alliance-necessaire-3-scaled-600x343.jpg 600w\" sizes=\"(max-width: 1200px) 100vw, 1200px\" \/><\/figure>\n\n<h3 class=\"wp-block-heading\">Impact positif sur l&#8217;environnement<\/h3>\n\n<p>Les avantages des \u00e9nergies renouvelables peuvent \u00eatre r\u00e9sum\u00e9s ainsi :<\/p>\n\n<ul class=\"wp-block-list\"><li><strong>Qualit\u00e9 de l&#8217;air am\u00e9lior\u00e9e<\/strong> : Les \u00e9nergies renouvelables, en tant qu&#8217;alternatives, r\u00e9duisent les \u00e9missions de polluants atmosph\u00e9riques, entra\u00eenant une meilleure sant\u00e9 publique.<\/li><li><strong>Conservation de la biodiversit\u00e9<\/strong> : Des projets bien planifi\u00e9s minimisent les impacts n\u00e9gatifs sur les \u00e9cosyst\u00e8mes locaux.<\/li><li><strong>R\u00e9duction de la consommation de ressources<\/strong> : Les \u00e9nergies renouvelables limitent le recours \u00e0 des ressources non renouvelables, pr\u00e9servant les r\u00e9serves pour les g\u00e9n\u00e9rations futures.<\/li><li><strong>Combat contre le r\u00e9chauffement climatique<\/strong> : En rempla\u00e7ant les combustibles fossiles, elles jouent un r\u00f4le crucial dans la lutte contre le changement climatique.<\/li><\/ul>\n\n<p>La conservation des ressources et la pr\u00e9servation de l\u2019environnement doivent d\u00e9sormais s&#8217;ancrer dans l\u2019esprit collectif des populations. Par cons\u00e9quent, des entreprises comme <strong>Neoen<\/strong> et <strong>Coriance<\/strong> se sont engag\u00e9es \u00e0 produire en privil\u00e9giant les m\u00e9thodes durables, et \u00e0 \u00eatre les pionni\u00e8res de l&#8217;\u00e9nergie verte dans leur secteur.<\/p>\n\n<h3 class=\"wp-block-heading\">Le r\u00f4le des citoyens dans la transition<\/h3>\n\n<p>Enfin, il est essentiel de souligner l&#8217;importance du r\u00f4le des citoyens dans la transition \u00e9nerg\u00e9tique. Tous les individus peuvent contribuer \u00e0 un avenir plus durable par des gestes simples, mais significatifs, tels que :<\/p>\n\n<ol class=\"wp-block-list\"><li>R\u00e9duire la consommation d&#8217;\u00e9nergie \u00e0 la maison.<\/li><li>Privil\u00e9gier les transports propres (marche, v\u00e9lo, transports en commun).<\/li><li>Participer \u00e0 des initiatives de recyclage et de compostage.<\/li><li>Soutenir des entreprises \u00e9coresponsables.<\/li><\/ol>\n\n<p>Le changement commence dans votre quotidien. \u00c0 mesure que de plus en plus d&#8217;individus adoptent des comportements responsables, la pression sur les entreprises et les gouvernements pour agir en faveur d&#8217;une transition durable augmentera.<\/p>\n\n<h2 class=\"wp-block-heading\">Conclusion<\/h2>\n\n<p>\u00c0 ce stade, il est inutile de pr\u00e9ciser que d\u00e9velopper un avenir durable et bas\u00e9 sur les \u00e9nergies renouvelables est incontournable. Les d\u00e9fis sont soup\u00e7onn\u00e9s; les solutions existent et peuvent \u00eatre mises en \u0153uvre dans les plus brefs d\u00e9lais. Ces efforts collectifs, qu\u2019ils proviennent de gouvernements, d\u2019entreprises ou d\u2019individus, seront cruciaux pour garantir un acc\u00e8s universel \u00e0 une \u00e9nergie s\u00fbre, propre et abordable d&#8217;ici 2030.<\/p>\n\n","protected":false},"excerpt":{"rendered":"","protected":false},"author":7,"featured_media":7106,"comment_status":"open","ping_status":"close","sticky":false,"template":"","format":"standard","meta":{"_seopress_robots_primary_cat":"","_seopress_titles_title":"L'union \u00e9coresponsable : \u00e9nergies renouvelables et d\u00e9veloppement durable","_seopress_titles_desc":"D\u00e9couvrez pourquoi le d\u00e9veloppement durable et les \u00e9nergies renouvelables sont essentiels pour un avenir plus respectueux de l'environnement.","_seopress_robots_index":"","footnotes":""},"categories":[1545],"tags":[],"class_list":["post-7110","post","type-post","status-publish","format-standard","has-post-thumbnail","hentry","category-neuchcup-fr","generate-columns","tablet-grid-50","mobile-grid-100","grid-parent","grid-33"],"_links":{"self":[{"href":"https:\/\/swisstinychalet.ch\/neuch\/wp-json\/wp\/v2\/posts\/7110","targetHints":{"allow":["GET"]}}],"collection":[{"href":"https:\/\/swisstinychalet.ch\/neuch\/wp-json\/wp\/v2\/posts"}],"about":[{"href":"https:\/\/swisstinychalet.ch\/neuch\/wp-json\/wp\/v2\/types\/post"}],"author":[{"embeddable":true,"href":"https:\/\/swisstinychalet.ch\/neuch\/wp-json\/wp\/v2\/users\/7"}],"replies":[{"embeddable":true,"href":"https:\/\/swisstinychalet.ch\/neuch\/wp-json\/wp\/v2\/comments?post=7110"}],"version-history":[{"count":0,"href":"https:\/\/swisstinychalet.ch\/neuch\/wp-json\/wp\/v2\/posts\/7110\/revisions"}],"wp:featuredmedia":[{"embeddable":true,"href":"https:\/\/swisstinychalet.ch\/neuch\/wp-json\/wp\/v2\/media\/7106"}],"wp:attachment":[{"href":"https:\/\/swisstinychalet.ch\/neuch\/wp-json\/wp\/v2\/media?parent=7110"}],"wp:term":[{"taxonomy":"category","embeddable":true,"href":"https:\/\/swisstinychalet.ch\/neuch\/wp-json\/wp\/v2\/categories?post=7110"},{"taxonomy":"post_tag","embeddable":true,"href":"https:\/\/swisstinychalet.ch\/neuch\/wp-json\/wp\/v2\/tags?post=7110"}],"curies":[{"name":"wp","href":"https:\/\/api.w.org\/{rel}","templated":true}]}}