{"id":7128,"date":"2025-08-07T12:49:04","date_gmt":"2025-08-07T07:19:04","guid":{"rendered":"https:\/\/swisstinychalet.ch\/neuch\/eva-gaillot-raconte-comment-son-pere-a-adopte-instagram-pour-decouvrir-ses-recettes-vegetaliennes"},"modified":"2025-08-07T12:49:04","modified_gmt":"2025-08-07T07:19:04","slug":"eva-gaillot-raconte-comment-son-pere-a-adopte-instagram-pour-decouvrir-ses-recettes-vegetaliennes","status":"publish","type":"post","link":"https:\/\/swisstinychalet.ch\/neuch\/eva-gaillot-raconte-comment-son-pere-a-adopte-instagram-pour-decouvrir-ses-recettes-vegetaliennes","title":{"rendered":"Eva Gaillot raconte comment son p\u00e8re a adopt\u00e9 Instagram pour d\u00e9couvrir ses recettes v\u00e9g\u00e9taliennes"},"content":{"rendered":"<p>Eva Gaillot, ambassadrice de la cuisine saine et vegan, a eu une belle surprise lorsque son p\u00e8re a d\u00e9cid\u00e9 de s&#8217;inscrire sur <strong>Instagram<\/strong>. Motiv\u00e9 par l&#8217;envie de suivre les <strong>recettes v\u00e9g\u00e9taliennes<\/strong> qu&#8217;elle partage sur son compte, il s&#8217;est plong\u00e9 dans l&#8217;univers des r\u00e9seaux sociaux. Ce geste t\u00e9moigne non seulement de son soutien \u00e0 la d\u00e9marche de sa fille, mais aussi de l&#8217;importance croissante des <strong>r\u00e9seaux sociaux<\/strong> dans la d\u00e9couverte de la gastronomie <strong>vegan<\/strong> moderne.<\/p>\n\n\n\n<h2 class=\"wp-block-heading\">Un p\u00e8re qui suit l&#8217;influence de sa fille<\/h2>\n\n<p>La connexion entre un p\u00e8re et sa fille peut parfois r\u00e9v\u00e9ler des surprises inattendues. Pour *Eva Gaillot*, c\u00e9l\u00e8bre chef cuisini\u00e8re sp\u00e9cialis\u00e9e en cuisine vegan, son p\u00e8re a emprunt\u00e9 un chemin \u00e9tonnant en adoptant Instagram. Ce n&#8217;est pas seulement pour se tenir au courant des derni\u00e8res tendances, mais pour d\u00e9couvrir et appr\u00e9cier les recettes v\u00e9g\u00e9taliennes qu&#8217;Eva partage avec passion.<\/p>\n\n<h2 class=\"wp-block-heading\">Le parcours d&#8217;Eva<\/h2>\n\n<p>*Eva Gaillot*, originaire de <strong>Mougins<\/strong>, a fait un long chemin depuis sa jeunesse. Apr\u00e8s avoir explor\u00e9 de nouvelles cultures et cuisines en Inde, elle a d\u00e9cid\u00e9 de se lancer dans le v\u00e9g\u00e9talisme, en pr\u00f4nant une alimentation <strong>saine<\/strong> et <strong>\u00e9thique<\/strong>. Elle a choisi Instagram comme plateforme pour diffuser son art culinaire, cr\u00e9ant ainsi une communaut\u00e9 autour de ses id\u00e9es nutritionnelles et de ses recettes color\u00e9es. Aujourd&#8217;hui, @thefrenchcoconut est un compte qui inspire des milliers de personnes \u00e0 adopter une cuisine respectueuse de l&#8217;environnement.<\/p>\n\n<h2 class=\"wp-block-heading\">Un lien renforc\u00e9 par les recettes<\/h2>\n\n<p>Ce qui est particuli\u00e8rement touchant, c&#8217;est la mani\u00e8re dont *son p\u00e8re* a r\u00e9pondu \u00e0 cet \u00e9lan cr\u00e9atif. En s&#8217;inscrivant sur Instagram, il a non seulement souhait\u00e9 suivre le parcours de sa fille, mais il a \u00e9galement cherch\u00e9 \u00e0 s&#8217;impliquer dans sa d\u00e9marche. Cela lui a permis de d\u00e9couvrir un monde de saveurs qu&#8217;il n&#8217;aurait peut-\u00eatre pas explor\u00e9 autrement. Les interactions quotidiennes entre *Eva* et son p\u00e8re au sujet de la cuisine cr\u00e9ent une dynamique chaleureuse et gustative au sein de leur famille.<\/p>\n\n<h2 class=\"wp-block-heading\">Les recettes en vedette<\/h2>\n\n<p>Parmi les nombreuses cr\u00e9ations qu&#8217;Eva partage, son fameux tian de l\u00e9gumes a particuli\u00e8rement captiv\u00e9 son audience, tout comme sa tarte \u00e0 la cr\u00e8me de coco et au chocolat cru. Celles-ci illustrent bien sa capacit\u00e9 \u00e0 allier esth\u00e9tique et saveurs raffin\u00e9es. Son ingr\u00e9dient f\u00e9tiche, la <strong>noix de coco<\/strong>, se retrouve dans de nombreuses pr\u00e9parations, prouvant ainsi son engagement \u00e0 valoriser des produits naturels et accessibles.<\/p>\n\n<h2 class=\"wp-block-heading\">Un p\u00e8re inspir\u00e9<\/h2>\n\n<p>Ce lien privil\u00e9gi\u00e9 et l&#8217;int\u00e9r\u00eat que *son p\u00e8re* manifeste pour la cuisine v\u00e9g\u00e9talienne ne sont pas \u00e0 prendre \u00e0 la l\u00e9g\u00e8re. Cela traduit un changement d&#8217;\u00e9tat d&#8217;esprit, un passage vers une <strong>alimentation consciente<\/strong> et aussi une belle illustration de la fa\u00e7on dont la cuisine peut rapprocher les g\u00e9n\u00e9rations. Eva consid\u00e8re ce soutien comme un tremplin pour partager son message autour de l&#8217;importance de consommer bio et local, tout en luttant contre le plastique qui pollue les rayons de supermarch\u00e9s.<\/p>\n\n<h2 class=\"wp-block-heading\">Une communaut\u00e9 en pleine expansion<\/h2>\n\n<p>Au-del\u00e0 de sa propre famille, *Eva* sait aussi que son influence s&#8217;\u00e9tend bien au-del\u00e0 des fronti\u00e8res familiales. Avec plus de 24 500 abonn\u00e9s, elle a berc\u00e9 la communaut\u00e9 autour de valeurs partag\u00e9es comme la <strong>durabilit\u00e9<\/strong> et le <strong>respect de l&#8217;environnement<\/strong>. Sa page devient alors un v\u00e9ritable sanctuaire de bonnes pratiques et d\u2019\u00e9changes chaleureux, illumin\u00e9 par des recettes qui \u00e9veillent les papilles et font \u00e9cho aux pr\u00e9occupations \u00e9cologiques. <\/p>\n\n<p>Suite \u00e0 cette belle aventure, il est passionnant de voir comment l&#8217;utilisation des r\u00e9seaux sociaux, comme Instagram, peut tendre des ponts entre les g\u00e9n\u00e9rations et encourager des choix de vie plus sains.<\/p>\n\n<p>&#8220;`html\n<\/p>\n\n<h2 class=\"wp-block-heading\">Portrait d&#8217;une Ambassadrice de la Cuisine \u00c9coresponsable<\/h2>\n\n<figure class=\"wp-block-table\"><table>\n<tr>\n<td>\ud83c\udf0d<\/td>\n<td><strong>Nom :<\/strong> Eva Gaillot<\/td>\n<\/tr>\n<tr>\n<td>\ud83d\udcc8<\/td>\n<td><strong>Abonn\u00e9s Insta :<\/strong> 24.500<\/td>\n<\/tr>\n<tr>\n<td>\ud83c\udf7d\ufe0f<\/td>\n<td><strong>Style Culinaire :<\/strong> Cuisine v\u00e9g\u00e9talienne, g\u00e9n\u00e9reuse et gourmande<\/td>\n<\/tr>\n<tr>\n<td>\ud83d\udee4\ufe0f<\/td>\n<td><strong>Inspiration :<\/strong> Racines du Sud-Est de la France et cuisine m\u00e9diterran\u00e9enne<\/td>\n<\/tr>\n<tr>\n<td>\ud83e\udd57<\/td>\n<td><strong>Recette la plus aim\u00e9e :<\/strong> Tian de l\u00e9gumes<\/td>\n<\/tr>\n<tr>\n<td>\ud83c\udf70<\/td>\n<td><strong>Recette f\u00e9tiche :<\/strong> Raw coco cacao tart<\/td>\n<\/tr>\n<tr>\n<td>\ud83e\udd65<\/td>\n<td><strong>Ingr\u00e9dient f\u00e9tiche :<\/strong> Noix de coco<\/td>\n<\/tr>\n<tr>\n<td>\ud83c\udf70<\/td>\n<td><strong>P\u00e9ch\u00e9 mignon :<\/strong> Douceurs de VG P\u00e2tisserie<\/td>\n<\/tr>\n<tr>\n<td>\ud83d\ude45\u200d\u2640\ufe0f<\/td>\n<td><strong>Aversion :<\/strong> Manque d&#8217;ouverture d&#8217;esprit<\/td>\n<\/tr>\n<tr>\n<td>\ud83e\udd63<\/td>\n<td><strong>It recette :<\/strong> A\u00e7a\u00ef bowls<\/td>\n<\/tr>\n<tr>\n<td>\ud83c\udf3f<\/td>\n<td><strong>Astuces Cuisine :<\/strong> Utiliser des herbes fra\u00eeches<\/td>\n<\/tr>\n<tr>\n<td>\ud83c\udfc3\u200d\u2640\ufe0f<\/td>\n<td><strong>Rituel heathy :<\/strong> Yoga, randonn\u00e9es, marche<\/td>\n<\/tr>\n<tr>\n<td>\ud83e\uddd8<\/td>\n<td><strong>Routine antistress :<\/strong> M\u00e9ditation et matcha latte<\/td>\n<\/tr>\n<tr>\n<td>\ud83e\udd66<\/td>\n<td><strong>March\u00e9 pr\u00e9f\u00e9r\u00e9 :<\/strong> March\u00e9 biologique des Batignolles<\/td>\n<\/tr>\n<tr>\n<td>\ud83d\udc68\u200d\ud83d\udc67\u200d\ud83d\udc66<\/td>\n<td><strong>Follower fier :<\/strong> Mon p\u00e8re<\/td>\n<\/tr>\n<tr>\n<td>\ud83c\udf1f<\/td>\n<td><strong>Personnes suivies :<\/strong> Artistes, cr\u00e9atifs engag\u00e9s<\/td>\n<\/tr>\n<tr>\n<td>\ud83d\udc5f<\/td>\n<td><strong>D\u00e9couvertes r\u00e9centes :<\/strong> V\u00eatements de sport \u00e9thiques et v\u00e9ganes<\/td>\n<\/tr>\n<\/table><\/figure>\n\n","protected":false},"excerpt":{"rendered":"","protected":false},"author":11,"featured_media":7127,"comment_status":"open","ping_status":"close","sticky":false,"template":"","format":"standard","meta":{"_seopress_robots_primary_cat":"","_seopress_titles_title":"","_seopress_titles_desc":"","_seopress_robots_index":"","footnotes":""},"categories":[1545],"tags":[],"class_list":["post-7128","post","type-post","status-publish","format-standard","has-post-thumbnail","hentry","category-neuchcup-fr","generate-columns","tablet-grid-50","mobile-grid-100","grid-parent","grid-33"],"_links":{"self":[{"href":"https:\/\/swisstinychalet.ch\/neuch\/wp-json\/wp\/v2\/posts\/7128","targetHints":{"allow":["GET"]}}],"collection":[{"href":"https:\/\/swisstinychalet.ch\/neuch\/wp-json\/wp\/v2\/posts"}],"about":[{"href":"https:\/\/swisstinychalet.ch\/neuch\/wp-json\/wp\/v2\/types\/post"}],"author":[{"embeddable":true,"href":"https:\/\/swisstinychalet.ch\/neuch\/wp-json\/wp\/v2\/users\/11"}],"replies":[{"embeddable":true,"href":"https:\/\/swisstinychalet.ch\/neuch\/wp-json\/wp\/v2\/comments?post=7128"}],"version-history":[{"count":0,"href":"https:\/\/swisstinychalet.ch\/neuch\/wp-json\/wp\/v2\/posts\/7128\/revisions"}],"wp:featuredmedia":[{"embeddable":true,"href":"https:\/\/swisstinychalet.ch\/neuch\/wp-json\/wp\/v2\/media\/7127"}],"wp:attachment":[{"href":"https:\/\/swisstinychalet.ch\/neuch\/wp-json\/wp\/v2\/media?parent=7128"}],"wp:term":[{"taxonomy":"category","embeddable":true,"href":"https:\/\/swisstinychalet.ch\/neuch\/wp-json\/wp\/v2\/categories?post=7128"},{"taxonomy":"post_tag","embeddable":true,"href":"https:\/\/swisstinychalet.ch\/neuch\/wp-json\/wp\/v2\/tags?post=7128"}],"curies":[{"name":"wp","href":"https:\/\/api.w.org\/{rel}","templated":true}]}}