{"id":7166,"date":"2025-08-12T14:37:20","date_gmt":"2025-08-12T09:07:20","guid":{"rendered":"https:\/\/swisstinychalet.ch\/neuch\/jour-international-du-zero-dechet-2025"},"modified":"2025-08-12T14:37:20","modified_gmt":"2025-08-12T09:07:20","slug":"jour-international-du-zero-dechet-2025","status":"publish","type":"post","link":"https:\/\/swisstinychalet.ch\/neuch\/jour-international-du-zero-dechet-2025","title":{"rendered":"jour international du z\u00e9ro d\u00e9chet 2025"},"content":{"rendered":"<h1 class=\"wp-block-heading\"><strong>Jour International du Z\u00e9ro D\u00e9chet 2025<\/strong><\/h1>\n\n<p>Le <strong>Jour International du Z\u00e9ro D\u00e9chet<\/strong>, c\u00e9l\u00e9br\u00e9 chaque ann\u00e9e le 30 mars, vise \u00e0 sensibiliser le public \u00e0 l&#8217;importance de r\u00e9duire les <strong>d\u00e9chets<\/strong> et \u00e0 promouvoir des pratiques durables dans notre quotidien. En 2025, cet \u00e9v\u00e9nement met l&#8217;accent sur des initiatives visant \u00e0 <strong>r\u00e9duire, r\u00e9utiliser<\/strong> et <strong>recycler<\/strong>, tout en encourageant les communaut\u00e9s \u00e0 adopter un mode de vie plus responsable. Les activit\u00e9s organis\u00e9es \u00e0 l&#8217;occasion de cette journ\u00e9e incluent des ateliers, des conf\u00e9rences et des nettoyages communautaires, visant \u00e0 inspirer chacun \u00e0 contribuer \u00e0 un avenir sans d\u00e9chets.<\/p>\n\n<figure class=\"is-provider-youtube is-type-video wp-block-embed wp-block-embed-youtube wp-embed-aspect-16-9 wp-has-aspect-ratio\"><div class=\"wp-block-embed__wrapper\">\n<iframe title=\"Webinaire : Lancement de l\u2019\u00e9valuation 2025 z\u00e9ro d\u00e9chet plastique\" width=\"1200\" height=\"675\" src=\"https:\/\/www.youtube-nocookie.com\/embed\/Rv1SrA4YZrQ?feature=oembed\" frameborder=\"0\" allow=\"accelerometer; autoplay; clipboard-write; encrypted-media; gyroscope; picture-in-picture; web-share\" referrerpolicy=\"strict-origin-when-cross-origin\" allowfullscreen><\/iframe>\n<\/div><\/figure>\n\n<p>Le <strong>jour international du z\u00e9ro d\u00e9chet<\/strong>, c\u00e9l\u00e9br\u00e9 chaque ann\u00e9e, est une opportunit\u00e9 pr\u00e9cieuse pour r\u00e9fl\u00e9chir \u00e0 notre impact sur l&#8217;environnement et encourager des pratiques plus durables. En 2025, cet \u00e9v\u00e9nement prendra une dimension encore plus importante alors que de plus en plus de communaut\u00e9s s&#8217;engagent \u00e0 r\u00e9duire leur production de d\u00e9chets. Que ce soit \u00e0 travers des initiatives locales ou des festivals, cette journ\u00e9e inspire chacun \u00e0 contribuer \u00e0 un avenir plus sain et responsable.<\/p>\n\n<h2 class=\"wp-block-heading\">les tendances \u00e9mergentes vers un mode de vie z\u00e9ro d\u00e9chet<\/h2>\n\n<p>Actuellement, l&#8217;id\u00e9e du <strong>z\u00e9ro d\u00e9chet<\/strong> ne se limite plus \u00e0 un simple concept. De plus en plus de personnes explorent des alternatives pratiques pour r\u00e9duire leur empreinte \u00e9cologique. Des festivals engag\u00e9s dans cette d\u00e9marche fleurissent partout, transformant des espaces publics en lieux de partage et d&#8217;apprentissage sur z\u00e9ro d\u00e9chet. Ces \u00e9v\u00e9nements soulignent l&#8217;importance de rassembler des individus souhaitant adopter un mode de vie plus respectueux de l&#8217;environnement. Pour en savoir plus sur ces festivals inspirants, d\u00e9couvrez cet article sur les <a href=\"https:\/\/swisstinychalet.ch\/neuch\/les-festivals-zero-dechet-une-tendance-a-suivre\">festivals z\u00e9ro d\u00e9chet<\/a>.<\/p>\n\n<h2 class=\"wp-block-heading\">devenir acteur du changement<\/h2>\n\n<p>Prendre part \u00e0 des actions concr\u00e8tes pour r\u00e9duire les d\u00e9chets peut sembler difficile, mais il existe de nombreuses petites \u00e9tapes que chacun peut suivre. En 2025, chaque geste comptera. Participer \u00e0 la cr\u00e9ation de vos propres produits, que ce soit pour votre foyer ou m\u00eame pour vos animaux, est une excellente fa\u00e7on de s\u2019engager. Apprenez-en plus sur la fabrication maison avec des astuces pratiques dans cet article sur le <a href=\"https:\/\/swisstinychalet.ch\/neuch\/diy-creer-ses-propres-produits-pour-animaux-zero-dechet\">DIY pour les animaux<\/a>.<\/p>\n\n<h2 class=\"wp-block-heading\">changer nos habitudes au quotidien<\/h2>\n\n<p>Les habitudes de consommation jouent un r\u00f4le fondamental dans la lutte contre les d\u00e9chets. En adoptant des choix plus \u00e9clair\u00e9s, il devient possible d&#8217;allier confort et respect de l\u2019environnement. En 2025, il sera essentiel d&#8217;int\u00e9grer des produits <strong>\u00e9cologiques<\/strong> et <strong>r\u00e9utilisables<\/strong> dans notre quotidien. Pour des conseils pratiques sur les indispensables \u00e9cologiques du quotidien, consultez cet article : <a href=\"https:\/\/swisstinychalet.ch\/neuch\/indispensables-ecologiques-reutilisables-pour-adopter-un-mode-de-vie-zero-dechet-en-2025\">indispensables \u00e9cologiques<\/a>.<\/p>\n\n<h2 class=\"wp-block-heading\">vers un avenir sans plastique<\/h2>\n\n<p>Les discussions sur la n\u00e9cessit\u00e9 d&#8217;un avenir sans plastique deviennent de plus en plus fr\u00e9quentes. En 2025, il est pr\u00e9vu que de nombreuses initiatives locales et nationales soient lanc\u00e9es pour r\u00e9duire l&#8217;utilisation des plastiques \u00e0 usage unique. Ces initiatives visent \u00e0 faire prendre conscience de notre consommation. Pour explorer des solutions tangibles, lisez cet article sur les <a href=\"https:\/\/swisstinychalet.ch\/neuch\/vers-un-avenir-sans-plastique-six-incontournables-pour-une-routine-zero-dechet\">initiatives sans plastique<\/a>.<\/p>\n\n<h2 class=\"wp-block-heading\">les coulisses des \u00e9v\u00e9nements z\u00e9ro d\u00e9chet<\/h2>\n\n<p>La planification et l&#8217;organisation d&#8217;\u00e9v\u00e9nements avec une approche z\u00e9ro d\u00e9chet n\u00e9cessitent une coordination minutieuse et une volont\u00e9 de repenser chaque aspect. Cela va au-del\u00e0 de la simple r\u00e9duction des d\u00e9chets. L&#8217;objectif est de transformer compl\u00e8tement notre mani\u00e8re d&#8217;envisager un \u00e9v\u00e9nement. Pour d\u00e9couvrir les secrets de cette organisation, explorez cet article sur <a href=\"https:\/\/swisstinychalet.ch\/neuch\/les-coulisses-dun-evenement-zero-dechet\">les coulisses des \u00e9v\u00e9nements z\u00e9ro d\u00e9chet<\/a>.<\/p>\n\n<h2 class=\"wp-block-heading\">Cr\u00e9ation d&#8217;\u00c9v\u00e9nements M\u00e9morables<\/h2>\n\n<figure class=\"wp-block-table\"><table>\n<tr>\n<td>\ud83c\udf89<\/td>\n<td><strong>\u00c9v\u00e9nements C\u00e9l\u00e9brations<\/strong><\/td>\n<\/tr>\n<tr>\n<td>\ud83d\udcc5<\/td>\n<td><strong>Planification sur Mesure<\/strong><\/td>\n<\/tr>\n<tr>\n<td>\ud83c\udfa4<\/td>\n<td><strong>Conf\u00e9rences et S\u00e9minaires<\/strong><\/td>\n<\/tr>\n<tr>\n<td>\ud83d\udc8d<\/td>\n<td><strong>Mariages Exceptionnels<\/strong><\/td>\n<\/tr>\n<tr>\n<td>\ud83c\udfe2<\/td>\n<td><strong>\u00c9v\u00e9nements Corporatifs<\/strong><\/td>\n<\/tr>\n<tr>\n<td>\u2728<\/td>\n<td><strong>Moments Inoubliables<\/strong><\/td>\n<\/tr>\n<\/table><\/figure>\n\n","protected":false},"excerpt":{"rendered":"","protected":false},"author":10,"featured_media":7165,"comment_status":"open","ping_status":"close","sticky":false,"template":"","format":"standard","meta":{"_seopress_robots_primary_cat":"","_seopress_titles_title":"","_seopress_titles_desc":"","_seopress_robots_index":"","footnotes":""},"categories":[1545],"tags":[],"class_list":["post-7166","post","type-post","status-publish","format-standard","has-post-thumbnail","hentry","category-neuchcup-fr","generate-columns","tablet-grid-50","mobile-grid-100","grid-parent","grid-33"],"_links":{"self":[{"href":"https:\/\/swisstinychalet.ch\/neuch\/wp-json\/wp\/v2\/posts\/7166","targetHints":{"allow":["GET"]}}],"collection":[{"href":"https:\/\/swisstinychalet.ch\/neuch\/wp-json\/wp\/v2\/posts"}],"about":[{"href":"https:\/\/swisstinychalet.ch\/neuch\/wp-json\/wp\/v2\/types\/post"}],"author":[{"embeddable":true,"href":"https:\/\/swisstinychalet.ch\/neuch\/wp-json\/wp\/v2\/users\/10"}],"replies":[{"embeddable":true,"href":"https:\/\/swisstinychalet.ch\/neuch\/wp-json\/wp\/v2\/comments?post=7166"}],"version-history":[{"count":0,"href":"https:\/\/swisstinychalet.ch\/neuch\/wp-json\/wp\/v2\/posts\/7166\/revisions"}],"wp:featuredmedia":[{"embeddable":true,"href":"https:\/\/swisstinychalet.ch\/neuch\/wp-json\/wp\/v2\/media\/7165"}],"wp:attachment":[{"href":"https:\/\/swisstinychalet.ch\/neuch\/wp-json\/wp\/v2\/media?parent=7166"}],"wp:term":[{"taxonomy":"category","embeddable":true,"href":"https:\/\/swisstinychalet.ch\/neuch\/wp-json\/wp\/v2\/categories?post=7166"},{"taxonomy":"post_tag","embeddable":true,"href":"https:\/\/swisstinychalet.ch\/neuch\/wp-json\/wp\/v2\/tags?post=7166"}],"curies":[{"name":"wp","href":"https:\/\/api.w.org\/{rel}","templated":true}]}}