{"id":7168,"date":"2025-08-13T13:20:25","date_gmt":"2025-08-13T07:50:25","guid":{"rendered":"https:\/\/swisstinychalet.ch\/neuch\/les-fondations-du-developpement-durable-et-du-mode-de-vie-zero-dechet"},"modified":"2025-08-13T13:20:25","modified_gmt":"2025-08-13T07:50:25","slug":"les-fondations-du-developpement-durable-et-du-mode-de-vie-zero-dechet","status":"publish","type":"post","link":"https:\/\/swisstinychalet.ch\/neuch\/les-fondations-du-developpement-durable-et-du-mode-de-vie-zero-dechet","title":{"rendered":"les fondations du d\u00e9veloppement durable et du mode de vie z\u00e9ro d\u00e9chet"},"content":{"rendered":"<p>Le <strong>d\u00e9veloppement durable<\/strong> repose sur l&#8217;\u00e9quilibre entre les besoins \u00e9conomiques, sociaux et environnementaux. Ses fondations incluent la <strong>pr\u00e9servation des ressources naturelles<\/strong>, la r\u00e9duction de l&#8217;empreinte \u00e9cologique et la promotion de l&#8217;\u00e9quit\u00e9 sociale. Dans ce cadre, le <strong>mode de vie z\u00e9ro d\u00e9chet<\/strong> vise \u00e0 minimiser les d\u00e9chets en adoptant des pratiques telles que la r\u00e9utilisation, le compostage et le recyclage. Ce mode de vie encourage une <strong>consommation responsable<\/strong> et une r\u00e9flexion sur l&#8217;impact de nos choix quotidiens. En int\u00e9grant ces principes, chacun peut contribuer \u00e0 un avenir plus <strong>durable<\/strong>.<\/p>\n\n<figure class=\"is-provider-youtube is-type-video wp-block-embed wp-block-embed-youtube wp-embed-aspect-16-9 wp-has-aspect-ratio\"><div class=\"wp-block-embed__wrapper\">\n<iframe title=\"#EP30 - D\u00e9couvrir Les Familles Z\u00e9ro D\u00e9chet\" width=\"1200\" height=\"675\" src=\"https:\/\/www.youtube-nocookie.com\/embed\/7AaYTGCO6X4?feature=oembed\" frameborder=\"0\" allow=\"accelerometer; autoplay; clipboard-write; encrypted-media; gyroscope; picture-in-picture; web-share\" referrerpolicy=\"strict-origin-when-cross-origin\" allowfullscreen><\/iframe>\n<\/div><\/figure>\n\n<p>La n\u00e9cessit\u00e9 d&#8217;adopter des pratiques <strong>durables<\/strong> s&#8217;impose de plus en plus dans notre quotidien. Face aux enjeux environnementaux actuels, le <strong>d\u00e9veloppement durable<\/strong> et le concept de <strong>z\u00e9ro d\u00e9chet<\/strong> \u00e9mergent comme des solutions essentielles. Ces approches visent \u00e0 r\u00e9duire notre impact sur la plan\u00e8te tout en pr\u00e9servant ses ressources pour les g\u00e9n\u00e9rations futures. Cet article se penche sur les principes fondamentaux qui sous-tendent ces mouvements et invite \u00e0 r\u00e9fl\u00e9chir sur la mani\u00e8re dont chacun peut contribuer \u00e0 un avenir plus responsable.<\/p>\n\n<h2 class=\"wp-block-heading\">Les principes du d\u00e9veloppement durable<\/h2>\n\n<p>Le <strong>d\u00e9veloppement durable<\/strong> repose sur trois piliers : l&#8217;\u00e9conomie, le social et l&#8217;environnement. Ce trio est indissociable et doit \u00eatre \u00e9quilibr\u00e9 pour assurer la p\u00e9rennit\u00e9 de nos ressources. Les entreprises, par exemple, jouent un r\u00f4le central en int\u00e9grant des <strong>pratiques \u00e9coresponsables<\/strong> dans leur mod\u00e8le \u00e9conomique. En favorisant les <strong>\u00e9nergies renouvelables<\/strong> et en repensant leur cha\u00eene d&#8217;approvisionnement, elles peuvent minimiser leur empreinte \u00e9cologique.<\/p>\n\n<h2 class=\"wp-block-heading\">Pourquoi opter pour un mode de vie z\u00e9ro d\u00e9chet ?<\/h2>\n\n<p>Adopter un mode de vie <strong>z\u00e9ro d\u00e9chet<\/strong> repr\u00e9sente une d\u00e9marche engag\u00e9e vers une consommation plus saine. Cela implique de r\u00e9duire, r\u00e9utiliser et recycler autant que possible. De nombreux individus et communaut\u00e9s adoptent des alternatives aux produits jetables, favorisant ainsi des habitudes de consommation plus r\u00e9fl\u00e9chies. En d&#8217;autres termes, il s&#8217;agit d&#8217;apprendre \u00e0 vivre avec moins, tout en valorisant ce qui peut \u00eatre utilis\u00e9 plusieurs fois. Vous pouvez explorer comment des <a href=\"https:\/\/swisstinychalet.ch\/neuch\/celebration-de-la-journee-internationale-du-zero-dechet-en-2025\">initiatives locales<\/a> font la promotion de cette philosophie.<\/p>\n\n<h2 class=\"wp-block-heading\">La biodiversit\u00e9 : un atout indispensable<\/h2>\n\n<p>La biodiversit\u00e9 est un \u00e9l\u00e9ment cl\u00e9 du <strong>d\u00e9veloppement durable<\/strong>. En pr\u00e9servant les \u00e9cosyst\u00e8mes, nous garantissons non seulement la sant\u00e9 de notre plan\u00e8te mais aussi le bien-\u00eatre des g\u00e9n\u00e9rations futures. Une meilleure <strong>biodiversit\u00e9<\/strong> permet de maintenir l&#8217;\u00e9quilibre naturel et d&#8217;assurer des services ecosyst\u00e9miques, comme la pollinisation et la purification de l&#8217;eau. Pour approfondir ce sujet, des ressources sont disponibles sur l&#8217;<a href=\"https:\/\/swisstinychalet.ch\/neuch\/developpement-durable-limportance-de-la-biodiversite\">importance de la biodiversit\u00e9<\/a>.<\/p>\n\n<h2 class=\"wp-block-heading\">L&#8217;importance des \u00e9nergies renouvelables<\/h2>\n\n<p>Les <strong>\u00e9nergies renouvelables<\/strong> sont devenues un pilier fondamental du d\u00e9veloppement durable. Leur utilisation aide \u00e0 lutter contre le changement climatique en r\u00e9duisant les \u00e9missions de gaz \u00e0 effet de serre. De plus, ces sources d&#8217;\u00e9nergie sont indispensables pour remplacer les combustibles fossiles et assurer une consommation \u00e9nerg\u00e9tique responsable. Il est donc essentiel de promouvoir des <a href=\"https:\/\/swisstinychalet.ch\/neuch\/developpement-durable-et-energies-renouvelables-une-alliance-necessaire\">alliances durables dans ce domaine<\/a>.<\/p>\n\n<h2 class=\"wp-block-heading\">Conclusion sans conclusion<\/h2>\n\n<p>\u00c0 travers ces diff\u00e9rentes dimensions, l\u2019engagement vers une soci\u00e9t\u00e9 plus durable et un mode de vie <strong>z\u00e9ro d\u00e9chet<\/strong> s&#8217;av\u00e8re non seulement responsable, mais aussi n\u00e9cessaire. Il suffit parfois de petits gestes pour initier de grands changements. Que ce soit par l&#8217;adoption de <a href=\"https:\/\/swisstinychalet.ch\/neuch\/adopter-des-toilettes-seches-un-pas-vers-un-mode-de-vie-durable\">toilettes s\u00e8ches<\/a> ou par l&#8217;implication des <a href=\"https:\/\/swisstinychalet.ch\/neuch\/des-jeunes-chefs-en-herbe-sengagent-pour-une-cuisine-durable\">jeunes chefs<\/a> dans des pratiques alimentaires durables, chacun a un r\u00f4le \u00e0 jouer dans cette transition.<\/p>\n\n<h2 class=\"wp-block-heading\">Tableau Synth\u00e9tique sur le D\u00e9veloppement Durable<\/h2>\n\n<figure class=\"wp-block-table\"><table>\n<tr>\n<td>\ud83c\udf0d<\/td>\n<td><strong>Sustainability<\/strong> &#8211; Importance des pratiques \u00e9cologiques dans les entreprises.<\/td>\n<\/tr>\n<tr>\n<td>\u267b\ufe0f<\/td>\n<td><strong>\u00c9conomie Circulaire<\/strong> &#8211; Cadre des 5R et ses piliers.<\/td>\n<\/tr>\n<tr>\n<td>\ud83c\udf31<\/td>\n<td><strong>Pratiques Vertes<\/strong> &#8211; Int\u00e9gration des m\u00e9thodes organiques durables.<\/td>\n<\/tr>\n<tr>\n<td>\ud83c\udf3f<\/td>\n<td><strong>Strat\u00e9gies \u00c9coresponsables<\/strong> &#8211; Approches pour r\u00e9duire les d\u00e9chets.<\/td>\n<\/tr>\n<tr>\n<td>\ud83d\udca1<\/td>\n<td><strong>Innovation<\/strong> &#8211; Solutions cr\u00e9atives pour un avenir durable.<\/td>\n<\/tr>\n<tr>\n<td>\ud83d\ude4c<\/td>\n<td><strong>Collaboration<\/strong> &#8211; Travailler ensemble vers un objectif commun.<\/td>\n<\/tr>\n<\/table><\/figure>\n\n","protected":false},"excerpt":{"rendered":"","protected":false},"author":8,"featured_media":7167,"comment_status":"open","ping_status":"close","sticky":false,"template":"","format":"standard","meta":{"_seopress_robots_primary_cat":"","_seopress_titles_title":"","_seopress_titles_desc":"","_seopress_robots_index":"","footnotes":""},"categories":[1545],"tags":[],"class_list":["post-7168","post","type-post","status-publish","format-standard","has-post-thumbnail","hentry","category-neuchcup-fr","generate-columns","tablet-grid-50","mobile-grid-100","grid-parent","grid-33"],"_links":{"self":[{"href":"https:\/\/swisstinychalet.ch\/neuch\/wp-json\/wp\/v2\/posts\/7168","targetHints":{"allow":["GET"]}}],"collection":[{"href":"https:\/\/swisstinychalet.ch\/neuch\/wp-json\/wp\/v2\/posts"}],"about":[{"href":"https:\/\/swisstinychalet.ch\/neuch\/wp-json\/wp\/v2\/types\/post"}],"author":[{"embeddable":true,"href":"https:\/\/swisstinychalet.ch\/neuch\/wp-json\/wp\/v2\/users\/8"}],"replies":[{"embeddable":true,"href":"https:\/\/swisstinychalet.ch\/neuch\/wp-json\/wp\/v2\/comments?post=7168"}],"version-history":[{"count":0,"href":"https:\/\/swisstinychalet.ch\/neuch\/wp-json\/wp\/v2\/posts\/7168\/revisions"}],"wp:featuredmedia":[{"embeddable":true,"href":"https:\/\/swisstinychalet.ch\/neuch\/wp-json\/wp\/v2\/media\/7167"}],"wp:attachment":[{"href":"https:\/\/swisstinychalet.ch\/neuch\/wp-json\/wp\/v2\/media?parent=7168"}],"wp:term":[{"taxonomy":"category","embeddable":true,"href":"https:\/\/swisstinychalet.ch\/neuch\/wp-json\/wp\/v2\/categories?post=7168"},{"taxonomy":"post_tag","embeddable":true,"href":"https:\/\/swisstinychalet.ch\/neuch\/wp-json\/wp\/v2\/tags?post=7168"}],"curies":[{"name":"wp","href":"https:\/\/api.w.org\/{rel}","templated":true}]}}