{"id":7170,"date":"2025-08-13T17:42:46","date_gmt":"2025-08-13T12:12:46","guid":{"rendered":"https:\/\/swisstinychalet.ch\/neuch\/les-fermes-lufa-des-paniers-ecologiques-sur-mesure-pour-contribuer-a-une-agriculture-durable"},"modified":"2025-08-13T17:42:46","modified_gmt":"2025-08-13T12:12:46","slug":"les-fermes-lufa-des-paniers-ecologiques-sur-mesure-pour-contribuer-a-une-agriculture-durable","status":"publish","type":"post","link":"https:\/\/swisstinychalet.ch\/neuch\/les-fermes-lufa-des-paniers-ecologiques-sur-mesure-pour-contribuer-a-une-agriculture-durable","title":{"rendered":"Les fermes Lufa : des paniers \u00e9cologiques sur mesure pour contribuer \u00e0 une agriculture durable"},"content":{"rendered":"<p><strong>Les Fermes Lufa<\/strong> sont une entreprise montr\u00e9alaise qui se consacre \u00e0 l&#8217;agriculture durable en offrant des <strong>paniers \u00e9cologiques<\/strong> personnalis\u00e9s. Chaque semaine, ils livrent jusqu&#8217;\u00e0 30 000 paniers remplis de <strong>produits locaux<\/strong>, incluant des <strong>fruits<\/strong>, <strong>l\u00e9gumes<\/strong>, et d&#8217;autres produits frais, cultiv\u00e9s sur des toits de la ville et en collaboration avec des <strong>partenaires mara\u00eechers<\/strong>. Gr\u00e2ce \u00e0 leur concept novateur, il est possible de choisir des produits selon les <strong>disponibilit\u00e9s saisonni\u00e8res<\/strong>, assurant ainsi une excellente <strong>fra\u00eecheur<\/strong> et un <strong>respect de l&#8217;environnement<\/strong>. Les clients peuvent recevoir leur commande directement \u00e0 domicile ou dans des <strong>points de cueillette<\/strong> \u00e0 travers le Qu\u00e9bec et Ottawa, facilitant l&#8217;acc\u00e8s \u00e0 une alimentation plus <strong>durable<\/strong> et <strong>\u00e9cologique<\/strong>.<\/p>\n\n\n\n<h2 class=\"wp-block-heading\">Une approche innovante pour une alimentation durable<\/h2>\n\n<p>La qu\u00eate d&#8217;une <strong>agriculture durable<\/strong> prend une place de plus en plus centrale dans nos pr\u00e9occupations quotidiennes. Beaucoup de personnes souhaitent balayer les coutumes de consommation traditionnelles pour embrasser des choix plus responsables et respectueux de notre <strong>environnement<\/strong>. Une fa\u00e7on accessible de d\u00e9buter ce changement se trouve dans notre assiette.<\/p>\n\n<h2 class=\"wp-block-heading\">Les fermes Lufa : leader en agriculture urbaine<\/h2>\n\n<p>Les <strong>Fermes Lufa<\/strong>, bas\u00e9es \u00e0 Montr\u00e9al, d\u00e9montrent qu&#8217;il est possible d&#8217;agir localement tout en s&#8217;engageant pour la plan\u00e8te. Chaque semaine, l&#8217;entreprise livre pas moins de 30 000 <strong>paniers locaux<\/strong> \u00e0 ses abonn\u00e9s. En innovant avec l&#8217;agriculture urbaine, Lufa cultive des <strong>l\u00e9gumes<\/strong> et <strong>herbes<\/strong> directement sur des toits transform\u00e9s et s&#8217;approvisionne \u00e9galement aupr\u00e8s de partenaires mara\u00eechers. Pr\u00e8s de 2000 produits sont disponibles sur leur \u00e9picerie en ligne, permettant \u00e0 chacun de composer son panier sur mesure.<\/p>\n\n<h2 class=\"wp-block-heading\">Des produits frais et de saison \u00e0 port\u00e9e de main<\/h2>\n\n<p>Le mod\u00e8le propos\u00e9 par Lufa s&#8217;articule autour de la <strong>personnalisation<\/strong>. \u00c0 chaque commande, il est possible de choisir parmi une large gamme de fruits, l\u00e9gumes, viandes, et autres produits, tous fra\u00eechement r\u00e9colt\u00e9s le matin m\u00eame de leur livraison. Pour les amateurs de go\u00fbt authentique et de qualit\u00e9, il est difficile de trouver mieux.<\/p>\n\n<h2 class=\"wp-block-heading\">Livraison flexible pour tous<\/h2>\n\n<p>Pour faciliter l&#8217;acc\u00e8s \u00e0 leurs produits, Lufa offre plusieurs options de livraison. Chaque client peut opter pour une livraison directe \u00e0 domicile ou se rendre dans l&#8217;un des nombreux points de cueillette situ\u00e9s \u00e0 travers le Qu\u00e9bec et \u00e0 Ottawa. Cela rend la d\u00e9marche encore plus simple pour quiconque d\u00e9sire se nourrir de fa\u00e7on plus saine.<\/p>\n\n<h2 class=\"wp-block-heading\">Un bon plan pour un virage vert<\/h2>\n\n<p>Pour ceux qui envisagent de faire le saut vers des choix alimentaires plus \u00e9coresponsables, 2025 pourrait bien \u00eatre l&#8217;ann\u00e9e d\u00e9cisive. Gr\u00e2ce \u00e0 l&#8217;inventaire vari\u00e9 des <strong>Fermes Lufa<\/strong>, vos repas estivaux se transformeront en une palette color\u00e9e, savoureuse, et respectueuse de notre terre. En prime, une offre engageante vous attend avec un rabais de 30 % sur vos trois premi\u00e8res commandes.<\/p>\n\n<h2 class=\"wp-block-heading\">Un pas vers un mode de vie \u00e9coresponsable<\/h2>\n\n<p>En s&#8217;inscrivant aux services de Lufa, on ne se contente pas de remplir son frigo ; on choisit \u00e9galement de faire un geste pour l&#8217;environnement. Pour explorer davantage les implications de nos choix de consommation sur l&#8217;\u00e9cologie, il est int\u00e9ressant de consulter des ressources compl\u00e9mentaires, telles que <a href=\"https:\/\/swisstinychalet.ch\/neuch\/limpact-de-nos-choix-de-consommation-sur-lecologie\">cet article<\/a> sur l&#8217;impact de nos d\u00e9cisions de consommation.<\/p>\n\n<h2 class=\"wp-block-heading\">Innover pour une alimentation durable<\/h2>\n\n<figure class=\"wp-block-table\"><table>\n<tr>\n<td>\ud83c\udf0d<\/td>\n<td><strong>Jour de la Terre :<\/strong> Un appel \u00e0 agir pour un monde plus vert.<\/td>\n<\/tr>\n<tr>\n<td>\ud83e\udd55<\/td>\n<td><strong>Manger local :<\/strong> Opter pour des produits biologiques selon les saisons.<\/td>\n<\/tr>\n<tr>\n<td>\ud83d\udce6<\/td>\n<td><strong>Fermes Lufa :<\/strong> 30 000 paniers de produits locaux livr\u00e9s chaque semaine \u00e0 leurs abonn\u00e9s.<\/td>\n<\/tr>\n<tr>\n<td>\ud83c\udf31<\/td>\n<td><strong>Produits frais :<\/strong> Herbes et l\u00e9gumes cultiv\u00e9s sur les toits de Montr\u00e9al.<\/td>\n<\/tr>\n<tr>\n<td>\ud83e\udd5a<\/td>\n<td><strong>Choix personnalis\u00e9 :<\/strong> S\u00e9lection de fruits, l\u00e9gumes, viandes et produits m\u00e9nagers.<\/td>\n<\/tr>\n<tr>\n<td>\ud83d\ude9a<\/td>\n<td><strong>Livraison flexible :<\/strong> Livraison \u00e0 domicile ou points de cueillette au Qu\u00e9bec et Ottawa.<\/td>\n<\/tr>\n<tr>\n<td>\ud83c\udf08<\/td>\n<td><strong>Repas color\u00e9s :<\/strong> Des repas estivaux savoureux et \u00e9cologiques.<\/td>\n<\/tr>\n<tr>\n<td>\ud83d\udcb0<\/td>\n<td><strong>Rabais :<\/strong> 30% de r\u00e9duction sur vos 3 premi\u00e8res commandes avec le code 3X30LOCAL.<\/td>\n<\/tr>\n<\/table><\/figure>\n\n","protected":false},"excerpt":{"rendered":"","protected":false},"author":12,"featured_media":7169,"comment_status":"open","ping_status":"close","sticky":false,"template":"","format":"standard","meta":{"_seopress_robots_primary_cat":"","_seopress_titles_title":"","_seopress_titles_desc":"","_seopress_robots_index":"","footnotes":""},"categories":[1545],"tags":[],"class_list":["post-7170","post","type-post","status-publish","format-standard","has-post-thumbnail","hentry","category-neuchcup-fr","generate-columns","tablet-grid-50","mobile-grid-100","grid-parent","grid-33"],"_links":{"self":[{"href":"https:\/\/swisstinychalet.ch\/neuch\/wp-json\/wp\/v2\/posts\/7170","targetHints":{"allow":["GET"]}}],"collection":[{"href":"https:\/\/swisstinychalet.ch\/neuch\/wp-json\/wp\/v2\/posts"}],"about":[{"href":"https:\/\/swisstinychalet.ch\/neuch\/wp-json\/wp\/v2\/types\/post"}],"author":[{"embeddable":true,"href":"https:\/\/swisstinychalet.ch\/neuch\/wp-json\/wp\/v2\/users\/12"}],"replies":[{"embeddable":true,"href":"https:\/\/swisstinychalet.ch\/neuch\/wp-json\/wp\/v2\/comments?post=7170"}],"version-history":[{"count":0,"href":"https:\/\/swisstinychalet.ch\/neuch\/wp-json\/wp\/v2\/posts\/7170\/revisions"}],"wp:featuredmedia":[{"embeddable":true,"href":"https:\/\/swisstinychalet.ch\/neuch\/wp-json\/wp\/v2\/media\/7169"}],"wp:attachment":[{"href":"https:\/\/swisstinychalet.ch\/neuch\/wp-json\/wp\/v2\/media?parent=7170"}],"wp:term":[{"taxonomy":"category","embeddable":true,"href":"https:\/\/swisstinychalet.ch\/neuch\/wp-json\/wp\/v2\/categories?post=7170"},{"taxonomy":"post_tag","embeddable":true,"href":"https:\/\/swisstinychalet.ch\/neuch\/wp-json\/wp\/v2\/tags?post=7170"}],"curies":[{"name":"wp","href":"https:\/\/api.w.org\/{rel}","templated":true}]}}